{"id":2460,"date":"2024-07-15T10:33:19","date_gmt":"2024-07-15T10:33:19","guid":{"rendered":"http:\/\/sites.senat.ro\/?p=2460"},"modified":"2024-07-15T10:33:19","modified_gmt":"2024-07-15T10:33:19","slug":"vizita-oficiala-in-romania-a-delegatiei-grupului-parlamentar-de-prietenie-cu-romania-si-bulgaria-din-parlamentul-republicii-austria-6-9-noiembrie-2023","status":"publish","type":"post","link":"https:\/\/sites.senat.ro\/?p=2460","title":{"rendered":"Vizita oficial\u0103 \u00een Rom\u00e2nia a delega\u021biei Grupului parlamentar de prietenie cu Rom\u00e2nia \u015fi Bulgaria din Parlamentul Republicii Austria (6-9 noiembrie 2023)"},"content":{"rendered":"<p><img loading=\"lazy\" decoding=\"async\" class=\" wp-image-2462 alignleft\" src=\"https:\/\/sites.senat.ro\/wp-content\/uploads\/sites\/2\/2024\/05\/austria.gif\" alt=\"\" width=\"135\" height=\"89\">Din delega\u021bia condus\u0103 de Harald Troch, pre\u0219edintele Grupului, au f\u0103cut parte deputa\u021bii Stephanie Krisper, Nico Marchetti, Philipp Schrangl \u0219i Georg B\u00fcrtstmayr, membri ai Grupului.&nbsp; &nbsp; &nbsp; &nbsp; &nbsp;<\/p>\n<p>Oaspe\u021bii au fost primi\u021bi de Nicolae-Ionel Ciuc\u0103, pre\u0219edintele Senatului, \u0219i Gabriel-Valer Zetea, chestor al Biroului Permanent al Camerei Deputa\u021bilor. Delega\u021bia a avut convorbiri cu: deputa\u021bii Roz\u00e1lia-Ibolya Bir\u00f3, pre\u0219edinta Comisiei pentru politic\u0103 extern\u0103 a Camerei Deputa\u021bilor, \u0219i \u0218tefan Mu\u0219oiu, pre\u0219edintele Comisiei pentru afaceri europene a Camerei Deputa\u021bilor, la care au participat membri ai celor dou\u0103 comisii; deputatul Mikl\u00f3s Zolt\u00e1n, pre\u0219edintele Grupului de prietenie cu Republica Austria din Parlamentul Rom\u00e2niei, \u0219i membri ai Grupului; senatorul Vasile D\u00eencu, pre\u0219edintele Comisiei pentru afaceri europene a Senatului; senatorul Titus Corl\u0103\u021bean, pre\u0219edintele Comisiei pentru politic\u0103 extern\u0103 a Senatului.<\/p>\n<p><img loading=\"lazy\" decoding=\"async\" class=\"alignnone size-medium wp-image-2466 aligncenter\" src=\"https:\/\/sites.senat.ro\/wp-content\/uploads\/sites\/2\/2024\/05\/Foto_Austria2-300x157.jpg\" alt=\"\" width=\"300\" height=\"157\" srcset=\"https:\/\/sites.senat.ro\/wp-content\/uploads\/2024\/05\/Foto_Austria2-300x157.jpg 300w, https:\/\/sites.senat.ro\/wp-content\/uploads\/2024\/05\/Foto_Austria2-768x402.jpg 768w, https:\/\/sites.senat.ro\/wp-content\/uploads\/2024\/05\/Foto_Austria2-1024x537.jpg 1024w, https:\/\/sites.senat.ro\/wp-content\/uploads\/2024\/05\/Foto_Austria2-732x384.jpg 732w, https:\/\/sites.senat.ro\/wp-content\/uploads\/2024\/05\/Foto_Austria2-1140x597.jpg 1140w, https:\/\/sites.senat.ro\/wp-content\/uploads\/2024\/05\/Foto_Austria2.jpg 2048w\" sizes=\"auto, (max-width: 300px) 100vw, 300px\" \/>&nbsp;<img loading=\"lazy\" decoding=\"async\" class=\"alignnone size-medium wp-image-2467 aligncenter\" src=\"https:\/\/sites.senat.ro\/wp-content\/uploads\/sites\/2\/2024\/05\/Foto_Austria1-1-300x157.jpg\" alt=\"\" width=\"300\" height=\"157\" srcset=\"https:\/\/sites.senat.ro\/wp-content\/uploads\/2024\/05\/Foto_Austria1-1-300x157.jpg 300w, https:\/\/sites.senat.ro\/wp-content\/uploads\/2024\/05\/Foto_Austria1-1-768x402.jpg 768w, https:\/\/sites.senat.ro\/wp-content\/uploads\/2024\/05\/Foto_Austria1-1-1024x537.jpg 1024w, https:\/\/sites.senat.ro\/wp-content\/uploads\/2024\/05\/Foto_Austria1-1-732x384.jpg 732w, https:\/\/sites.senat.ro\/wp-content\/uploads\/2024\/05\/Foto_Austria1-1-1140x597.jpg 1140w, https:\/\/sites.senat.ro\/wp-content\/uploads\/2024\/05\/Foto_Austria1-1.jpg 2048w\" sizes=\"auto, (max-width: 300px) 100vw, 300px\" \/><\/p>\n<p>Agenda de discu\u021bii a inclus teme prioritare ale cooper\u0103rii bilaterale Rom\u00e2nia &#8211; Republica Austria, cu accent pe aderarea Rom\u00e2niei la spa\u021biul Schengen.&nbsp; &nbsp; &nbsp; &nbsp; &nbsp;<\/p>\n<p>Partea rom\u00e2n\u0103 a eviden\u021biat \u00eendelungata rela\u021bie de prietenie dintre cele dou\u0103 \u021b\u0103ri, care are ca fundament istoria comun\u0103, parteneriatul din cadrul Uniunii Europene \u0219i str\u00e2nsa cooperare economic\u0103. \u00cen context, a fost men\u021bionat\u0103 comunitatea rom\u00e2neasc\u0103 din Austria, a doua cea mai mare comunitate de cet\u0103\u021beni str\u0103ini, care este foarte bine integrat\u0103 \u00een societatea austriac\u0103 \u0219i contribuie activ la dezvoltarea \u021b\u0103rii.<\/p>\n<p>Parlamentarii rom\u00e2ni s-au pronun\u021bat pentru promovarea unei agende pozitive a dialogului bilateral, \u00een m\u0103sur\u0103 s\u0103 identifice solu\u021bii pentru renun\u021barea, de c\u0103tre Republica Austria, la blocarea incorect\u0103 a ader\u0103rii Rom\u00e2niei la spa\u021biul Schengen. Au fost prezentate eforturile consistente depuse \u00een mod constant de Rom\u00e2nia pentru \u00eendeplinirea criteriilor de aderare la spa\u021biul Schengen \u0219i consolidarea arhitecturii de securitate a Uniunii Europene, \u00eentr-un context geopolitic dificil, marcat de instabilitate \u00een Bazinul Marii Negre \u0219i \u00een Orientul Mijlociu.&nbsp; A fost subliniat\u0103, contribu\u021bia Rom\u00e2niei la prevenirea fluxurilor migratorii ilegale \u0219i rezultatele ob\u021binute pe linia protec\u021biei frontierelor externe ale Uniunii Europene.<\/p>\n<p>Oaspe\u021bii au apreciat rolul important pe care \u00eel joac\u0103 Rom\u00e2nia \u00een politica extern\u0103 a Uniunii Europene, confirmat de sprijinul acordat Ucrainei \u00een contextul r\u0103zboiului declan\u0219at de Federa\u021bia Rus\u0103, \u0219i au mul\u021bumit pentru contribu\u021bia semnificativ\u0103 a comunit\u0103\u021bii rom\u00e2ne\u0219ti la dezvoltarea culturii \u0219i societ\u0103\u021bii \u00een Austria. Referitor la problematica Schengen, delega\u021bia austriac\u0103 a apreciat c\u0103 este necesar\u0103 o analiz\u0103 extrem de am\u0103nun\u021bit\u0103 a func\u021bionalit\u0103\u021bii spa\u021biului Schengen, dat fiind c\u0103 acesta nu \u00ee\u0219i \u00eendepline\u0219te rolul proiectat ini\u021bial, \u0219i au dat asigur\u0103ri c\u0103 discu\u021biile purtate cu interlocutorii rom\u00e2ni vor fi transmise ministerului de interne austriac.<\/p>\n","protected":false},"excerpt":{"rendered":"<p>Din delega\u021bia condus\u0103 de Harald Troch, pre\u0219edintele Grupului, au f\u0103cut parte deputa\u021bii Stephanie Krisper, Nico Marchetti, Philipp Schrangl \u0219i Georg B\u00fcrtstmayr, membri ai Grupului.&nbsp; &nbsp; &nbsp; &nbsp; &nbsp; Oaspe\u021bii au fost primi\u021bi de Nicolae-Ionel Ciuc\u0103, pre\u0219edintele Senatului, \u0219i Gabriel-Valer Zetea, chestor al Biroului Permanent al Camerei Deputa\u021bilor. Delega\u021bia a avut convorbiri cu: deputa\u021bii Roz\u00e1lia-Ibolya Bir\u00f3, [&hellip;]<\/p>\n","protected":false},"author":2,"featured_media":0,"comment_status":"closed","ping_status":"open","sticky":false,"template":"","format":"standard","meta":{"ngg_post_thumbnail":0,"footnotes":""},"categories":[1,7],"tags":[],"class_list":["post-2460","post","type-post","status-publish","format-standard","hentry","category-prietenie","category-viziteoficiale"],"_links":{"self":[{"href":"https:\/\/sites.senat.ro\/index.php?rest_route=\/wp\/v2\/posts\/2460","targetHints":{"allow":["GET"]}}],"collection":[{"href":"https:\/\/sites.senat.ro\/index.php?rest_route=\/wp\/v2\/posts"}],"about":[{"href":"https:\/\/sites.senat.ro\/index.php?rest_route=\/wp\/v2\/types\/post"}],"author":[{"embeddable":true,"href":"https:\/\/sites.senat.ro\/index.php?rest_route=\/wp\/v2\/users\/2"}],"replies":[{"embeddable":true,"href":"https:\/\/sites.senat.ro\/index.php?rest_route=%2Fwp%2Fv2%2Fcomments&post=2460"}],"version-history":[{"count":0,"href":"https:\/\/sites.senat.ro\/index.php?rest_route=\/wp\/v2\/posts\/2460\/revisions"}],"wp:attachment":[{"href":"https:\/\/sites.senat.ro\/index.php?rest_route=%2Fwp%2Fv2%2Fmedia&parent=2460"}],"wp:term":[{"taxonomy":"category","embeddable":true,"href":"https:\/\/sites.senat.ro\/index.php?rest_route=%2Fwp%2Fv2%2Fcategories&post=2460"},{"taxonomy":"post_tag","embeddable":true,"href":"https:\/\/sites.senat.ro\/index.php?rest_route=%2Fwp%2Fv2%2Ftags&post=2460"}],"curies":[{"name":"wp","href":"https:\/\/api.w.org\/{rel}","templated":true}]}}