{"id":2456,"date":"2024-07-15T10:37:01","date_gmt":"2024-07-15T10:37:01","guid":{"rendered":"http:\/\/sites.senat.ro\/?p=2456"},"modified":"2024-07-15T11:09:14","modified_gmt":"2024-07-15T11:09:14","slug":"conferinta-mondiala-de-radiocomunicatii-wrc-23-dubai-29-noiembrie-2-decembrie-2023","status":"publish","type":"post","link":"https:\/\/sites.senat.ro\/?p=2456","title":{"rendered":"Conferin\u021ba Mondial\u0103 de Radiocomunica\u021bii &#8211; WRC 23 (Dubai, 29 noiembrie &#8211; 2 decembrie 2023)"},"content":{"rendered":"<p><img loading=\"lazy\" decoding=\"async\" class=\"size-medium wp-image-2457 alignleft\" src=\"https:\/\/sites.senat.ro\/wp-content\/uploads\/sites\/2\/2024\/05\/WRC_Dubai-300x100.jpg\" alt=\"\" width=\"300\" height=\"100\" srcset=\"https:\/\/sites.senat.ro\/wp-content\/uploads\/2024\/05\/WRC_Dubai-300x100.jpg 300w, https:\/\/sites.senat.ro\/wp-content\/uploads\/2024\/05\/WRC_Dubai.jpg 385w\" sizes=\"auto, (max-width: 300px) 100vw, 300px\" \/>La acest eveniment, care a fost organizat sub egida Uniunii Interna\u021bionale a Telecomunica\u021biilor, cu sprijinul Autorit\u0103\u021bii de reglementare din Emiratele Arabe Unite, a participat senatorul Marius Humelnicu, membru al Comisiei pentru comunica\u021bii, tehnologia informa\u021biei \u0219i inteligen\u021b\u0103 artificial\u0103, secretar al Biroului Permanent al Senatului.<\/p>\n<p>Pe ordinea de zi au figurat teme de interes global din domeniul radiocomunica\u021biilor, cu implica\u021bii asupra s\u0103n\u0103t\u0103\u021bii, mediului, educa\u021biei, sectoarelor industrial \u0219i al transporturilor \u0219.a.<\/p>\n<p><em>Actele Finale<\/em> ale conferin\u021bei actualizeaz\u0103 Regulamentul Radio, un document-cheie care stabile\u0219te principiile, procedurile \u0219i condi\u021biile pentru utilizarea spectrului radio. Regulamentul este actualizat \u0219i revizuit constant pentru a corespunde noilor tehnologii \u0219i nevoilor emergente \u00een domeniul comunica\u021biilor.<\/p>\n","protected":false},"excerpt":{"rendered":"<p>La acest eveniment, care a fost organizat sub egida Uniunii Interna\u021bionale a Telecomunica\u021biilor, cu sprijinul Autorit\u0103\u021bii de reglementare din Emiratele Arabe Unite, a participat senatorul Marius Humelnicu, membru al Comisiei pentru comunica\u021bii, tehnologia informa\u021biei \u0219i inteligen\u021b\u0103 artificial\u0103, secretar al Biroului Permanent al Senatului. Pe ordinea de zi au figurat teme de interes global din domeniul [&hellip;]<\/p>\n","protected":false},"author":2,"featured_media":0,"comment_status":"closed","ping_status":"open","sticky":false,"template":"","format":"standard","meta":{"ngg_post_thumbnail":0,"footnotes":""},"categories":[4],"tags":[],"class_list":["post-2456","post","type-post","status-publish","format-standard","hentry","category-onu"],"_links":{"self":[{"href":"https:\/\/sites.senat.ro\/index.php?rest_route=\/wp\/v2\/posts\/2456","targetHints":{"allow":["GET"]}}],"collection":[{"href":"https:\/\/sites.senat.ro\/index.php?rest_route=\/wp\/v2\/posts"}],"about":[{"href":"https:\/\/sites.senat.ro\/index.php?rest_route=\/wp\/v2\/types\/post"}],"author":[{"embeddable":true,"href":"https:\/\/sites.senat.ro\/index.php?rest_route=\/wp\/v2\/users\/2"}],"replies":[{"embeddable":true,"href":"https:\/\/sites.senat.ro\/index.php?rest_route=%2Fwp%2Fv2%2Fcomments&post=2456"}],"version-history":[{"count":0,"href":"https:\/\/sites.senat.ro\/index.php?rest_route=\/wp\/v2\/posts\/2456\/revisions"}],"wp:attachment":[{"href":"https:\/\/sites.senat.ro\/index.php?rest_route=%2Fwp%2Fv2%2Fmedia&parent=2456"}],"wp:term":[{"taxonomy":"category","embeddable":true,"href":"https:\/\/sites.senat.ro\/index.php?rest_route=%2Fwp%2Fv2%2Fcategories&post=2456"},{"taxonomy":"post_tag","embeddable":true,"href":"https:\/\/sites.senat.ro\/index.php?rest_route=%2Fwp%2Fv2%2Ftags&post=2456"}],"curies":[{"name":"wp","href":"https:\/\/api.w.org\/{rel}","templated":true}]}}