{"id":2454,"date":"2024-07-15T10:34:50","date_gmt":"2024-07-15T10:34:50","guid":{"rendered":"http:\/\/sites.senat.ro\/?p=2454"},"modified":"2024-07-15T11:08:50","modified_gmt":"2024-07-15T11:08:50","slug":"cea-de-a-42-a-sesiune-a-conferintei-generale-unesco-si-adunarea-generala-a-statelor-parti-la-conventia-patrimoniului-mondial-paris-21-23-noiembrie-2023","status":"publish","type":"post","link":"https:\/\/sites.senat.ro\/?p=2454","title":{"rendered":"Cea de a 42-a sesiune a Conferin\u021bei Generale UNESCO \u0219i Adunarea General\u0103 a statelor p\u0103r\u021bi la Conven\u021bia Patrimoniului Mondial (Paris, 21-23 noiembrie 2023)"},"content":{"rendered":"<p><img loading=\"lazy\" decoding=\"async\" class=\"wp-image-1078 alignleft\" src=\"https:\/\/sites.senat.ro\/wp-content\/uploads\/sites\/2\/2019\/12\/UNESCO.png\" alt=\"\" width=\"149\" height=\"149\" srcset=\"https:\/\/sites.senat.ro\/wp-content\/uploads\/2019\/12\/UNESCO.png 225w, https:\/\/sites.senat.ro\/wp-content\/uploads\/2019\/12\/UNESCO-150x150.png 150w\" sizes=\"auto, (max-width: 149px) 100vw, 149px\" \/>La sesiune a particiat senatorul Eugen Remus Negoi, membru al Comisiei permanente a Camerei Deputa\u021bilor \u0219i Senatului pentru rela\u021bia cu UNESCO.<\/p>\n<p>Programul a inclus dezbateri de politic\u0103 general\u0103 \u00een care statele membre au prezentat declara\u021bii na\u021bionale, un segment la nivel \u00eenalt, o reuniune a mini\u0219trilor educa\u021biei, reuniuni ale comisiilor UNESCO \u0219.a. Pe agenda sesiunii s-au reg\u0103sit subiecte referitoare la: <em>educa\u021bia pentru dezvoltare durabil\u0103, \u00eenv\u0103\u021barea \u0219i educarea \u00een r\u00e2ndul adul\u021bilor, resursele educa\u021bionale deschise, recunoa\u0219terea studiilor \u0219i calific\u0103rilor \u00een \u00eenv\u0103\u021b\u0103m\u00e2ntul superior, standarde \u00een etica neurotehnologiilor, protec\u021bia muzeelor \u0219i colec\u021biilor, peisajul istoric urban, statutul artistului, utilizarea multilingvismului, accesul universal la spa\u021biul cibernetic \u0219.a<\/em>.<\/p>\n","protected":false},"excerpt":{"rendered":"<p>La sesiune a particiat senatorul Eugen Remus Negoi, membru al Comisiei permanente a Camerei Deputa\u021bilor \u0219i Senatului pentru rela\u021bia cu UNESCO. Programul a inclus dezbateri de politic\u0103 general\u0103 \u00een care statele membre au prezentat declara\u021bii na\u021bionale, un segment la nivel \u00eenalt, o reuniune a mini\u0219trilor educa\u021biei, reuniuni ale comisiilor UNESCO \u0219.a. Pe agenda sesiunii s-au [&hellip;]<\/p>\n","protected":false},"author":2,"featured_media":0,"comment_status":"closed","ping_status":"open","sticky":false,"template":"","format":"standard","meta":{"ngg_post_thumbnail":0,"footnotes":""},"categories":[4],"tags":[],"class_list":["post-2454","post","type-post","status-publish","format-standard","hentry","category-onu"],"_links":{"self":[{"href":"https:\/\/sites.senat.ro\/index.php?rest_route=\/wp\/v2\/posts\/2454","targetHints":{"allow":["GET"]}}],"collection":[{"href":"https:\/\/sites.senat.ro\/index.php?rest_route=\/wp\/v2\/posts"}],"about":[{"href":"https:\/\/sites.senat.ro\/index.php?rest_route=\/wp\/v2\/types\/post"}],"author":[{"embeddable":true,"href":"https:\/\/sites.senat.ro\/index.php?rest_route=\/wp\/v2\/users\/2"}],"replies":[{"embeddable":true,"href":"https:\/\/sites.senat.ro\/index.php?rest_route=%2Fwp%2Fv2%2Fcomments&post=2454"}],"version-history":[{"count":0,"href":"https:\/\/sites.senat.ro\/index.php?rest_route=\/wp\/v2\/posts\/2454\/revisions"}],"wp:attachment":[{"href":"https:\/\/sites.senat.ro\/index.php?rest_route=%2Fwp%2Fv2%2Fmedia&parent=2454"}],"wp:term":[{"taxonomy":"category","embeddable":true,"href":"https:\/\/sites.senat.ro\/index.php?rest_route=%2Fwp%2Fv2%2Fcategories&post=2454"},{"taxonomy":"post_tag","embeddable":true,"href":"https:\/\/sites.senat.ro\/index.php?rest_route=%2Fwp%2Fv2%2Ftags&post=2454"}],"curies":[{"name":"wp","href":"https:\/\/api.w.org\/{rel}","templated":true}]}}