{"id":2450,"date":"2024-07-15T10:33:29","date_gmt":"2024-07-15T10:33:29","guid":{"rendered":"http:\/\/sites.senat.ro\/?p=2450"},"modified":"2024-07-15T11:08:22","modified_gmt":"2024-07-15T11:08:22","slug":"cea-de-a-42-a-sesiune-a-conferintei-generale-unesco-paris-7-9-noiembrie-2023","status":"publish","type":"post","link":"https:\/\/sites.senat.ro\/?p=2450","title":{"rendered":"Cea de a 42-a sesiune a Conferin\u021bei Generale UNESCO (Paris, 7-9 noiembrie 2023)"},"content":{"rendered":"<p><img loading=\"lazy\" decoding=\"async\" class=\" wp-image-1086 alignleft\" src=\"https:\/\/sites.senat.ro\/wp-content\/uploads\/sites\/2\/2019\/12\/UNESCO-2.png\" alt=\"\" width=\"178\" height=\"178\" srcset=\"https:\/\/sites.senat.ro\/wp-content\/uploads\/2019\/12\/UNESCO-2.png 225w, https:\/\/sites.senat.ro\/wp-content\/uploads\/2019\/12\/UNESCO-2-150x150.png 150w\" sizes=\"auto, (max-width: 178px) 100vw, 178px\" \/>Parlamentul Rom\u00e2niei a fost reprezentat de senatorul D\u0103nu\u021b Bica, membru al Comisiei permanente a Camerei Deputa\u021bilor \u0219i Senatului pentru rela\u021bia cu UNESCO.<\/p>\n<p>Participan\u021bii au examinat: activitatea organiza\u021biei \u00een contextul actualelor provoc\u0103ri globale,&nbsp; precum schimb\u0103rile climatice \u0219i noile tehnologii; bugetul UNESCO pentru intervalele 2024-2025 \u0219i 2026-2029; stadiul implement\u0103rii rapoartelor \u0219i rezolu\u021biilor organiza\u021biei.<\/p>\n<p>Rom\u00e2nia a marcat un moment istoric \u00een cadrul acestei sesiuni, prin alegerea, \u00een unanimitate, a E.S. Simona Mirela Miculescu, ambasador extraordinar \u0219i plenipoten\u021biar, delegat permanent al Rom\u00e2niei pe l\u00e2ng\u0103 UNESCO, \u00een func\u021bia de pre\u0219edinte al celei de-a 42-a Conferin\u021be Generale a UNESCO, pentru un mandat de doi ani, o premier\u0103 pentru \u021bara noastr\u0103 \u00een cei 67 de ani de apartenen\u021b\u0103 la organiza\u021bie.<\/p>\n","protected":false},"excerpt":{"rendered":"<p>Parlamentul Rom\u00e2niei a fost reprezentat de senatorul D\u0103nu\u021b Bica, membru al Comisiei permanente a Camerei Deputa\u021bilor \u0219i Senatului pentru rela\u021bia cu UNESCO. Participan\u021bii au examinat: activitatea organiza\u021biei \u00een contextul actualelor provoc\u0103ri globale,&nbsp; precum schimb\u0103rile climatice \u0219i noile tehnologii; bugetul UNESCO pentru intervalele 2024-2025 \u0219i 2026-2029; stadiul implement\u0103rii rapoartelor \u0219i rezolu\u021biilor organiza\u021biei. Rom\u00e2nia a marcat un [&hellip;]<\/p>\n","protected":false},"author":2,"featured_media":0,"comment_status":"closed","ping_status":"open","sticky":false,"template":"","format":"standard","meta":{"ngg_post_thumbnail":0,"footnotes":""},"categories":[4],"tags":[],"class_list":["post-2450","post","type-post","status-publish","format-standard","hentry","category-onu"],"_links":{"self":[{"href":"https:\/\/sites.senat.ro\/index.php?rest_route=\/wp\/v2\/posts\/2450","targetHints":{"allow":["GET"]}}],"collection":[{"href":"https:\/\/sites.senat.ro\/index.php?rest_route=\/wp\/v2\/posts"}],"about":[{"href":"https:\/\/sites.senat.ro\/index.php?rest_route=\/wp\/v2\/types\/post"}],"author":[{"embeddable":true,"href":"https:\/\/sites.senat.ro\/index.php?rest_route=\/wp\/v2\/users\/2"}],"replies":[{"embeddable":true,"href":"https:\/\/sites.senat.ro\/index.php?rest_route=%2Fwp%2Fv2%2Fcomments&post=2450"}],"version-history":[{"count":0,"href":"https:\/\/sites.senat.ro\/index.php?rest_route=\/wp\/v2\/posts\/2450\/revisions"}],"wp:attachment":[{"href":"https:\/\/sites.senat.ro\/index.php?rest_route=%2Fwp%2Fv2%2Fmedia&parent=2450"}],"wp:term":[{"taxonomy":"category","embeddable":true,"href":"https:\/\/sites.senat.ro\/index.php?rest_route=%2Fwp%2Fv2%2Fcategories&post=2450"},{"taxonomy":"post_tag","embeddable":true,"href":"https:\/\/sites.senat.ro\/index.php?rest_route=%2Fwp%2Fv2%2Ftags&post=2450"}],"curies":[{"name":"wp","href":"https:\/\/api.w.org\/{rel}","templated":true}]}}