{"id":2437,"date":"2024-07-15T09:00:35","date_gmt":"2024-07-15T09:00:35","guid":{"rendered":"http:\/\/sites.senat.ro\/?p=2437"},"modified":"2024-07-15T10:53:12","modified_gmt":"2024-07-15T10:53:12","slug":"forumul-politic-la-nivel-inalt-al-natiunilor-unite-privind-dezvoltarea-durabila-si-evenimentele-asociate-new-york-17-20-iulie-2023","status":"publish","type":"post","link":"https:\/\/sites.senat.ro\/?p=2437","title":{"rendered":"Forumul politic la nivel \u00eenalt al Na\u021biunilor Unite privind dezvoltarea durabil\u0103 \u0219i evenimentele asociate (New York, 17-20 iulie 2023)"},"content":{"rendered":"<p>Sesiunea 2023 a Forumului politic la nivel \u00eenalt al Na\u021biunilor Unite privind dezvoltarea durabil\u0103 (HLPF), cu tema <em>Accelerarea redres\u0103rii post-COVID-19 \u0219i implementarea integral\u0103, la toate nivelurile, a Agendei 2030 pentru dezvoltare durabil\u0103<\/em>, a avut loc \u00een perioada 10-20 iulie, sub auspiciile Consiliului Economic \u0219i Social al Na\u021biunilor Unite.<\/p>\n<p>Deputatul Ioan Cup\u0219a, membru al Comitetului Director al GRUI, vicepre\u0219edinte al Comisiei juridice, de disciplin\u0103 \u0219i imunit\u0103\u021bi, membru al Comisiei pentru constitu\u021bionalitate \u0219i al Comisiei pentru \u00eenv\u0103\u021b\u0103m\u00e2nt din Camera Deputa\u021bilor, \u0219i senatorul Gheorghi\u021b\u0103 M\u00eendru\u021b\u0103, membru al GRUI, secretar al Comisiei pentru ap\u0103rare, ordine public\u0103 \u0219i siguran\u021b\u0103 na\u021bional\u0103, membru al Comisiei pentru rom\u00e2nii de pretutindeni din Senat, au participat, \u00een perioada 17-20 iulie a.c., la segmentul la nivel \u00eenalt al HLPF, la Forumul parlamentar organizat de Uniunea Interparlamentar\u0103 (UIP) \u0219i la alte evenimente din programul HLPF.<\/p>\n<p><img loading=\"lazy\" decoding=\"async\" class=\"alignnone size-medium wp-image-2439\" src=\"https:\/\/sites.senat.ro\/wp-content\/uploads\/sites\/2\/2024\/05\/foto3-225x300.jpg\" alt=\"\" width=\"225\" height=\"300\" srcset=\"https:\/\/sites.senat.ro\/wp-content\/uploads\/2024\/05\/foto3-225x300.jpg 225w, https:\/\/sites.senat.ro\/wp-content\/uploads\/2024\/05\/foto3.jpg 768w, https:\/\/sites.senat.ro\/wp-content\/uploads\/2024\/05\/foto3-732x976.jpg 732w\" sizes=\"auto, (max-width: 225px) 100vw, 225px\" \/>&nbsp;<img loading=\"lazy\" decoding=\"async\" class=\"alignnone size-medium wp-image-2438\" src=\"https:\/\/sites.senat.ro\/wp-content\/uploads\/sites\/2\/2024\/05\/foto2-300x225.jpg\" alt=\"\" width=\"300\" height=\"225\" srcset=\"https:\/\/sites.senat.ro\/wp-content\/uploads\/2024\/05\/foto2-300x225.jpg 300w, https:\/\/sites.senat.ro\/wp-content\/uploads\/2024\/05\/foto2-768x576.jpg 768w, https:\/\/sites.senat.ro\/wp-content\/uploads\/2024\/05\/foto2.jpg 1024w, https:\/\/sites.senat.ro\/wp-content\/uploads\/2024\/05\/foto2-732x549.jpg 732w\" sizes=\"auto, (max-width: 300px) 100vw, 300px\" \/><\/p>\n<p>Cei doi parlamentari au f\u0103cut parte din delega\u021bia Rom\u00e2niei, condus\u0103 de ministrul Mediului, Apelor \u0219i P\u0103durilor, Mircea Fechet, al\u0103turi de reprezentan\u021bi ai Guvernului \u2013 Departamentul pentru Dezvoltare Durabil\u0103, Ministerului Mediului, Apelor \u0219i P\u0103durilor, Ministerului Afacerilor Externe, \u0219i ai Asocia\u021biei Municipiilor din Rom\u00e2nia, Asocia\u021biei Comunelor din Rom\u00e2nia \u0219i Asocia\u021biei Tineretul ONU din Rom\u00e2nia.<\/p>\n<p>Edi\u021bia 2023 a HLPF a pus accentul pe cinci din cele 17 Obiective ale Dezvolt\u0103rii Durabile: ODD 6 &#8211; <em>ap\u0103 curat\u0103 \u0219i sanita\u021bie,<\/em> ODD 7 &#8211; <em>energie curat\u0103 \u0219i accesibil\u0103,<\/em> ODD 9 <em>&#8211; industrie, inovare \u0219i infrastructur\u0103,<\/em> ODD 11 &#8211; <em>ora\u0219e \u0219i comunit\u0103\u021bi durabile<\/em> \u0219i ODD 17 &#8211; <em>parteneriate pentru ODD.<\/em><\/p>\n<p>Interven\u021bia na\u021bional\u0103 a Rom\u00e2niei \u00een plenul HLPF, \u00een cadrul dezbaterii generale cu tema <em>Consolidarea impulsului \u00een perspectiva Summitului Obiectivelor Dezvolt\u0103rii Durabile, <\/em>a fost sus\u021binut\u0103 de \u0219eful delega\u021biei rom\u00e2ne, care s-a referit la m\u0103surile luate de \u021bara noastr\u0103 pentru implementarea ODD \u0219i a dat c\u00e2teva exemple recente: adoptarea strategiei pentru tranzi\u021bia Rom\u00e2niei spre economia circular\u0103 2020-2030; implementarea sistemului informatic de urm\u0103rire a trasabilit\u0103\u021bii lemnului; actualizarea Planului na\u021bional pentru energie \u0219i clim\u0103; elaborarea strategiilor de reducere a emisiilor de gaze cu efect de ser\u0103 \u0219i de adaptare la schimb\u0103rile climatice. Ministrul Mediului, Apelor \u0219i P\u0103durilor a men\u021bionat c\u0103 Guvernul Rom\u00e2niei implementeaz\u0103 \u00een prezent Planul Na\u021bional de Redresare \u0219i Rezilien\u021b\u0103, care vizeaz\u0103 investi\u021bii \u0219i reforme \u00een diverse sectoare de mediu, pentru extinderea fondului forestier na\u021bional, protec\u021bia biodiversit\u0103\u021bii, gestionarea resurselor de ap\u0103, colectarea separat\u0103 a de\u0219eurilor \u0219i promovarea economiei circulare. Demnitarul rom\u00e2n a mai subliniat c\u0103, pentru a asigura o abordare integrat\u0103 a ODD, coeren\u021ba politicilor na\u021bionale are un rol cheie, iar acestea trebuie s\u0103 se bazeze pe realit\u0103\u021bile \u0219i nevoile comunit\u0103\u021bilor locale.<\/p>\n<p>Rom\u00e2nia s-a num\u0103rat printre cele 39 de state care au prezentat, \u00een cadrul segmentului la nivel \u00eenalt, Rapoarte Na\u021bionale Voluntare (RNV) privind implementarea ODD. Acestor \u021b\u0103ri li s-a al\u0103turat Uniunea European\u0103, care a prezentat, \u00een premier\u0103, un raport voluntar. Raportul Rom\u00e2niei, al doilea dup\u0103 cel realizat \u00een 2018, este rezultatul unui proces amplu de consult\u0103ri cu toate segmentele sociale. RNV a fost completat cu o declara\u021bie care reflect\u0103 perspectiva tinerilor, un raport al copiilor \u0219i un raport subna\u021bional elaborat la nivelul municipiilor \u0219i comunelor.<\/p>\n<p>Forumul parlamentar al UIP a avut tema general\u0103 <em>Bilan\u021bul la jum\u0103tatea parcursului spre realizarea ODD: evaluarea ac\u021biunilor parlamentare. <\/em><\/p>\n<p>\u00cen interven\u021bia sa din cadrul primei sesiuni, intitulat\u0103 <em>Parlamentele \u0219i ODD: provocarea institu\u021bional\u0103, <\/em>deputatul Ioan Cup\u0219a a prezentat principalele etape ale parcursului \u021b\u0103rii noastre de integrare a ODD \u00een context na\u021bional, amintind c\u0103 Parlamentul&nbsp; Rom\u00e2niei a fost primul for legislativ din lume care \u0219i-a manifestat oficial sus\u021binerea pentru Agenda 2030, prin declara\u021bia politic\u0103 adoptat\u0103 \u00een 2016. \u00cen continuare, s-a referit la obiectivele \u0219i rolul Departamentului pentru Dezvoltare Durabil\u0103, aflat \u00een directa coordonare a Primului Ministru, precum \u0219i la principalele elemente ale Strategiei na\u021bionale pentru dezvoltarea durabil\u0103 a Rom\u00e2niei, adoptat\u0103 \u00een 2018. A ad\u0103ugat c\u0103 arhitectura institu\u021bional\u0103 pentru ODD include un Comitet interministerial la nivel \u00eenalt, o re\u021bea de hub-uri \u00een ministerele de linie \u0219i un Consiliu Consultativ format din reprezentanti ai mediului academic, comunit\u0103\u021bii \u0219tiintifice \u0219i societ\u0103\u021bii civile, asigur\u00e2ndu-se astfel coeren\u021ba activit\u0103\u021bilor subsumate dezvolt\u0103rii durabile, cu implicarea corespunz\u0103toare a tuturor actorilor interesa\u021bi \u0219i relevan\u021bi. \u00cen acela\u0219i context, a mentionat \u0219i \u00eenfiin\u021barea, \u00een Rom\u00e2nia, a unui corp de exper\u021bi \u00een dezvoltare durabil\u0103, la nivelul autorit\u0103\u021bilor centrale \u0219i locale.<\/p>\n<p><img loading=\"lazy\" decoding=\"async\" class=\"size-medium wp-image-2441 aligncenter\" src=\"https:\/\/sites.senat.ro\/wp-content\/uploads\/sites\/2\/2024\/05\/foto_Cupsa-300x225.jpg\" alt=\"\" width=\"300\" height=\"225\" srcset=\"https:\/\/sites.senat.ro\/wp-content\/uploads\/2024\/05\/foto_Cupsa-300x225.jpg 300w, https:\/\/sites.senat.ro\/wp-content\/uploads\/2024\/05\/foto_Cupsa-768x576.jpg 768w, https:\/\/sites.senat.ro\/wp-content\/uploads\/2024\/05\/foto_Cupsa-732x549.jpg 732w, https:\/\/sites.senat.ro\/wp-content\/uploads\/2024\/05\/foto_Cupsa.jpg 800w\" sizes=\"auto, (max-width: 300px) 100vw, 300px\" \/><\/p>\n<p>Reprezentantul GRUI a ar\u0103tat c\u0103 Parlamentul prime\u0219te \u0219i analizeaz\u0103 rapoartele anuale ale Guvernului privind progresele \u00een domeniul dezvolt\u0103rii durabile, iar problematica ODD este monitorizat\u0103 de o structur\u0103 specializat\u0103 a Camerei Deputa\u021bilor &#8211; Subcomisia pentru dezvoltare durabil\u0103, dar \u0219i de comisiile specializate din cele dou\u0103 Camere, potrivit competen\u021belor. &#8222;\u00cen concluzie, pot s\u0103 afirm c\u0103 ODD au fost integrate progresiv \u00een activitatea noastr\u0103 parlamentar\u0103, pe palierele legislativ, de control \u0219i de asigurare a coeren\u021bei politicilor sectoriale. \u00cen acelasi timp, ODD constituie o tem\u0103 prioritar\u0103 a agendei noastre de diploma\u021bie parlamentar\u0103&#8221;, a precizat deputatul Ioan Cup\u0219a.<\/p>\n<p><img loading=\"lazy\" decoding=\"async\" class=\"size-medium wp-image-2440 alignleft\" src=\"https:\/\/sites.senat.ro\/wp-content\/uploads\/sites\/2\/2024\/05\/foto1-225x300.jpg\" alt=\"\" width=\"225\" height=\"300\" srcset=\"https:\/\/sites.senat.ro\/wp-content\/uploads\/2024\/05\/foto1-225x300.jpg 225w, https:\/\/sites.senat.ro\/wp-content\/uploads\/2024\/05\/foto1.jpg 768w, https:\/\/sites.senat.ro\/wp-content\/uploads\/2024\/05\/foto1-732x976.jpg 732w\" sizes=\"auto, (max-width: 225px) 100vw, 225px\" \/>\u00cen ultima parte a lucr\u0103rilor, la sesiunea cu tema <em>Mai mult dec\u00e2t PIB: m\u0103surarea \u0219i valorizarea a ceea ce conteaz\u0103 pentru oameni \u0219i planet\u0103<\/em>, a luat cuv\u00e2ntul senatorul Gheorghi\u021b\u0103 M\u00eendru\u021b\u0103, care a precizat c\u0103 forul legislativ rom\u00e2n, \u00een declara\u021bia din 2016 privind ODD, a solicitat dezvoltarea unor produse \u0219i servicii statistice de calitate, absolut necesare &#8222;pentru o fundamentare solid\u0103 \u0219i pentru evaluarea corect\u0103 a politicilor na\u021bionale de dezvoltare durabil\u0103&#8221;. A men\u021bionat, totodat\u0103, c\u0103 Rom\u00e2nia a adoptat recent un nou set de Indicatori Na\u021bionali de Dezvoltare Durabil\u0103, meni\u021bi s\u0103 asigure o monitorizare c\u00e2t mai eficient\u0103 a implement\u0103rii obiectivelor na\u021bionale \u00een materie, inclusiv din perspectiva progreselor sociale \u0219i de mediu. Astfel, noul set include indicatori referitori la utilizarea resurselor, consumul de energie sau emisiile de dioxid de carbon. \u00cen continuare, reprezentantul GRUI a prezentat platforma online <em>Romania Durabil\u0103<\/em>, care con\u021bine indicatori na\u021bionali \u0219i europeni \u0219i barometre pentru m\u0103surarea percep\u021biei opiniei publice cu privire la ODD. Un alt aspect men\u021bionat este acela c\u0103, \u00een baza unui act normativ adoptat recent, strategiile sectoriale ale Rom\u00e2niei &#8211; precum cea privind economia circular\u0103 sau cea referitoare la dezvoltarea urban\u0103 &#8211; includ evalu\u0103ri privind contributia la realizarea ODD.<\/p>\n<p>\u00cen \u00eencheiere, senatorul Gheorghi\u021b\u0103 M\u00eendru\u021b\u0103 a subliniat c\u0103 pacea \u0219i securitatea sunt condi\u021bii <em>sine qua non <\/em>pentru realizarea Agendei 2030, iar aceast\u0103 realitate nu poate fi trecut\u0103 cu vederea \u00een nicio dezbatere privind ODD. Agresiunea ilegal\u0103 \u0219i neprovocat\u0103 a Rusiei \u00eempotriva Ucrainei amenin\u021b\u0103 ordinea interna\u021bional\u0103 bazat\u0103 pe reguli, pacea \u0219i securitatea global\u0103, \u0219i are consecinte grave \u00een plan economic \u0219i umanitar, accentu\u00e2nd provoc\u0103rile legate de implementarea ODD. &#8222;Ast\u0103zi, mai mult ca oric\u00e2nd, trebuie s\u0103 avem \u00een aten\u021bie conexiunile dintre dezvoltare, aspectele umanitare \u0219i pace, s\u0103 intensific\u0103m eforturile pentru prevenirea conflictelor \u0219i s\u0103 consolid\u0103m rezilien\u021ba societ\u0103\u021bilor noastre prin solu\u021bii c\u00e2t mai incluzive. Iar parlamentele pot \u0219i trebuie sa fie principalii promotori ai acestor imperative&#8221;, a ar\u0103tat reprezentantul GRUI.<\/p>\n<p>Pe parcursul celor patru zile de lucr\u0103ri, delega\u021bia GRUI a participat \u0219i la alte evenimente din cadrul HLPF, \u00eentre care:<\/p>\n<ul>\n<li>Laboratorul de Raportare Na\u021bional\u0103 Voluntar\u0103 (<em>VNR Lab<\/em>) <em>Programe inovatoare \u0219i mecanisme de guvernan\u021b\u0103 ale sectorului public \u00een sprijinul proceselor RNV<\/em>, organizat de Rom\u00e2nia \u00een parteneriat cu Departamentul pentru de Afaceri Economice \u0219i Sociale al ONU;<\/li>\n<li>dezbaterea-panel <em>Cooperarea regional\u0103 \u0219i accelerarea implement\u0103rii ODD: rolul Ini\u021biativei Central Europene<\/em>, organizat\u0103 de Republica Moldova \u0219i ICE, \u00een colaborare cu Albania, Bulgaria \u0219i Italia;<\/li>\n<li>reuniunea <em>Coeren\u021ba politicilor \u00een sprijinul dezvolt\u0103rii durabile: provoc\u0103ri legate de gestionarea efectelor transfrontaliere \u0219i de asigurarea coeren\u021bei politicilor sectoriale, <\/em>organizat\u0103 de Slovacia, \u00een colaborare cu OCDE, Rom\u00e2nia, Belgia, Ghana \u0219i Italia.<\/li>\n<\/ul>\n<p><strong>&nbsp;<\/strong><\/p>\n","protected":false},"excerpt":{"rendered":"<p>Sesiunea 2023 a Forumului politic la nivel \u00eenalt al Na\u021biunilor Unite privind dezvoltarea durabil\u0103 (HLPF), cu tema Accelerarea redres\u0103rii post-COVID-19 \u0219i implementarea integral\u0103, la toate nivelurile, a Agendei 2030 pentru dezvoltare durabil\u0103, a avut loc \u00een perioada 10-20 iulie, sub auspiciile Consiliului Economic \u0219i Social al Na\u021biunilor Unite. Deputatul Ioan Cup\u0219a, membru al Comitetului Director [&hellip;]<\/p>\n","protected":false},"author":2,"featured_media":0,"comment_status":"closed","ping_status":"open","sticky":false,"template":"","format":"standard","meta":{"ngg_post_thumbnail":0,"footnotes":""},"categories":[3],"tags":[],"class_list":["post-2437","post","type-post","status-publish","format-standard","hentry","category-participare"],"_links":{"self":[{"href":"https:\/\/sites.senat.ro\/index.php?rest_route=\/wp\/v2\/posts\/2437","targetHints":{"allow":["GET"]}}],"collection":[{"href":"https:\/\/sites.senat.ro\/index.php?rest_route=\/wp\/v2\/posts"}],"about":[{"href":"https:\/\/sites.senat.ro\/index.php?rest_route=\/wp\/v2\/types\/post"}],"author":[{"embeddable":true,"href":"https:\/\/sites.senat.ro\/index.php?rest_route=\/wp\/v2\/users\/2"}],"replies":[{"embeddable":true,"href":"https:\/\/sites.senat.ro\/index.php?rest_route=%2Fwp%2Fv2%2Fcomments&post=2437"}],"version-history":[{"count":0,"href":"https:\/\/sites.senat.ro\/index.php?rest_route=\/wp\/v2\/posts\/2437\/revisions"}],"wp:attachment":[{"href":"https:\/\/sites.senat.ro\/index.php?rest_route=%2Fwp%2Fv2%2Fmedia&parent=2437"}],"wp:term":[{"taxonomy":"category","embeddable":true,"href":"https:\/\/sites.senat.ro\/index.php?rest_route=%2Fwp%2Fv2%2Fcategories&post=2437"},{"taxonomy":"post_tag","embeddable":true,"href":"https:\/\/sites.senat.ro\/index.php?rest_route=%2Fwp%2Fv2%2Ftags&post=2437"}],"curies":[{"name":"wp","href":"https:\/\/api.w.org\/{rel}","templated":true}]}}