{"id":2426,"date":"2024-07-15T10:36:51","date_gmt":"2024-07-15T10:36:51","guid":{"rendered":"http:\/\/sites.senat.ro\/?p=2426"},"modified":"2024-07-15T10:55:38","modified_gmt":"2024-07-15T10:55:38","slug":"conferinta-onu-privind-schimbarile-climatice-cop28-dubai-1-6-decembrie-2023","status":"publish","type":"post","link":"https:\/\/sites.senat.ro\/?p=2426","title":{"rendered":"Conferin\u021ba ONU privind schimb\u0103rile climatice-COP28 (Dubai, 1-6 decembrie 2023)"},"content":{"rendered":"<p>Din delega\u021bia GRUI prezent\u0103 la eveniment au f\u0103cut parte senatorii Silvia-Monica Dinic\u0103, vicepre\u0219edint\u0103 a GRUI, pre\u0219edinta Comisiei pentru \u0219tiin\u021b\u0103, inovare \u0219i tehnologie, Ion Marcel Vela, membru al Comitetului Director al GRUI, pre\u0219edintele Comisiei speciale comune de control parlamentar specializat al EUROPOL, vicepre\u0219edintele Comisiei pentru politic\u0103 extern\u0103, \u0219i Laura-Mihaela Moagher, membr\u0103 a GRUI, secretar al Comisiei juridice, de numiri, disciplin\u0103, imunit\u0103\u021bi \u0219i valid\u0103ri.<\/p>\n<p><img loading=\"lazy\" decoding=\"async\" class=\"size-medium wp-image-2427 aligncenter\" src=\"https:\/\/sites.senat.ro\/wp-content\/uploads\/sites\/2\/2024\/05\/Foto2-300x225.jpeg\" alt=\"\" width=\"300\" height=\"225\" srcset=\"https:\/\/sites.senat.ro\/wp-content\/uploads\/2024\/05\/Foto2-300x225.jpeg 300w, https:\/\/sites.senat.ro\/wp-content\/uploads\/2024\/05\/Foto2-768x576.jpeg 768w, https:\/\/sites.senat.ro\/wp-content\/uploads\/2024\/05\/Foto2.jpeg 1024w, https:\/\/sites.senat.ro\/wp-content\/uploads\/2024\/05\/Foto2-732x549.jpeg 732w\" sizes=\"auto, (max-width: 300px) 100vw, 300px\" \/><\/p>\n<p><em>Conferin\u021bele ONU privind schimb\u0103rile climatice, cele mai importante \u0219i reprezentative forumuri multilaterale \u00een domeniu, se \u00eentrunesc anual pentru a stabili modalit\u0103\u021bile de contracarare a crizei climatice. Edi\u021bia din 2023 a COP, organizat\u0103 \u00een perioada 30 noiembrie-12 decembrie a.c., a fost prezidat\u0103 de Sultan Al-Jaber, ministrul industriei \u0219i tehnologiilor avansate \u0219i pre\u0219edinte al companiei na\u021bionale de petrol ADNOC din Emiratele Arabe Unite. Conferin\u021ba a reunit \u00een spa\u021biile Expo City Dubai un num\u0103r record de peste 80.000 de participan\u021bi (\u0219efi de stat \u0219i de guvern, mini\u0219tri, parlamentari, reprezentan\u021bi ai autorit\u0103\u021bilor locale, ai ONU \u0219i ai altor organiza\u021bii interna\u021bionale, ai mediului de afaceri \u0219i ai comunit\u0103\u021bii \u0219tiin\u021bifice \u0219i academice, lideri de opinie, exper\u021bi, jurnali\u0219ti \u0219i numeroase organiza\u021bii ale societ\u0103\u021bii civile) din cvasi-totalitatea \u021b\u0103rilor lumii, pentru dezbateri politice, negocieri, consult\u0103ri, prezent\u0103ri tematice, evenimente expozi\u021bionale \u0219i numeroase alte manifest\u0103ri privind impactul schimb\u0103rilor climatice \u0219i ac\u021biunile necesare pentru realizarea obiectivelor interna\u021bionale \u00een domeniu.<\/em><\/p>\n<p>Reprezentan\u021bii GRUI au fost acredita\u021bi la conferin\u021b\u0103 \u00een calitate de membri ai delega\u021biei na\u021bionale a Rom\u00e2niei. Delega\u021bia a fost condus\u0103 de pre\u0219edintele Klaus Iohannis \u0219i a inclus reprezentan\u021bi ai Administra\u021biei Preziden\u021biale, Ministerului Mediului, Apelor \u0219i P\u0103durilor, Agen\u021biei Na\u0163ionale pentru Protec\u0163ia Mediului, Ministerului Afacerilor Externe, Ministerului Energiei, Ministerului Transporturilor \u0219i Infrastructurii, Ministerului Familiei, Tineretului \u0219i Egalit\u0103\u021bii de \u0218anse, Departamentului de Dezvoltare Durabil\u0103 al Guvernului Rom\u00e2niei, ai Ambasadei Rom\u00e2niei \u00een Emiratele Arabe Unite \u0219i ai unor companii de stat. Din delega\u021bie a f\u0103cut parte \u0219i pre\u0219edintele Comisiei pentru mediu \u0219i echilibru ecologic a Camerei Deputa\u021bilor, deputatul Virgil Popescu.<\/p>\n<p><img loading=\"lazy\" decoding=\"async\" class=\"size-medium wp-image-2428 aligncenter\" src=\"https:\/\/sites.senat.ro\/wp-content\/uploads\/sites\/2\/2024\/05\/Foto1-300x256.jpeg\" alt=\"\" width=\"300\" height=\"256\" srcset=\"https:\/\/sites.senat.ro\/wp-content\/uploads\/2024\/05\/Foto1-300x256.jpeg 300w, https:\/\/sites.senat.ro\/wp-content\/uploads\/2024\/05\/Foto1-768x655.jpeg 768w, https:\/\/sites.senat.ro\/wp-content\/uploads\/2024\/05\/Foto1-732x625.jpeg 732w, https:\/\/sites.senat.ro\/wp-content\/uploads\/2024\/05\/Foto1.jpeg 900w\" sizes=\"auto, (max-width: 300px) 100vw, 300px\" \/><\/p>\n<p>Membrii Senatului au luat parte la activit\u0103\u021bi din programul oficial al delega\u021biei Rom\u00e2niei, la reuniunea parlamentar\u0103 \u0219i alte manifest\u0103ri dedicate parlamentarilor, la diferite evenimente programate \u00een Zona Albastr\u0103 a COP28, administrat\u0103 de ONU prin Secretariatul Conven\u021biei-cadru a Na\u021biunilor Unite privind schimb\u0103rile climatice, \u0219i \u00een Zona Verde a COP28, administrat\u0103 de Guvernul emiratez. Acest spa\u021biu, deschis \u0219i publicului larg, a g\u0103zduit manifest\u0103rile din programul tematic al pre\u0219edin\u021biei COP28, axate pe: s\u0103n\u0103tate; redresare \u0219i pace; finan\u021bare, comer\u021b \u0219i egalitate de gen; energie \u0219i industrie; urbanizare \u0219i transport; tineri, copii \u0219i educa\u021bie; natur\u0103, exploatarea terenurilor \u0219i oceane; alimenta\u021bie, agricultur\u0103 \u0219i ap\u0103.<\/p>\n<p>Cu ocazia vizitelor la standurile \u0219i pavilioanele expozi\u021bionale ale COP28, membrii Senatului au avut discu\u021bii cu reprezentan\u021bi ai Secretariatului Conven\u021biei-cadru a Na\u021biunilor Unite privind schimb\u0103rile climatice, ai UNICEF, B\u0103ncii Mondiale, Alian\u021bei Solare Interna\u021bionale, Ministerului Educa\u021biei al Emiratelor Arabe Unite \u0219.a.<\/p>\n<p>\u00cen ziua de 3 decembrie, membrii GRUI au participat la <em>ceremonia de aderare a Rom\u00e2niei la Alian\u021ba Solar\u0103 International\u0103<\/em> (ISA), o platform\u0103 de cooperare \u00eenfiin\u021bat\u0103 \u00een 2016, la ini\u021biativa Indiei \u0219i Fran\u021bei, care are ca scop dezvoltarea tehnologiilor bazate pe energie solar\u0103 \u0219i utilizarea acestora \u00een vederea acceler\u0103rii tranzi\u021biei energetice \u0219i a consolidarii securit\u0103\u021bii energetice \u00een statele participante.<\/p>\n<p>\u00cen cadrul evenimentului, au rostit alocu\u021biuni pre\u0219edintele Rom\u00e2niei, Klaus Iohannis, ministrul energiei, Sebastian Burduja, \u0219i directorul general al ISA, dr Ajay Mathur (India). Oficialii rom\u00e2ni au reiterat angajamentul ferm al Rom\u00e2niei de a deveni o \u021bar\u0103 neutr\u0103 din punct de vedere al emisiilor de carbon, inclusiv prin extinderea capacit\u0103\u021bii de producere a energiei solare, potrivit Planului na\u021bional integrat \u00een domeniul energiei \u0219i schimb\u0103rilor climatice.<\/p>\n<p>Delega\u021bia GRUI a fost invitat\u0103 \u0219i la panelul tematic <em>Oportunit\u0103\u021bi de cre\u0219tere ecologic\u0103 \u00een Romania<\/em><em>, <\/em>organizat de Banca Mondial\u0103 (BM) \u00een scopul prezent\u0103rii raportului de \u021bar\u0103 al BM privind <em>clima \u0219i dezvoltarea \u00een Rom\u00e2nia.<\/em> La dezbateri au participat: Charles J. Cormier, director regional al BM pentru infrastructur\u0103, responsabil pentru Europa \u0219i Asia Central\u0103; Alexandra-Maria Boc\u0219e, consilier de stat, Departamentul Clim\u0103 \u0219i Sustenabilitate al Administra\u021biei Preziden\u021biale; Laszlo Borbely, consilier de stat, coordonatorul Departamentului pentru Dezvoltare Durabil\u0103 al Guvernului, exper\u021bi din partea Comisiei Europene \u0219.a.<\/p>\n<p><em>Lansat \u00een luna octombrie a.c., raportul, primul din seria dedicat\u0103 \u021b\u0103rilor membre UE, analizeaz\u0103 interac\u021biunile dintre ac\u021biunea climatic\u0103 \u0219i traiectoria de cre\u0219tere economic\u0103 \u0219i de dezvoltare a Rom\u00e2niei \u0219i face o serie de recomand\u0103ri pentru reducerea \u00een continuare a emisiilor de carbon \u0219i cre\u0219terea rezilien\u021bei la schimb\u0103rile climatice, asigur\u00e2nd, \u00een acela\u0219i timp, o cre\u0219tere economic\u0103 incluziv\u0103.<\/em><\/p>\n<p>Participan\u021bii au subliniat c\u0103 Rom\u00e2nia poate s\u0103-\u0219i tripleze venitul na\u021bional \u00een urm\u0103toarele trei decenii, adopt\u00e2nd, \u00een paralel, m\u0103suri de consolidare a rezilien\u021bei la schimb\u0103rile climatice \u0219i de reducere a emisiilor de carbon. De\u0219i decarbonizarea economiei este un proces dificil, exist\u0103 premise pentru \u00eembun\u0103t\u0103\u021birea standardului de via\u021b\u0103 al popula\u021biei \u0219i atingerea obiectivelor climatice prin aplicarea unui mix de reforme structurale, sociale \u0219i economice \u0219i prin investi\u021bii eficiente, finan\u021bate de stat, de companii private \u0219i din fonduri europene. \u00cen condi\u021biile \u00een care 70% din consumul total de energie al \u021b\u0103rii depinde de combustibilii fosili, tranzi\u021bia energetic\u0103 este esen\u021bial\u0103. Pentru a atinge \u021binta de zero emisii \u00een 2050, Rom\u00e2nia trebuie s\u0103 implementeze un program masiv de electrificare bazat pe surse de energie regenerabile. Totodat\u0103, sunt necesare decarbonizarea sectorului transporturilor,&nbsp; optimizarea utiliz\u0103rii resurselor de ap\u0103, investi\u021bia \u00een capitalul uman \u0219i preg\u0103tirea for\u021bei de munc\u0103 pentru tranzi\u021bia la economia verde.<\/p>\n<p>\u00cen ziua de 6 decembrie a.c., UIP \u0219i Consiliul Na\u021bional Federal (parlamentul) al Emiratelor Arabe Unite, au organizat o <em>reuniune parlamentar\u0103<\/em> la care au participat peste 500 de membri ai legislativelor din 60 de \u021b\u0103ri, oficiali din \u021bara gazd\u0103, reprezentan\u021bi ai ONU, exper\u021bi, reprezentan\u021bi ai tinerilor \u0219i ai societatii civile.<\/p>\n<p><em>Reuniunile parlamentare cu ocazia COP, organizate de UIP \u00eencep\u00e2nd cu 2009, au rolul de a facilita cooperarea \u0219i schimbul de bune&nbsp; practici parlamentare \u00een domeniul schimb\u0103rilor climatice \u0219i de a oferi o perspectiv\u0103 parlamentar\u0103 asupra temelor majore de pe agenda conferin\u021belor ONU. \u00cen 2023, \u00een premier\u0103, reuniunea UIP s-a desf\u0103\u0219urat \u00een spa\u021biile COP, \u00een Zona Verde, marc\u00e2nd astfel, \u00een mod simbolic, implicarea comunit\u0103\u021bii parlamentare interna\u021bionale \u00een acest proces global.&nbsp;&nbsp;&nbsp; <\/em><\/p>\n<p>\u00cen deschiderea lucr\u0103rilor, s-au adresat participan\u021bilor Saqr Ghobash, pre\u0219edintele Consiliului Na\u021bional Federal, \u0219i Martin Chungong, secretarul general al UIP. Alocu\u021biunile introductive au fost urmate de prezentarea campaniei <em>Parlamentele pentru planet\u0103. <\/em><\/p>\n<p>Programul reuniunii a inclus patru sesiuni de dezbateri privind: <em>perspectivele \u0219tiin\u021bifice \u0219i progresele globale \u00een domeniul schimb\u0103rilor climatice; m\u0103suri de adaptare la schimb\u0103rile climatice pentru grupurile vulnerabile; rolul Mecanismului interna\u021bional pentru pierderi \u0219i daune asociate schimb\u0103rilor climatice; controlul parlamentar al aplic\u0103rii Acordului de la Paris dup\u0103 COP28.<\/em><\/p>\n<p><img loading=\"lazy\" decoding=\"async\" class=\"size-medium wp-image-2429 alignleft\" src=\"https:\/\/sites.senat.ro\/wp-content\/uploads\/sites\/2\/2024\/05\/Foto3-171x300.jpeg\" alt=\"\" width=\"171\" height=\"300\" srcset=\"https:\/\/sites.senat.ro\/wp-content\/uploads\/2024\/05\/Foto3-171x300.jpeg 171w, https:\/\/sites.senat.ro\/wp-content\/uploads\/2024\/05\/Foto3.jpeg 486w\" sizes=\"auto, (max-width: 171px) 100vw, 171px\" \/>\u00cen interven\u021bia sa, senatoarea Silvia-Monica Dinic\u0103 a subliniat c\u0103 Rom\u00e2nia \u0219i-a asumat obiectivul de a reduce emisiile de gaze cu efect de ser\u0103 cu aproximativ 80% p\u00e2n\u0103 \u00een 2030, comparativ cu nivelurile din 1990 \u0219i ac\u021bioneaz\u0103 pentru consolidarea legisla\u021biei \u0219i dezvoltarea cadrului strategic \u00een domeniu, men\u021bion\u00e2nd noile strategii na\u021bionale privind reducerea emisiilor de gaze cu efect de ser\u0103 \u0219i, respectiv, adaptarea la schimb\u0103rile climatice, ambele \u00een curs de adoptare.<\/p>\n<p>&#8222;R\u0103spunsul la schimb\u0103rile climatice vine cu numeroase provoc\u0103ri, dar \u0219i cu oportunit\u0103\u021bi de accelerare a tranzi\u021biei ecologice. Parlamentele au responsabilitatea s\u0103 se asigure c\u0103 aceast\u0103 tranzi\u021bie este \u00een beneficiul tuturor cet\u0103\u021benilor \u0219i nu conduce la accentuarea inegalit\u0103\u021bilor economice \u0219i sociale&#8221;, a subliniat senatoarea Dinic\u0103. \u00cen continuare, reprezentanta Senatului a pus accentul pe educa\u021bie, c\u0103reia \u00eei revine rolul esen\u021bial \u00een promovarea cuno\u0219tin\u021belor, abilit\u0103\u021bilor, valorilor \u0219i atitudinilor ce permit adaptarea popula\u021biei la noile realit\u0103\u021bi climatice \u0219i aplicarea unor solu\u021bii inovative de dezvoltare durabil\u0103. \u00cen acest context, a precizat c\u0103 Rom\u00e2nia se raliaz\u0103 <em>Declara\u021biei privind programul comun pentru educa\u021bie \u0219i schimb\u0103ri climatice, <\/em>ini\u021bativ\u0103 lansat\u0103 de UNESCO cu ocazia COP28. \u201cConstat\u0103m c\u0103 tinerii \u0219i copiii no\u0219tri sunt foarte preocupa\u021bi de impactul schimb\u0103rilor climatice \u0219i foarte dornici s\u0103 se implice. Este sarcina noastr\u0103 s\u0103 le oferim \u0219ansa, abilit\u0103\u021bile \u0219i mijloacele de care au nevoie pentru a contribui \u00een mod real \u0219i semnificativ la eforturile de atenuare \u0219i de adaptare la schimb\u0103rile climatice\u201d.<\/p>\n<p><em><a href=\"https:\/\/www.ipu.org\/file\/18186\/download\">Documentul final<\/a>&nbsp;<\/em>al reuniunii subliniaz\u0103 importan\u021ba angajamentului parlamentar \u00een ac\u021biunea climatic\u0103, av\u00e2nd ca scop alinierea politicilor na\u021bionale la obiectivele interna\u021bionale privind clima.<\/p>\n<p>Printre activit\u0103\u021bile de la COP28 dedicate parlamentarilor s-au num\u0103rat \u0219i: masa rotund\u0103&nbsp;<em>\u00cembun\u0103t\u0103\u021birea guvernan\u021bei climatice: cum pot contribui femeile \u0219i tinerii?<\/em>; summitul parlamentar al responsabilit\u0103\u021bii la COP28; panelul <em>Triplarea capacit\u0103\u021bii de energie regenerabil\u0103 p\u00e2n\u0103 \u00een 2030: un dialog al legislatorilor.<\/em><\/p>\n<p>Totodat\u0103, pentru prima dat\u0103 \u00een istoria COP, la edi\u021bia din 2023 a existat \u0219i un <em>Pavilion parlamentar<\/em>. Amplasat \u00een Zona Albastr\u0103 a COP28, pavilionul a g\u0103zduit zilnic briefinguri, mese rotunde, prezent\u0103ri \u0219i alte evenimente, constituind punctul de \u00eent\u00e2lnire al parlamentarilor prezen\u021bi la conferin\u021b\u0103.&nbsp;<\/p>\n","protected":false},"excerpt":{"rendered":"<p>Din delega\u021bia GRUI prezent\u0103 la eveniment au f\u0103cut parte senatorii Silvia-Monica Dinic\u0103, vicepre\u0219edint\u0103 a GRUI, pre\u0219edinta Comisiei pentru \u0219tiin\u021b\u0103, inovare \u0219i tehnologie, Ion Marcel Vela, membru al Comitetului Director al GRUI, pre\u0219edintele Comisiei speciale comune de control parlamentar specializat al EUROPOL, vicepre\u0219edintele Comisiei pentru politic\u0103 extern\u0103, \u0219i Laura-Mihaela Moagher, membr\u0103 a GRUI, secretar al Comisiei [&hellip;]<\/p>\n","protected":false},"author":2,"featured_media":0,"comment_status":"closed","ping_status":"open","sticky":false,"template":"","format":"standard","meta":{"ngg_post_thumbnail":0,"footnotes":""},"categories":[3],"tags":[],"class_list":["post-2426","post","type-post","status-publish","format-standard","hentry","category-participare"],"_links":{"self":[{"href":"https:\/\/sites.senat.ro\/index.php?rest_route=\/wp\/v2\/posts\/2426","targetHints":{"allow":["GET"]}}],"collection":[{"href":"https:\/\/sites.senat.ro\/index.php?rest_route=\/wp\/v2\/posts"}],"about":[{"href":"https:\/\/sites.senat.ro\/index.php?rest_route=\/wp\/v2\/types\/post"}],"author":[{"embeddable":true,"href":"https:\/\/sites.senat.ro\/index.php?rest_route=\/wp\/v2\/users\/2"}],"replies":[{"embeddable":true,"href":"https:\/\/sites.senat.ro\/index.php?rest_route=%2Fwp%2Fv2%2Fcomments&post=2426"}],"version-history":[{"count":0,"href":"https:\/\/sites.senat.ro\/index.php?rest_route=\/wp\/v2\/posts\/2426\/revisions"}],"wp:attachment":[{"href":"https:\/\/sites.senat.ro\/index.php?rest_route=%2Fwp%2Fv2%2Fmedia&parent=2426"}],"wp:term":[{"taxonomy":"category","embeddable":true,"href":"https:\/\/sites.senat.ro\/index.php?rest_route=%2Fwp%2Fv2%2Fcategories&post=2426"},{"taxonomy":"post_tag","embeddable":true,"href":"https:\/\/sites.senat.ro\/index.php?rest_route=%2Fwp%2Fv2%2Ftags&post=2426"}],"curies":[{"name":"wp","href":"https:\/\/api.w.org\/{rel}","templated":true}]}}