{"id":2423,"date":"2024-07-15T10:32:09","date_gmt":"2024-07-15T10:32:09","guid":{"rendered":"http:\/\/sites.senat.ro\/?p=2423"},"modified":"2024-07-15T10:32:09","modified_gmt":"2024-07-15T10:32:09","slug":"tulia-ackson-cel-de-al-31-lea-presedinte-al-uip","status":"publish","type":"post","link":"https:\/\/sites.senat.ro\/?p=2423","title":{"rendered":"Tulia Ackson, cel de-al 31-lea pre\u0219edinte al UIP"},"content":{"rendered":"<p><em>Pre\u0219edinta Uniunii Interparlamentare (UIP),&nbsp;Tulia&nbsp;Ackson, a fost aleas\u0103 \u00een aceast\u0103 func\u021bie \u00een luna octombrie 2023, cu ocazia celei de-a 212-a sesiuni a Consiliului Director al UIP (Luanda, Angola), pentru un mandat de trei ani.<\/em><\/p>\n<p><img loading=\"lazy\" decoding=\"async\" class=\"size-medium wp-image-2424 alignleft\" src=\"https:\/\/sites.senat.ro\/wp-content\/uploads\/sites\/2\/2024\/05\/Tulia_Ackson-300x204.jpg\" alt=\"\" width=\"300\" height=\"204\" srcset=\"https:\/\/sites.senat.ro\/wp-content\/uploads\/2024\/05\/Tulia_Ackson-300x204.jpg 300w, https:\/\/sites.senat.ro\/wp-content\/uploads\/2024\/05\/Tulia_Ackson-768x523.jpg 768w, https:\/\/sites.senat.ro\/wp-content\/uploads\/2024\/05\/Tulia_Ackson-732x499.jpg 732w, https:\/\/sites.senat.ro\/wp-content\/uploads\/2024\/05\/Tulia_Ackson.jpg 800w\" sizes=\"auto, (max-width: 300px) 100vw, 300px\" \/>Cel de-al 31-lea pre\u0219edinte al organiza\u021biei este membru al parlamentului din Tanzania din anul 2015. \u00cen prezent, este pre\u0219edinta Adun\u0103rii Na\u021bionale (parlamentul) din Tanzania, func\u021bie \u00een care a fost aleas\u0103 \u00een anul 2022. Anterior a ocupat func\u021bia de vicepre\u0219edint\u0103 a parlamentului. \u00cen anul 2015 a de\u021binut func\u021bia de procuror general adjunct al Republicii Angola.<\/p>\n<p>Tulia&nbsp;Ackson este licen\u021biat\u0103 \u00een drept a Universit\u0103\u021bii din Dar&nbsp;es&nbsp;Salaam,, Tanzania \u0219i are o diplom\u0103 de doctorat acordat\u0103 de Universitatea Cape Town, Africa de Sud. Este avocat al \u00cenaltei Cur\u021bi din Tanzania \u0219i membr\u0103 a Societ\u0103\u021bii de Drept din Tanganyika. A fost cadru universitar la Facultatea de Drept a Universit\u0103\u021bii din Dar&nbsp;es&nbsp;Salaam.<\/p>\n<p><em>\u00cen prima sa declara\u021bie \u00een calitate de pre\u0219edint\u0103 a UIP, Tulia&nbsp;Ackson&nbsp;afirma: \u201dAccept aceast\u0103 pozi\u021bie cu modestie, recunosc\u00e2nd, \u00een acela\u0219i timp, toate responsabilit\u0103\u021bile pe care le presupune. \u00cemi reafirm angajamentul de a coopera cu to\u021bi pentru ca UIP s\u0103 devin\u0103 cea mai eficient\u0103, cea mai responsabil\u0103 \u0219i cea mai transparent\u0103 organiza\u021bie\u201d.<\/em><\/p>\n","protected":false},"excerpt":{"rendered":"<p>Pre\u0219edinta Uniunii Interparlamentare (UIP),&nbsp;Tulia&nbsp;Ackson, a fost aleas\u0103 \u00een aceast\u0103 func\u021bie \u00een luna octombrie 2023, cu ocazia celei de-a 212-a sesiuni a Consiliului Director al UIP (Luanda, Angola), pentru un mandat de trei ani. Cel de-al 31-lea pre\u0219edinte al organiza\u021biei este membru al parlamentului din Tanzania din anul 2015. \u00cen prezent, este pre\u0219edinta Adun\u0103rii Na\u021bionale (parlamentul) [&hellip;]<\/p>\n","protected":false},"author":2,"featured_media":0,"comment_status":"closed","ping_status":"open","sticky":false,"template":"","format":"standard","meta":{"ngg_post_thumbnail":0,"footnotes":""},"categories":[5,2],"tags":[],"class_list":["post-2423","post","type-post","status-publish","format-standard","hentry","category-evenimente","category-repere"],"_links":{"self":[{"href":"https:\/\/sites.senat.ro\/index.php?rest_route=\/wp\/v2\/posts\/2423","targetHints":{"allow":["GET"]}}],"collection":[{"href":"https:\/\/sites.senat.ro\/index.php?rest_route=\/wp\/v2\/posts"}],"about":[{"href":"https:\/\/sites.senat.ro\/index.php?rest_route=\/wp\/v2\/types\/post"}],"author":[{"embeddable":true,"href":"https:\/\/sites.senat.ro\/index.php?rest_route=\/wp\/v2\/users\/2"}],"replies":[{"embeddable":true,"href":"https:\/\/sites.senat.ro\/index.php?rest_route=%2Fwp%2Fv2%2Fcomments&post=2423"}],"version-history":[{"count":0,"href":"https:\/\/sites.senat.ro\/index.php?rest_route=\/wp\/v2\/posts\/2423\/revisions"}],"wp:attachment":[{"href":"https:\/\/sites.senat.ro\/index.php?rest_route=%2Fwp%2Fv2%2Fmedia&parent=2423"}],"wp:term":[{"taxonomy":"category","embeddable":true,"href":"https:\/\/sites.senat.ro\/index.php?rest_route=%2Fwp%2Fv2%2Fcategories&post=2423"},{"taxonomy":"post_tag","embeddable":true,"href":"https:\/\/sites.senat.ro\/index.php?rest_route=%2Fwp%2Fv2%2Ftags&post=2423"}],"curies":[{"name":"wp","href":"https:\/\/api.w.org\/{rel}","templated":true}]}}