{"id":2412,"date":"2024-07-15T10:32:00","date_gmt":"2024-07-15T10:32:00","guid":{"rendered":"http:\/\/sites.senat.ro\/?p=2412"},"modified":"2024-07-15T10:54:29","modified_gmt":"2024-07-15T10:54:29","slug":"cea-de-a-147-a-adunare-a-uip-si-reuniunile-asociate-luanda-22-27-octombrie-2023","status":"publish","type":"post","link":"https:\/\/sites.senat.ro\/?p=2412","title":{"rendered":"Cea de-a 147-a Adunare a UIP \u0219i reuniunile asociate (Luanda, 22-27 octombrie 2023)"},"content":{"rendered":"<p><img loading=\"lazy\" decoding=\"async\" class=\"wp-image-2416 alignleft\" src=\"https:\/\/sites.senat.ro\/wp-content\/uploads\/sites\/2\/2024\/05\/Logo-300x228.jpg\" alt=\"\" width=\"195\" height=\"148\" srcset=\"https:\/\/sites.senat.ro\/wp-content\/uploads\/2024\/05\/Logo-300x228.jpg 300w, https:\/\/sites.senat.ro\/wp-content\/uploads\/2024\/05\/Logo.jpg 319w\" sizes=\"auto, (max-width: 195px) 100vw, 195px\" \/>La lucr\u0103ri au participat delega\u021bii parlamentare din 128 de \u021b\u0103ri, reprezentan\u021bi ai unor adun\u0103ri parlamentare cu statut de membru asociat sau observator, oficiali din partea ONU \u0219i a altor organiza\u021bii interna\u021bionale. Din delega\u021bia Rom\u00e2niei au f\u0103cut parte deputa\u021bii Zakarias Zolt\u00e1n, membru al Biroului Executiv al GRUI \u0219i Mirela Elena Adomnic\u0103i, membr\u0103 a GRUI.<\/p>\n<p>&nbsp; &nbsp; &nbsp;&nbsp;<img loading=\"lazy\" decoding=\"async\" class=\"wp-image-2419 alignnone\" src=\"https:\/\/sites.senat.ro\/wp-content\/uploads\/sites\/2\/2024\/05\/1080-720-max-1-300x234.jpg\" alt=\"\" width=\"259\" height=\"202\" srcset=\"https:\/\/sites.senat.ro\/wp-content\/uploads\/2024\/05\/1080-720-max-1-300x234.jpg 300w, https:\/\/sites.senat.ro\/wp-content\/uploads\/2024\/05\/1080-720-max-1-768x598.jpg 768w, https:\/\/sites.senat.ro\/wp-content\/uploads\/2024\/05\/1080-720-max-1-732x570.jpg 732w, https:\/\/sites.senat.ro\/wp-content\/uploads\/2024\/05\/1080-720-max-1.jpg 924w\" sizes=\"auto, (max-width: 259px) 100vw, 259px\" \/>&nbsp; &nbsp; &nbsp; &nbsp; &nbsp; &nbsp; &nbsp; &nbsp;<img loading=\"lazy\" decoding=\"async\" class=\"alignnone wp-image-2418\" src=\"https:\/\/sites.senat.ro\/wp-content\/uploads\/sites\/2\/2024\/05\/14468.-Adomnicai-poza-mare.-Adomnicai-poza-mare-300x300.jpg\" alt=\"\" width=\"201\" height=\"201\" srcset=\"https:\/\/sites.senat.ro\/wp-content\/uploads\/2024\/05\/14468.-Adomnicai-poza-mare.-Adomnicai-poza-mare-300x300.jpg 300w, https:\/\/sites.senat.ro\/wp-content\/uploads\/2024\/05\/14468.-Adomnicai-poza-mare.-Adomnicai-poza-mare-150x150.jpg 150w, https:\/\/sites.senat.ro\/wp-content\/uploads\/2024\/05\/14468.-Adomnicai-poza-mare.-Adomnicai-poza-mare-768x768.jpg 768w, https:\/\/sites.senat.ro\/wp-content\/uploads\/2024\/05\/14468.-Adomnicai-poza-mare.-Adomnicai-poza-mare-732x732.jpg 732w, https:\/\/sites.senat.ro\/wp-content\/uploads\/2024\/05\/14468.-Adomnicai-poza-mare.-Adomnicai-poza-mare.jpg 800w\" sizes=\"auto, (max-width: 201px) 100vw, 201px\" \/><\/p>\n<p>\u00cen cadrul ceremoniei inaugurale, care a debutat cu intonarea noului imn al UIP, s-au adresat participan\u021bilor: pre\u0219edintele Angolei, Jo\u00e3o Manuel Gon\u00e7alves Louren\u00e7o; pre\u0219edinta Adun\u0103rii Na\u021bionale din Angola, Carolina Cerqueira; pre\u0219edintele UIP, Duarte Pacheco; reprezentantul special al secretarului general al Na\u021biunilor Unite la Uniunea African\u0103, Parfait Onanga-Anyanga; secretarul genersl al UIP, Martin Chungong.<\/p>\n<p>La dezbaterea general\u0103 din plenul Adun\u0103rii, cu tema <em>Ac\u021biune parlamentar\u0103 pentru pace, justi\u021bie \u015fi institu\u021bii eficiente (ODD 16)<\/em>, deputatul Zakarias Zolt\u00e1n a reafirmat angajamentul ferm al \u021b\u0103rii noastre privind realizarea ODD \u0219i ambi\u021bia de a-\u0219i consolida statutul de hub regional pentru coagularea eforturilor \u0219i schimburilor de experien\u021b\u0103 \u00een domeniul dezvolt\u0103rii durabile. \u00cen context, s-a referit la rolul Departamentului pentru Dezvoltare Durabil\u0103, \u00eenfiin\u021bat \u00een 2017 \u0219i aflat sub autoritatea prim-ministrului, av\u00e2nd ca obiectiv sus\u021binerea \u0219i coordonarea implement\u0103rii, la nivel na\u021bional, a celor 17 ODD.<\/p>\n<p><img loading=\"lazy\" decoding=\"async\" class=\"size-medium wp-image-2417 alignleft\" src=\"https:\/\/sites.senat.ro\/wp-content\/uploads\/sites\/2\/2024\/05\/14470-300x300.jpg\" alt=\"\" width=\"300\" height=\"300\" srcset=\"https:\/\/sites.senat.ro\/wp-content\/uploads\/2024\/05\/14470-300x300.jpg 300w, https:\/\/sites.senat.ro\/wp-content\/uploads\/2024\/05\/14470-150x150.jpg 150w, https:\/\/sites.senat.ro\/wp-content\/uploads\/2024\/05\/14470-768x768.jpg 768w, https:\/\/sites.senat.ro\/wp-content\/uploads\/2024\/05\/14470-732x732.jpg 732w, https:\/\/sites.senat.ro\/wp-content\/uploads\/2024\/05\/14470.jpg 800w\" sizes=\"auto, (max-width: 300px) 100vw, 300px\" \/><\/p>\n<p>Deputatul a men\u021bionat c\u0103, de\u0219i potrivit Institutului Na\u021bional de Statistic\u0103, Rom\u00e2nia a transpus \u00een practic\u0103 \u00eentr-un procent de 58,2% Agenda 2030, sunt necesare eforturi suplimentare pentru finalizarea cu succes a acestui proces. \u00cen iulie 2023, cu ocazia Forumului politic la nivel \u00eenalt al Na\u021biunilor Unite, \u021bara noastr\u0103 a prezentat cel de-al doilea Raport Na\u021bional Voluntar (RNV) privind ODD; dup\u0103 realizarea primului RNV, \u00een 2018, Rom\u00e2nia a stabilit cadrul necesar pentru o abordare coerent\u0103 \u0219i cuprinz\u0103toare a politicilor din sfera dezvolt\u0103rii durabile, prin adoptarea Strategiei na\u021bionale pentru dezvoltare durabil\u0103 2030. \u00cen 2022, Rom\u00e2nia a elaborat Planul na\u021bional de ac\u021biune pentru implementarea Strategiei \u0219i a acordat prioritate consolid\u0103rii guvernan\u021bei \u00een domeniu, cre\u0219terii gradului de con\u0219tientizare prin educa\u021bie \u0219i formare, \u0219i promov\u0103rii principiilor dezvolt\u0103rii durabile. Referindu-se la ODD16, reprezentantul GRUI a subliniat c\u0103 Rom\u00e2nia face eforturi constante pentru a dezvolta institu\u021bii eficiente \u0219i transparente la toate nivelurile \u0219i pentru a promova o societ\u0103tate pa\u0219nic\u0103 \u0219i incluziv\u0103. \u00cen acela\u0219i timp, a atras aten\u021bia c\u0103 r\u0103zboiul de agresiune \u00eempotriva Ucrainei \u0219i r\u0103zboiul din Orientul Mijlociu, cu toate consecin\u021bele lor, provoac\u0103 daune majore \u0219i pun \u00een pericol realizarea Agendei 2030 la nivel mondial. Deputatul Zakarias Zolt\u00e1n a cerut parlamentelor s\u0103 r\u0103m\u00e2n\u0103 unite \u00een lupta \u00eempotriva terorismului. \u201eR\u0103sp\u00e2ndirea organiza\u021biilor teroriste \u0219i cre\u0219terea num\u0103rului de acte teroriste submineaz\u0103 \u00een mod direct men\u021binerea p\u0103cii \u0219i securit\u0103\u021bii interna\u021bionale \u0219i pun \u00een pericol dezvoltarea economic\u0103 durabil\u0103. \u00cen \u00eencheierea interven\u021biei, reprezentantul GRUI a ar\u0103tat c\u0103 Parlamentul Rom\u00e2niei va continua s\u0103 participe la efortul global de combatere a s\u0103r\u0103ciei extreme \u0219i s\u0103 sprijine dezvoltarea institu\u021biilor democratice durabile \u00een \u021b\u0103rile \u00een curs de dezvoltare, prin \u00eemp\u0103rt\u0103\u0219irea propriei experien\u021be.<\/p>\n<p>Principalele concluzii ale dezbaterii generale se reg\u0103sesc \u00een <em><a href=\"https:\/\/www.ipu.org\/file\/17870\/download\">Declara\u021bia de la Luanda<\/a><\/em>, adoptat\u0103 la finalul sesiunii.<\/p>\n<p>Adunarea a adoptat, de asemenea, rezolu\u021bia <em><a href=\"https:\/\/www.ipu.org\/file\/17872\/download\">Combaterea traficului de copii din orfelinate: rolul parlamentelor<\/a><\/em> \u0219i mo\u021biunea <a href=\"https:\/\/www.ipu.org\/file\/17910\/download\"><em>Egalitatea de gen \u00een Adunarea General\u0103 a ONU<\/em><\/a>.<br \/>\nConsiliul Director al UIP a examinat, printre altele, progresele realizate \u00een implementarea noii <em>Strategii a UIP 2022-2026<\/em>, stadiul preg\u0103tirilor pentru \u00eenfiin\u021barea birourilor regionale ale UIP \u0219i modalit\u0103\u021bile de consolidare \u00een continuare a rela\u021biei UIP-ONU. La propunerea Comitetului UIP pentru drepturile omului ale parlamentarilor, Consiliul a adoptat decizii referitoare la un num\u0103r de 120 de parlamentari din 9 \u021b\u0103ri, ale c\u0103ror drepturi au fost \u00eenc\u0103lcate.<\/p>\n<p>\u00cen ultima zi a sesiunii, Consiliul Director a ales-o \u00een func\u021bia de pre\u0219edint\u0103 a UIP pe Tulia Ackson, pre\u0219edinta Adun\u0103rii Na\u021bionale a Tanzaniei, pentru un mandat de trei ani. Tulia Ackson este cel de-al 31-lea pre\u0219edinte al UIP \u0219i \u00eei succede \u00een func\u021bie lui Duarte Pacheco (Portugalia).<\/p>\n<p>\u00cen cadrul unei \u0219edin\u021be speciale, Consiliul a acordat <em>Premiul Cremer-Passy<\/em> parlamentarului Samuelu Penitala Teo, pre\u0219edintele Parlamentului din Tuvalu, \u00een semn de recunoa\u0219tere a rezultatelor remarcabile \u00een promovarea obiectivelor UIP referitoare la schimb\u0103rile climatice.<\/p>\n<p>Pe ordinea de zi a Comisiei UIP pentru pace \u0219i securitate interna\u021bional\u0103 au figurat dezbateri privind I<em>nventarul instrumentelor pe care parlamentarii le pot folosi pentru dialog, legiferare, control parlamentar \u0219i ac\u021biuni preventive \u00een sprijinul p\u0103cii<\/em> \u0219i, respectiv, <em>Rolul parlamentelor \u00een promovarea unei culturi a transparen\u021bei, a combaterii corup\u021biei \u0219i a implic\u0103rii cet\u0103\u021benilor pentru restabilirea \u00eencrederii \u00een institu\u021biile na\u021bionale \u0219i interna\u021bionale \u0219i pentru consolidarea p\u0103cii<\/em>, precum \u0219i audierea unor exper\u021bi pe tema <em>Impactul social \u0219i umanitar al sistemelor de arme autonome \u0219i al inteligen\u021bei artificiale<\/em>.<\/p>\n<p>\u00cen cadrul Comisiei pentru dezvoltare durabil\u0103 a avut loc un schimb de opinii pe tema <em>Parteneriate pentru ac\u021biune climatic\u0103: promovarea accesului la energie verde, la pre\u021buri accesibile; asigurarea inov\u0103rii, responsabilit\u0103\u021bii \u0219i echit\u0103\u021bii<\/em>, \u00een preg\u0103tirea unei viitoare rezolu\u021bii. Membrii comisiei au discutat \u0219i despre dimensiunea parlamentar\u0103 a Conferin\u021bei ONU privind schimb\u0103rile climatice (COP28), din luna decembrie 2023, \u0219i au avut un schimb de opinii cu exper\u021bi privind <em>Asigurarea securit\u0103\u021bii alimentare mondiale<\/em>.<\/p>\n<p>Comisia pentru democra\u0163ie \u015fi drepturile omului a dezb\u0103tut \u0219i finalizat proiectul rezolu\u021biei intitulate <em>Combaterea traficului de copii din orfelinate: rolul parlamentelor<\/em>.<br \/>\nForumul Femeilor Parlamentare \u0219i Forumul Tinerilor Parlamentari au examinat \u0219i au propus, din perspectiva femeilor \u0219i a tinerilor, amendamente la proiectul de rezolu\u021bie privind <em>Combaterea traficului de copii din orfelinate<\/em>. Femeile parlamentare au discutat \u0219i despre provoc\u0103rile cu care se confrunt\u0103 atunci c\u00e2nd trebuie s\u0103 ia o decizie privind cariera politic\u0103, cu ocazia dezbaterii cu tema <em>Femeile \u00een politic\u0103: a persevera sau a renun\u021ba?<\/em><\/p>\n","protected":false},"excerpt":{"rendered":"<p>La lucr\u0103ri au participat delega\u021bii parlamentare din 128 de \u021b\u0103ri, reprezentan\u021bi ai unor adun\u0103ri parlamentare cu statut de membru asociat sau observator, oficiali din partea ONU \u0219i a altor organiza\u021bii interna\u021bionale. Din delega\u021bia Rom\u00e2niei au f\u0103cut parte deputa\u021bii Zakarias Zolt\u00e1n, membru al Biroului Executiv al GRUI \u0219i Mirela Elena Adomnic\u0103i, membr\u0103 a GRUI. &nbsp; &nbsp; [&hellip;]<\/p>\n","protected":false},"author":2,"featured_media":0,"comment_status":"closed","ping_status":"open","sticky":false,"template":"","format":"standard","meta":{"ngg_post_thumbnail":0,"footnotes":""},"categories":[3],"tags":[],"class_list":["post-2412","post","type-post","status-publish","format-standard","hentry","category-participare"],"_links":{"self":[{"href":"https:\/\/sites.senat.ro\/index.php?rest_route=\/wp\/v2\/posts\/2412","targetHints":{"allow":["GET"]}}],"collection":[{"href":"https:\/\/sites.senat.ro\/index.php?rest_route=\/wp\/v2\/posts"}],"about":[{"href":"https:\/\/sites.senat.ro\/index.php?rest_route=\/wp\/v2\/types\/post"}],"author":[{"embeddable":true,"href":"https:\/\/sites.senat.ro\/index.php?rest_route=\/wp\/v2\/users\/2"}],"replies":[{"embeddable":true,"href":"https:\/\/sites.senat.ro\/index.php?rest_route=%2Fwp%2Fv2%2Fcomments&post=2412"}],"version-history":[{"count":0,"href":"https:\/\/sites.senat.ro\/index.php?rest_route=\/wp\/v2\/posts\/2412\/revisions"}],"wp:attachment":[{"href":"https:\/\/sites.senat.ro\/index.php?rest_route=%2Fwp%2Fv2%2Fmedia&parent=2412"}],"wp:term":[{"taxonomy":"category","embeddable":true,"href":"https:\/\/sites.senat.ro\/index.php?rest_route=%2Fwp%2Fv2%2Fcategories&post=2412"},{"taxonomy":"post_tag","embeddable":true,"href":"https:\/\/sites.senat.ro\/index.php?rest_route=%2Fwp%2Fv2%2Ftags&post=2412"}],"curies":[{"name":"wp","href":"https:\/\/api.w.org\/{rel}","templated":true}]}}