{"id":2359,"date":"2023-06-30T12:52:59","date_gmt":"2023-06-30T12:52:59","guid":{"rendered":"http:\/\/sites.senat.ro\/?p=2359"},"modified":"2023-12-28T12:53:09","modified_gmt":"2023-12-28T12:53:09","slug":"sesiunea-aniversara-dedicata-zilei-internationale-a-parlamentarismului-si-marcarii-a-134-de-ani-de-la-infiintarea-uip-lisabona-29-30-iunie-2023","status":"publish","type":"post","link":"https:\/\/sites.senat.ro\/?p=2359","title":{"rendered":"Sesiunea aniversar\u0103 dedicat\u0103 Zilei Interna\u021bionale a Parlamentarismului \u0219i marc\u0103rii a 134 de ani de la \u00eenfiin\u021barea UIP (Lisabona, 29-30 iunie 2023)"},"content":{"rendered":"<p><a href=\"https:\/\/www.ipu.org\/news\/voices\/2023-06\/live-lisbon-watch-celebration-international-day-parliamentarism\">Sesiunea aniversar\u0103<\/a> a fost organizat\u0103 de Adunarea Republicii (parlamentul) din Portugalia. Participan\u021bii &#8211; pre\u0219edin\u021bi de parlamente \u0219i parlamentari, s-au reunit pentru a celebra Ziua Interna\u021bional\u0103 a Parlamentarismului \u0219i pentru a reafirma rolul \u0219i contribu\u021bia UIP \u00een promovarea p\u0103cii, democra\u021biei \u0219i dezvolt\u0103rii durabile.<\/p>\n<p>Parlamentul Rom\u00e2niei a fost reprezentat de deputatul Zakarias Zolt\u00e1n, membru al Comitetului Director al GRUI.<\/p>\n<p><em>Ziua Interna\u021bional\u0103 a Parlamentarismului a fost adoptat\u0103 la ini\u021biativa UIP, cu ocazia celei de-a 72-a sesiuni a Adun\u0103rii Generale a Na\u021biunilor Unite, prin rezolu\u021bia ONU intitulat\u0103 &#8222;Interac\u021biunea dintre Na\u021biunile Unite, parlamentele na\u021bionale \u0219i Uniunea Interparlamentar\u0103&#8221;. Ziua este marcat\u0103 la data de 30 iunie \u0219i coincide cu data la care a fost creat\u0103 UIP.<\/em><\/p>\n","protected":false},"excerpt":{"rendered":"<p>Sesiunea aniversar\u0103 a fost organizat\u0103 de Adunarea Republicii (parlamentul) din Portugalia. Participan\u021bii &#8211; pre\u0219edin\u021bi de parlamente \u0219i parlamentari, s-au reunit pentru a celebra Ziua Interna\u021bional\u0103 a Parlamentarismului \u0219i pentru a reafirma rolul \u0219i contribu\u021bia UIP \u00een promovarea p\u0103cii, democra\u021biei \u0219i dezvolt\u0103rii durabile. Parlamentul Rom\u00e2niei a fost reprezentat de deputatul Zakarias Zolt\u00e1n, membru al Comitetului Director [&hellip;]<\/p>\n","protected":false},"author":2,"featured_media":0,"comment_status":"closed","ping_status":"open","sticky":false,"template":"","format":"standard","meta":{"ngg_post_thumbnail":0,"footnotes":""},"categories":[5,2],"tags":[],"class_list":["post-2359","post","type-post","status-publish","format-standard","hentry","category-evenimente","category-repere"],"_links":{"self":[{"href":"https:\/\/sites.senat.ro\/index.php?rest_route=\/wp\/v2\/posts\/2359","targetHints":{"allow":["GET"]}}],"collection":[{"href":"https:\/\/sites.senat.ro\/index.php?rest_route=\/wp\/v2\/posts"}],"about":[{"href":"https:\/\/sites.senat.ro\/index.php?rest_route=\/wp\/v2\/types\/post"}],"author":[{"embeddable":true,"href":"https:\/\/sites.senat.ro\/index.php?rest_route=\/wp\/v2\/users\/2"}],"replies":[{"embeddable":true,"href":"https:\/\/sites.senat.ro\/index.php?rest_route=%2Fwp%2Fv2%2Fcomments&post=2359"}],"version-history":[{"count":0,"href":"https:\/\/sites.senat.ro\/index.php?rest_route=\/wp\/v2\/posts\/2359\/revisions"}],"wp:attachment":[{"href":"https:\/\/sites.senat.ro\/index.php?rest_route=%2Fwp%2Fv2%2Fmedia&parent=2359"}],"wp:term":[{"taxonomy":"category","embeddable":true,"href":"https:\/\/sites.senat.ro\/index.php?rest_route=%2Fwp%2Fv2%2Fcategories&post=2359"},{"taxonomy":"post_tag","embeddable":true,"href":"https:\/\/sites.senat.ro\/index.php?rest_route=%2Fwp%2Fv2%2Ftags&post=2359"}],"curies":[{"name":"wp","href":"https:\/\/api.w.org\/{rel}","templated":true}]}}