{"id":2348,"date":"2023-05-16T12:51:52","date_gmt":"2023-05-16T12:51:52","guid":{"rendered":"http:\/\/sites.senat.ro\/?p=2348"},"modified":"2023-12-28T12:52:14","modified_gmt":"2023-12-28T12:52:14","slug":"sesiunea-februarie-iunie-2023","status":"publish","type":"post","link":"https:\/\/sites.senat.ro\/?p=2348","title":{"rendered":"SESIUNEA FEBRUARIE &#8211; IUNIE 2023"},"content":{"rendered":"<p><img loading=\"lazy\" decoding=\"async\" class=\"size-full wp-image-2349 alignleft\" src=\"https:\/\/sites.senat.ro\/wp-content\/uploads\/sites\/2\/2023\/08\/slovenia.gif\" alt=\"\" width=\"164\" height=\"82\">16 mai 2023 &#8211; \u00cent\u00e2lnirea, \u00een sistem de videoconferin\u0163\u0103, a deputatului Daniel Toda, pre\u015fedintele <strong>Grupului parlamentar de prietenie Rom\u00e2nia &#8211; Republica Slovenia,<\/strong> \u015fi a membrilor Grupului cu Grupul de prietenie omolog din Parlamentul sloven<\/p>\n<p>&nbsp;<\/p>\n<p><img loading=\"lazy\" decoding=\"async\" class=\"size-full wp-image-2350 alignleft\" src=\"https:\/\/sites.senat.ro\/wp-content\/uploads\/sites\/2\/2023\/08\/iordania.gif\" alt=\"\" width=\"164\" height=\"82\">3 mai 2023 &#8211; \u00cent\u00e2lnirea deputatei Bir\u00f3 Roz\u00e1lia-Ibolya, pre\u015fedinta <strong>Grupului parlamentar de prietenie<\/strong> <strong>Rom\u00e2nia &#8211; Regatul Ha\u015femit al Iordaniei,<\/strong> \u015fi a membrilor Grupului cu Faisal Akif Al-Fayez, pre\u015fedintele Senatului Regatului Ha\u015femit al Iordaniei<\/p>\n<p>&nbsp;<\/p>\n<p><img loading=\"lazy\" decoding=\"async\" class=\" wp-image-2351 alignleft\" src=\"https:\/\/sites.senat.ro\/wp-content\/uploads\/sites\/2\/2023\/08\/japonia.gif\" alt=\"\" width=\"150\" height=\"90\">2 mai 2023 &#8211; \u00cent\u00e2lnirea deputatului Silviu Nicu Macovei, pre\u015fedintele <strong>Grupului parlamentar de prietenie Rom\u00e2nia &#8211; Japonia<\/strong>, cu Ichiro Aisawa, pre\u015fedintele&nbsp; Asocia\u0163iei parlamentare de prietenie Japonia &#8211; Rom\u00e2nia, membru al Camerei Reprezentan\u0163ilor din Dieta Japoniei<\/p>\n<p>&nbsp;<\/p>\n<p>&nbsp;<\/p>\n<p><img loading=\"lazy\" decoding=\"async\" class=\"size-full wp-image-2352 alignleft\" src=\"https:\/\/sites.senat.ro\/wp-content\/uploads\/sites\/2\/2023\/08\/irlanda.gif\" alt=\"\" width=\"164\" height=\"82\">20 martie 2023 &#8211; \u00cent\u00e2lnirea deputatului Beniamin Todosiu, pre\u015fedintele <strong>Grupului parlamentar de prietenie Rom\u00e2nia \u2013 Irlanda,<\/strong> \u015fi a membrilor Grupului cu Malcolm Noonam T.D., ministru de stat pentru patrimoniu \u015fi reform\u0103 electoral\u0103 din cadrul Ministerului pentru locuin\u0163e, administra\u0163ie local\u0103 \u015fi patrimoniu din Irlanda<\/p>\n<p>&nbsp;<\/p>\n<p><img loading=\"lazy\" decoding=\"async\" class=\"size-full wp-image-2353 alignleft\" src=\"https:\/\/sites.senat.ro\/wp-content\/uploads\/sites\/2\/2023\/08\/qatar.gif\" alt=\"\" width=\"135\" height=\"68\">20 martie 2023 &#8211; Participarea deputatei Mirela Furtun\u0103, pre\u015fedintele <strong>Grupului parlamentar de prietenie Rom\u00e2nia &#8211; Statul Qatar<\/strong>, la dineul oferit de E.S. Osama Yousef A.A. Alqaradawi, ambasadorul Statului Qatar \u00een Rom\u00e2nia<\/p>\n<p>&nbsp;<\/p>\n<p><img loading=\"lazy\" decoding=\"async\" class=\" wp-image-2354 alignleft\" src=\"https:\/\/sites.senat.ro\/wp-content\/uploads\/sites\/2\/2023\/08\/turcia.gif\" alt=\"\" width=\"137\" height=\"92\">13 martie 2023 &#8211; \u00centrevederea deputatului Nicolae Georgescu, pre\u0219edintele <strong>Grupului parlamentar de prietenie Rom\u00e2nia &#8211; Republica Turcia,<\/strong> \u0219i a membrilor Grupului cu E.S. \u00d6zg\u00fcr K\u0131van\u00e7 Altan, ambasadorul Republicii Turcia la Bucure\u0219ti<\/p>\n<p>&nbsp;<\/p>\n<p>&nbsp;<\/p>\n<p><img loading=\"lazy\" decoding=\"async\" class=\"size-full wp-image-2355 alignleft\" src=\"https:\/\/sites.senat.ro\/wp-content\/uploads\/sites\/2\/2023\/08\/canada.gif\" alt=\"\" width=\"141\" height=\"80\">13 februarie 2023 &#8211; \u00centrevederea, \u00een sistem de videoconferin\u0163\u0103, a senatorului Ion-Narcis Mircescu, pre\u0219edintele <strong>Grupului parlamentar de prietenie Rom\u00e2nia \u2013 Canada,<\/strong> \u0219i a deputatei Rodica-Lumini\u0163a Barcari, vicepre\u0219edinta Grupului, cu senatorul Peter Boehm \u0219i deputata Marie-France Lalonde, copre\u0219edin\u021bii Grupului parlamentar de prietenie omolog<\/p>\n","protected":false},"excerpt":{"rendered":"<p>16 mai 2023 &#8211; \u00cent\u00e2lnirea, \u00een sistem de videoconferin\u0163\u0103, a deputatului Daniel Toda, pre\u015fedintele Grupului parlamentar de prietenie Rom\u00e2nia &#8211; Republica Slovenia, \u015fi a membrilor Grupului cu Grupul de prietenie omolog din Parlamentul sloven &nbsp; 3 mai 2023 &#8211; \u00cent\u00e2lnirea deputatei Bir\u00f3 Roz\u00e1lia-Ibolya, pre\u015fedinta Grupului parlamentar de prietenie Rom\u00e2nia &#8211; Regatul Ha\u015femit al Iordaniei, \u015fi [&hellip;]<\/p>\n","protected":false},"author":2,"featured_media":0,"comment_status":"closed","ping_status":"open","sticky":false,"template":"","format":"standard","meta":{"ngg_post_thumbnail":0,"footnotes":""},"categories":[8,1],"tags":[],"class_list":["post-2348","post","type-post","status-publish","format-standard","hentry","category-intrevederi","category-prietenie"],"_links":{"self":[{"href":"https:\/\/sites.senat.ro\/index.php?rest_route=\/wp\/v2\/posts\/2348","targetHints":{"allow":["GET"]}}],"collection":[{"href":"https:\/\/sites.senat.ro\/index.php?rest_route=\/wp\/v2\/posts"}],"about":[{"href":"https:\/\/sites.senat.ro\/index.php?rest_route=\/wp\/v2\/types\/post"}],"author":[{"embeddable":true,"href":"https:\/\/sites.senat.ro\/index.php?rest_route=\/wp\/v2\/users\/2"}],"replies":[{"embeddable":true,"href":"https:\/\/sites.senat.ro\/index.php?rest_route=%2Fwp%2Fv2%2Fcomments&post=2348"}],"version-history":[{"count":0,"href":"https:\/\/sites.senat.ro\/index.php?rest_route=\/wp\/v2\/posts\/2348\/revisions"}],"wp:attachment":[{"href":"https:\/\/sites.senat.ro\/index.php?rest_route=%2Fwp%2Fv2%2Fmedia&parent=2348"}],"wp:term":[{"taxonomy":"category","embeddable":true,"href":"https:\/\/sites.senat.ro\/index.php?rest_route=%2Fwp%2Fv2%2Fcategories&post=2348"},{"taxonomy":"post_tag","embeddable":true,"href":"https:\/\/sites.senat.ro\/index.php?rest_route=%2Fwp%2Fv2%2Ftags&post=2348"}],"curies":[{"name":"wp","href":"https:\/\/api.w.org\/{rel}","templated":true}]}}