{"id":2328,"date":"2023-04-28T12:51:17","date_gmt":"2023-04-28T12:51:17","guid":{"rendered":"http:\/\/sites.senat.ro\/?p=2328"},"modified":"2023-12-28T12:51:26","modified_gmt":"2023-12-28T12:51:26","slug":"vizita-oficiala-in-portugalia-a-delegatiei-grupului-parlamentar-de-prietenie-romania-republica-portugheza-26-28-aprilie-2023","status":"publish","type":"post","link":"https:\/\/sites.senat.ro\/?p=2328","title":{"rendered":"Vizita oficial\u0103 \u00een Portugalia a delega\u021biei Grupului parlamentar de prietenie Rom\u00e2nia-Republica Portughez\u0103 (26-28 aprilie 2023)"},"content":{"rendered":"<p>Din delega\u021bia condus\u0103 de deputatul Daniel-Codru\u021b Blaga, pre\u0219edintele Grupului de prietenie, au f\u0103cut parte deputa\u021bii Cristina Tr\u0103il\u0103, Nicolae Pavelescu \u0219i Oana-Alexandra Cambera, membri ai Grupului.<\/p>\n<p><img loading=\"lazy\" decoding=\"async\" class=\"size-medium wp-image-2340 alignleft\" src=\"https:\/\/sites.senat.ro\/wp-content\/uploads\/sites\/2\/2023\/08\/Portugalia_foto1-300x200.jpg\" alt=\"\" width=\"300\" height=\"200\" srcset=\"https:\/\/sites.senat.ro\/wp-content\/uploads\/2023\/08\/Portugalia_foto1-300x200.jpg 300w, https:\/\/sites.senat.ro\/wp-content\/uploads\/2023\/08\/Portugalia_foto1-768x512.jpg 768w, https:\/\/sites.senat.ro\/wp-content\/uploads\/2023\/08\/Portugalia_foto1-1024x683.jpg 1024w, https:\/\/sites.senat.ro\/wp-content\/uploads\/2023\/08\/Portugalia_foto1-732x488.jpg 732w, https:\/\/sites.senat.ro\/wp-content\/uploads\/2023\/08\/Portugalia_foto1-1140x760.jpg 1140w, https:\/\/sites.senat.ro\/wp-content\/uploads\/2023\/08\/Portugalia_foto1.jpg 2048w\" sizes=\"auto, (max-width: 300px) 100vw, 300px\" \/>&nbsp;<img loading=\"lazy\" decoding=\"async\" class=\"size-medium wp-image-2341\" src=\"https:\/\/sites.senat.ro\/wp-content\/uploads\/sites\/2\/2023\/08\/Portugalia_foto2-300x200.jpg\" alt=\"\" width=\"300\" height=\"200\" srcset=\"https:\/\/sites.senat.ro\/wp-content\/uploads\/2023\/08\/Portugalia_foto2-300x200.jpg 300w, https:\/\/sites.senat.ro\/wp-content\/uploads\/2023\/08\/Portugalia_foto2.jpg 593w\" sizes=\"auto, (max-width: 300px) 100vw, 300px\" \/><\/p>\n<p>Programul a inclus \u00eentrevederi cu: Augusto Santos Silva, pre\u0219edintele Adun\u0103rii Republicii (parlamentul); Marcos Perestrello, pre\u0219edintele Grupului parlamentar de prietenie Portugalia-Rom\u00e2nia, pre\u0219edintele Comisiei de ap\u0103rare, \u0219i cu membrii Grupului.<\/p>\n<p>Convorbirile au reliefat dinamica ascendent\u0103 a rela\u021biilor dintre cele dou\u0103 state membre ale Uniunii Europene \u0219i ale Alian\u021bei Nord-Atlantice, marcat\u0103 printr-un dialog politic intens, la cel mai \u00eenalt nivel.<\/p>\n<p>Au fost abordate subiecte cheie aflate pe agenda european\u0103 \u0219i interna\u021bional\u0103, cu accent pe evolu\u021bia conflictului din Ucraina \u0219i pe m\u0103surile ce se impun pentru \u00eent\u0103rirea Flancului de Est al NATO. Pe parcursul \u00eentrevederilor, oficialii portughezi au reiterat sprijinul pe care Portugalia \u00eel ofer\u0103 Rom\u00e2niei pentru aderarea la spa\u021biul Schengen.<\/p>\n<p>Vizita a reafirmat importan\u021ba dialogului parlamentar \u00een dezvoltarea \u0219i diversificarea colabor\u0103rii \u00een domenii de interes comun, precum: educa\u021bia, tehnologia informa\u021biei, economia \u0219i energia verde. \u00cen context, delega\u021bia rom\u00e2n\u0103 a adresat Grupului omolog invita\u021bia de a efectua o vizit\u0103 \u00een Rom\u00e2nia.<\/p>\n<p>\u00cen plan local, oaspe\u021bii au purtat discu\u021bii cu Carla Tavares, pre\u0219edinta ariei metropolitane Lisabona, \u0219i Filipe Anacoreta Correira, viceprimarul Lisabonei, care s-au concentrat pe un schimb de bune practici privind problematica dezvolt\u0103rii zonei metropolitane, digitalizarea administra\u021biei \u0219i alte aspecte de actualitate din perspectiva eficientiz\u0103rii administrative.<\/p>\n","protected":false},"excerpt":{"rendered":"<p>Din delega\u021bia condus\u0103 de deputatul Daniel-Codru\u021b Blaga, pre\u0219edintele Grupului de prietenie, au f\u0103cut parte deputa\u021bii Cristina Tr\u0103il\u0103, Nicolae Pavelescu \u0219i Oana-Alexandra Cambera, membri ai Grupului. &nbsp; Programul a inclus \u00eentrevederi cu: Augusto Santos Silva, pre\u0219edintele Adun\u0103rii Republicii (parlamentul); Marcos Perestrello, pre\u0219edintele Grupului parlamentar de prietenie Portugalia-Rom\u00e2nia, pre\u0219edintele Comisiei de ap\u0103rare, \u0219i cu membrii Grupului. Convorbirile [&hellip;]<\/p>\n","protected":false},"author":2,"featured_media":0,"comment_status":"closed","ping_status":"open","sticky":false,"template":"","format":"standard","meta":{"ngg_post_thumbnail":0,"footnotes":""},"categories":[1,7],"tags":[],"class_list":["post-2328","post","type-post","status-publish","format-standard","hentry","category-prietenie","category-viziteoficiale"],"_links":{"self":[{"href":"https:\/\/sites.senat.ro\/index.php?rest_route=\/wp\/v2\/posts\/2328","targetHints":{"allow":["GET"]}}],"collection":[{"href":"https:\/\/sites.senat.ro\/index.php?rest_route=\/wp\/v2\/posts"}],"about":[{"href":"https:\/\/sites.senat.ro\/index.php?rest_route=\/wp\/v2\/types\/post"}],"author":[{"embeddable":true,"href":"https:\/\/sites.senat.ro\/index.php?rest_route=\/wp\/v2\/users\/2"}],"replies":[{"embeddable":true,"href":"https:\/\/sites.senat.ro\/index.php?rest_route=%2Fwp%2Fv2%2Fcomments&post=2328"}],"version-history":[{"count":0,"href":"https:\/\/sites.senat.ro\/index.php?rest_route=\/wp\/v2\/posts\/2328\/revisions"}],"wp:attachment":[{"href":"https:\/\/sites.senat.ro\/index.php?rest_route=%2Fwp%2Fv2%2Fmedia&parent=2328"}],"wp:term":[{"taxonomy":"category","embeddable":true,"href":"https:\/\/sites.senat.ro\/index.php?rest_route=%2Fwp%2Fv2%2Fcategories&post=2328"},{"taxonomy":"post_tag","embeddable":true,"href":"https:\/\/sites.senat.ro\/index.php?rest_route=%2Fwp%2Fv2%2Ftags&post=2328"}],"curies":[{"name":"wp","href":"https:\/\/api.w.org\/{rel}","templated":true}]}}