{"id":2326,"date":"2023-05-18T12:51:32","date_gmt":"2023-05-18T12:51:32","guid":{"rendered":"http:\/\/sites.senat.ro\/?p=2326"},"modified":"2023-12-28T12:51:46","modified_gmt":"2023-12-28T12:51:46","slug":"vizita-oficiala-in-romania-a-delegatiei-grupului-parlamentar-de-prietenie-cu-romania-din-parlamentul-suediei-18-mai-2023","status":"publish","type":"post","link":"https:\/\/sites.senat.ro\/?p=2326","title":{"rendered":"Vizita oficial\u0103 \u00een Rom\u00e2nia a delega\u021biei\u00a0 Grupului parlamentar de prietenie cu Rom\u00e2nia din Parlamentul Suediei (18 mai 2023)"},"content":{"rendered":"<p>Din delega\u021bia suedez\u0103 au f\u0103cut parte Mikael Oscarsson, pre\u0219edintele Grupului, \u0219i Magnus Oscarsson, membru.<\/p>\n<p>Oaspe\u021bii au avut \u00eentrevederi cu senatoarea Cristina-Mariana Stocheci, vicepre\u0219edinta Grupului parlamentar de prietenie Rom\u00e2nia-Suedia, \u0219i cu membri ai Grupului, precum \u0219i cu senatoarea Nicoleta Pauliuc, pre\u0219edinta Comisiei pentru ap\u0103rare, ordine public\u0103 \u0219i siguran\u021b\u0103 na\u021bional\u0103 a Senatului.<\/p>\n<p><img loading=\"lazy\" decoding=\"async\" class=\"alignnone size-medium wp-image-2344\" src=\"https:\/\/sites.senat.ro\/wp-content\/uploads\/sites\/2\/2023\/08\/Suedia_foto2-300x200.jpg\" alt=\"\" width=\"300\" height=\"200\" srcset=\"https:\/\/sites.senat.ro\/wp-content\/uploads\/2023\/08\/Suedia_foto2-300x200.jpg 300w, https:\/\/sites.senat.ro\/wp-content\/uploads\/2023\/08\/Suedia_foto2-768x512.jpg 768w, https:\/\/sites.senat.ro\/wp-content\/uploads\/2023\/08\/Suedia_foto2-1024x682.jpg 1024w, https:\/\/sites.senat.ro\/wp-content\/uploads\/2023\/08\/Suedia_foto2-732x488.jpg 732w, https:\/\/sites.senat.ro\/wp-content\/uploads\/2023\/08\/Suedia_foto2-1140x760.jpg 1140w, https:\/\/sites.senat.ro\/wp-content\/uploads\/2023\/08\/Suedia_foto2.jpg 1600w\" sizes=\"auto, (max-width: 300px) 100vw, 300px\" \/> <img loading=\"lazy\" decoding=\"async\" class=\"alignnone size-medium wp-image-2345\" src=\"https:\/\/sites.senat.ro\/wp-content\/uploads\/sites\/2\/2023\/08\/Suedia_foto3-300x200.jpg\" alt=\"\" width=\"300\" height=\"200\" srcset=\"https:\/\/sites.senat.ro\/wp-content\/uploads\/2023\/08\/Suedia_foto3-300x200.jpg 300w, https:\/\/sites.senat.ro\/wp-content\/uploads\/2023\/08\/Suedia_foto3-768x512.jpg 768w, https:\/\/sites.senat.ro\/wp-content\/uploads\/2023\/08\/Suedia_foto3-1024x682.jpg 1024w, https:\/\/sites.senat.ro\/wp-content\/uploads\/2023\/08\/Suedia_foto3-732x488.jpg 732w, https:\/\/sites.senat.ro\/wp-content\/uploads\/2023\/08\/Suedia_foto3-1140x760.jpg 1140w, https:\/\/sites.senat.ro\/wp-content\/uploads\/2023\/08\/Suedia_foto3.jpg 1600w\" sizes=\"auto, (max-width: 300px) 100vw, 300px\" \/><\/p>\n<p>Partea rom\u00e2n\u0103 a salutat \u00eenfiin\u021barea recent\u0103 a Grupului parlamentar de prietenie cu Rom\u00e2nia \u00een Parlamentul suedez, a subliniat importan\u021ba dialogului parlamentar \u00een dezvoltarea cooper\u0103rii \u00eentre cele dou\u0103 state \u0219i a propus stabilirea unui calendar sus\u021binut de contacte de lucru pe teme de interes comun.<\/p>\n<p>La r\u00e2ndul lor, oaspe\u021bii au exprimat deschiderea pentru cre\u0219terea sus\u021binut\u0103 a contactelor parlamentare bilaterale \u0219i au adresat Grupului omolog invita\u021bia de a efectua o vizit\u0103 \u00een Suedia.<\/p>\n<p>\u00cen cadrul convorbirilor au mai fost abordate subiecte referitoare la priorit\u0103\u021bile pre\u0219edin\u021biei suedeze a UE, \u00een contextul provoc\u0103rilor geopolitice \u0219i economice actuale cu care se confrunt\u0103 regiunea. A fost eviden\u021biat\u0103 necesitatea sus\u021binerii parcursului european al Ucrainei, Republicii Moldova \u0219i Georgiei \u0219i s-a discutat despre implicarea celor dou\u0103 state \u00een ajutorarea \u0219i integrarea refugia\u021bilor ucraineni.<\/p>\n<p>Oficialii rom\u00e2ni \u0219i suedezi au apreciat buna cooperare dintre cele dou\u0103 \u021b\u0103ri \u00een cadrul Uniunii Europene \u0219i \u0219i-au exprimat sus\u021binerea reciproc\u0103 pentru aderarea Rom\u00e2niei la spa\u021biul Schengen \u0219i pentru aderarea Suediei la NATO.<\/p>\n","protected":false},"excerpt":{"rendered":"<p>Din delega\u021bia suedez\u0103 au f\u0103cut parte Mikael Oscarsson, pre\u0219edintele Grupului, \u0219i Magnus Oscarsson, membru. Oaspe\u021bii au avut \u00eentrevederi cu senatoarea Cristina-Mariana Stocheci, vicepre\u0219edinta Grupului parlamentar de prietenie Rom\u00e2nia-Suedia, \u0219i cu membri ai Grupului, precum \u0219i cu senatoarea Nicoleta Pauliuc, pre\u0219edinta Comisiei pentru ap\u0103rare, ordine public\u0103 \u0219i siguran\u021b\u0103 na\u021bional\u0103 a Senatului. Partea rom\u00e2n\u0103 a salutat \u00eenfiin\u021barea [&hellip;]<\/p>\n","protected":false},"author":2,"featured_media":0,"comment_status":"closed","ping_status":"open","sticky":false,"template":"","format":"standard","meta":{"ngg_post_thumbnail":0,"footnotes":""},"categories":[1,7],"tags":[],"class_list":["post-2326","post","type-post","status-publish","format-standard","hentry","category-prietenie","category-viziteoficiale"],"_links":{"self":[{"href":"https:\/\/sites.senat.ro\/index.php?rest_route=\/wp\/v2\/posts\/2326","targetHints":{"allow":["GET"]}}],"collection":[{"href":"https:\/\/sites.senat.ro\/index.php?rest_route=\/wp\/v2\/posts"}],"about":[{"href":"https:\/\/sites.senat.ro\/index.php?rest_route=\/wp\/v2\/types\/post"}],"author":[{"embeddable":true,"href":"https:\/\/sites.senat.ro\/index.php?rest_route=\/wp\/v2\/users\/2"}],"replies":[{"embeddable":true,"href":"https:\/\/sites.senat.ro\/index.php?rest_route=%2Fwp%2Fv2%2Fcomments&post=2326"}],"version-history":[{"count":0,"href":"https:\/\/sites.senat.ro\/index.php?rest_route=\/wp\/v2\/posts\/2326\/revisions"}],"wp:attachment":[{"href":"https:\/\/sites.senat.ro\/index.php?rest_route=%2Fwp%2Fv2%2Fmedia&parent=2326"}],"wp:term":[{"taxonomy":"category","embeddable":true,"href":"https:\/\/sites.senat.ro\/index.php?rest_route=%2Fwp%2Fv2%2Fcategories&post=2326"},{"taxonomy":"post_tag","embeddable":true,"href":"https:\/\/sites.senat.ro\/index.php?rest_route=%2Fwp%2Fv2%2Ftags&post=2326"}],"curies":[{"name":"wp","href":"https:\/\/api.w.org\/{rel}","templated":true}]}}