{"id":2323,"date":"2023-05-08T14:51:49","date_gmt":"2023-05-08T14:51:49","guid":{"rendered":"http:\/\/sites.senat.ro\/?p=2323"},"modified":"2023-12-28T12:51:11","modified_gmt":"2023-12-28T12:51:11","slug":"vizita-oficiala-in-romania-a-delegatiei-grupului-parlamentar-de-prietenie-cu-bulgaria-republica-moldova-romania-din-bundestag-5-7-iunie-2023","status":"publish","type":"post","link":"https:\/\/sites.senat.ro\/?p=2323","title":{"rendered":"Vizita oficial\u0103 \u00een Rom\u00e2nia a delega\u021biei Grupului parlamentar de prietenie cu Bulgaria &#8211; Republica Moldova &#8211; Rom\u00e2nia din Bundestag (5-7 iunie 2023)"},"content":{"rendered":"<p>Vizita a avut loc la invita\u021bia deputatului Cristian-Tudor B\u0103canu, pre\u0219edintele Grupului parlamentar de prietenie&nbsp; Rom\u00e2nia &#8211; Republica Federal\u0103 Germania.<\/p>\n<p>Din delega\u021bia condus\u0103 de Bernhard Herrmann, pre\u0219edintele Grupului, au f\u0103cut parte deputa\u021bii Rita Hagl-Kehl, Reginald Hanke \u0219i Klaus Ernst, vicepre\u0219edin\u021bi ai Grupului.<\/p>\n<p><img loading=\"lazy\" decoding=\"async\" class=\"alignnone wp-image-2336\" src=\"https:\/\/sites.senat.ro\/wp-content\/uploads\/sites\/2\/2023\/08\/Germania_foto1-300x210.jpg\" alt=\"\" width=\"279\" height=\"195\" srcset=\"https:\/\/sites.senat.ro\/wp-content\/uploads\/2023\/08\/Germania_foto1-300x210.jpg 300w, https:\/\/sites.senat.ro\/wp-content\/uploads\/2023\/08\/Germania_foto1-768x538.jpg 768w, https:\/\/sites.senat.ro\/wp-content\/uploads\/2023\/08\/Germania_foto1-1024x717.jpg 1024w, https:\/\/sites.senat.ro\/wp-content\/uploads\/2023\/08\/Germania_foto1-732x513.jpg 732w, https:\/\/sites.senat.ro\/wp-content\/uploads\/2023\/08\/Germania_foto1-1140x798.jpg 1140w\" sizes=\"auto, (max-width: 279px) 100vw, 279px\" \/>&nbsp;&nbsp;<img loading=\"lazy\" decoding=\"async\" class=\"alignnone wp-image-2337\" src=\"https:\/\/sites.senat.ro\/wp-content\/uploads\/sites\/2\/2023\/08\/Germania_foto2-300x180.jpg\" alt=\"\" width=\"323\" height=\"194\" srcset=\"https:\/\/sites.senat.ro\/wp-content\/uploads\/2023\/08\/Germania_foto2-300x180.jpg 300w, https:\/\/sites.senat.ro\/wp-content\/uploads\/2023\/08\/Germania_foto2-768x460.jpg 768w, https:\/\/sites.senat.ro\/wp-content\/uploads\/2023\/08\/Germania_foto2-1024x613.jpg 1024w, https:\/\/sites.senat.ro\/wp-content\/uploads\/2023\/08\/Germania_foto2-732x438.jpg 732w, https:\/\/sites.senat.ro\/wp-content\/uploads\/2023\/08\/Germania_foto2-1140x683.jpg 1140w\" sizes=\"auto, (max-width: 323px) 100vw, 323px\" \/><\/p>\n<p>La nivel parlamentar, oaspe\u021bii avut convorbiri cu deputatul Cristian-Tudor B\u0103canu, pre\u0219edintele Grupului parlamentar de prietenie rom\u00e2no-german \u0219i cu membri ai Grupului, precum \u0219i cu deputatul Ovidiu Gan\u021b, secretar al Camerei Deputa\u021bilor, reprezentantul minorit\u0103\u021bii germane \u00een Parlamentul Rom\u00e2niei. Totodat\u0103,&nbsp; delega\u021bia avut o \u00eentrevedere cu senatorul Cristian-Augustin Niculescu-\u021a\u0103g\u00e2rla\u0219, pre\u0219edintele Comisiei juridice, de numiri, disciplin\u0103, imunit\u0103\u021bi \u0219i valid\u0103ri a Senatului, la care au participat \u0219i oficiali din partea Ministerul justi\u021biei &#8211; George \u0218erban, secretar de stat \u0219i Andrei Furdui, directorul Direc\u021biei de prevenire a criminalit\u0103\u021bii.<\/p>\n<p>Prin intermediul grupului omolog, partea rom\u00e2n\u0103 a transmis investitorilor germani un mesaj de \u00eencredere \u0219i disponibilitatea pentru extinderea colabor\u0103rii economice \u0219i comerciale dintre cele dou\u0103 state, prin identificarea unor noi domenii de cooperare precum: industria de automobile, infrastructura, energia verde, agricultura, s\u0103n\u0103tatea \u0219i educa\u021bia.<\/p>\n<p>P\u0103r\u021bile au subliniat contribu\u021bia pozitiv\u0103 a comunit\u0103\u021bii rom\u00e2ne\u0219ti din Germania \u0219i a comunit\u0103\u021bii germane din Rom\u00e2nia la bun\u0103starea social\u0103 \u0219i la diversitatea cultural\u0103 din cele dou\u0103 \u021b\u0103ri.&nbsp;<\/p>\n<p>Printre temele dezb\u0103tute \u00een cadrul convorbirilor s-au reg\u0103sit \u0219i: aderarea Rom\u00e2niei la spa\u021biul Schengen, combaterea corup\u021biei, consolidarea colabor\u0103rii rom\u00e2no-germane \u00een contextul parteneratului transatlantic, gestionarea migra\u021biei la nivel european, importan\u021ba strategic\u0103 a M\u0103rii Negre, consecin\u021bele economice \u0219i sociale ale agresiunii Rusiei \u00eempotriva Ucrainei, strategiile UE de reducere a emisiilor de gaze.<\/p>\n<p>Oaspe\u021bii au mai avut \u00eentrevederi cu: Lumini\u021ba-Teodora Odobescu, consilier preziden\u021bial, Departamentul afaceri europene; M\u0103d\u0103lina Turza, consilier de stat, cabinetul Prim-ministrului Rom\u00e2niei; Daniela G\u00eetman, secretar de stat pentru afaceri europene, Ministerul afacerilor externe.<\/p>\n","protected":false},"excerpt":{"rendered":"<p>Vizita a avut loc la invita\u021bia deputatului Cristian-Tudor B\u0103canu, pre\u0219edintele Grupului parlamentar de prietenie&nbsp; Rom\u00e2nia &#8211; Republica Federal\u0103 Germania. Din delega\u021bia condus\u0103 de Bernhard Herrmann, pre\u0219edintele Grupului, au f\u0103cut parte deputa\u021bii Rita Hagl-Kehl, Reginald Hanke \u0219i Klaus Ernst, vicepre\u0219edin\u021bi ai Grupului. &nbsp;&nbsp; La nivel parlamentar, oaspe\u021bii avut convorbiri cu deputatul Cristian-Tudor B\u0103canu, pre\u0219edintele Grupului parlamentar [&hellip;]<\/p>\n","protected":false},"author":2,"featured_media":0,"comment_status":"closed","ping_status":"open","sticky":false,"template":"","format":"standard","meta":{"ngg_post_thumbnail":0,"footnotes":""},"categories":[1,7],"tags":[],"class_list":["post-2323","post","type-post","status-publish","format-standard","hentry","category-prietenie","category-viziteoficiale"],"_links":{"self":[{"href":"https:\/\/sites.senat.ro\/index.php?rest_route=\/wp\/v2\/posts\/2323","targetHints":{"allow":["GET"]}}],"collection":[{"href":"https:\/\/sites.senat.ro\/index.php?rest_route=\/wp\/v2\/posts"}],"about":[{"href":"https:\/\/sites.senat.ro\/index.php?rest_route=\/wp\/v2\/types\/post"}],"author":[{"embeddable":true,"href":"https:\/\/sites.senat.ro\/index.php?rest_route=\/wp\/v2\/users\/2"}],"replies":[{"embeddable":true,"href":"https:\/\/sites.senat.ro\/index.php?rest_route=%2Fwp%2Fv2%2Fcomments&post=2323"}],"version-history":[{"count":0,"href":"https:\/\/sites.senat.ro\/index.php?rest_route=\/wp\/v2\/posts\/2323\/revisions"}],"wp:attachment":[{"href":"https:\/\/sites.senat.ro\/index.php?rest_route=%2Fwp%2Fv2%2Fmedia&parent=2323"}],"wp:term":[{"taxonomy":"category","embeddable":true,"href":"https:\/\/sites.senat.ro\/index.php?rest_route=%2Fwp%2Fv2%2Fcategories&post=2323"},{"taxonomy":"post_tag","embeddable":true,"href":"https:\/\/sites.senat.ro\/index.php?rest_route=%2Fwp%2Fv2%2Ftags&post=2323"}],"curies":[{"name":"wp","href":"https:\/\/api.w.org\/{rel}","templated":true}]}}