{"id":2321,"date":"2023-05-08T13:50:23","date_gmt":"2023-05-08T13:50:23","guid":{"rendered":"http:\/\/sites.senat.ro\/?p=2321"},"modified":"2023-12-28T12:50:42","modified_gmt":"2023-12-28T12:50:42","slug":"vizita-oficiala-in-franta-a-delegatiei-grupului-parlamentar-de-prietenie-romania-franta-din-senat-5-8-iunie-2023","status":"publish","type":"post","link":"https:\/\/sites.senat.ro\/?p=2321","title":{"rendered":"Vizita oficial\u0103 \u00een Fran\u021ba a delega\u021biei Grupului parlamentar de prietenie Rom\u00e2nia &#8211; Fran\u021ba din Senat (5-8 iunie 2023)"},"content":{"rendered":"<p>Ac\u021biunea a avut loc la invita\u021bia senatorului Bernard Fournier, pre\u0219edintele Grupului parlamentar de prietenie cu Rom\u00e2nia din Senatul francez, ca r\u0103spuns la vizita efectuat\u0103 de delega\u021bia francez\u0103 la Bucure\u0219ti, \u00een perioada 8-11 iunie 2022.<\/p>\n<p><img loading=\"lazy\" decoding=\"async\" class=\"size-medium wp-image-2331 alignleft\" src=\"https:\/\/sites.senat.ro\/wp-content\/uploads\/sites\/2\/2023\/08\/Franta_foto3-300x225.jpg\" alt=\"\" width=\"300\" height=\"225\" srcset=\"https:\/\/sites.senat.ro\/wp-content\/uploads\/2023\/08\/Franta_foto3-300x225.jpg 300w, https:\/\/sites.senat.ro\/wp-content\/uploads\/2023\/08\/Franta_foto3-768x576.jpg 768w, https:\/\/sites.senat.ro\/wp-content\/uploads\/2023\/08\/Franta_foto3-1024x768.jpg 1024w, https:\/\/sites.senat.ro\/wp-content\/uploads\/2023\/08\/Franta_foto3-732x549.jpg 732w, https:\/\/sites.senat.ro\/wp-content\/uploads\/2023\/08\/Franta_foto3-1140x855.jpg 1140w, https:\/\/sites.senat.ro\/wp-content\/uploads\/2023\/08\/Franta_foto3.jpg 2016w\" sizes=\"auto, (max-width: 300px) 100vw, 300px\" \/>Din delega\u021bia condus\u0103 de senatorul Titus Corl\u0103\u021bean, pre\u0219edintele Grupului, au f\u0103cut parte senatorii Cristian Bordei, vicepre\u0219edintele Grupului, Ioan Dene\u0219, Alexandru Nazare \u0219i Andrei Busuioc, membri ai Grupului.<\/p>\n<p>Senatorii rom\u00e2ni au avut \u00eentrevederi cu: membrii grupurilor parlamentare de prietenie cu Rom\u00e2nia din Senatul francez \u0219i din Adunarea Na\u021bional\u0103, conduse de senatorul Bernard Fournier \u0219i, respectiv, de deputatul Jean-Marie Fi\u00e8vet;&nbsp; Roger Karoutchi, vicepre\u0219edintele Senatului francez; Christian Cambon, pre\u0219edintele Comisiei pentru afaceri externe, ap\u0103rare \u0219i for\u021be armate din Senat; Jean-Fran\u00e7ois Rapin, pre\u0219edintele Comisiei pentru afaceri europene din Senat. La nivel guvernamental, delega\u021bia a avut discu\u021bii cu: Laurence Boone, secretar de stat pentru afaceri europene; Christophe Gigaudaut, delegatul pentru afaceri francofone din cadrul Ministerului pentru Europa \u015fi afaceri externe; Philippe Gustin, prefect, directorul de cabinet al ministrului ap\u0103r\u0103rii. Totodat\u0103, senatorul Titus Corl\u0103\u0163ean a avut o \u00eentrevedere cu Laurent Fabius, pre\u0219edintele Consiliului Constitu\u021bional al Fran\u021bei.<\/p>\n<p><img loading=\"lazy\" decoding=\"async\" class=\"alignnone size-medium wp-image-2332\" src=\"https:\/\/sites.senat.ro\/wp-content\/uploads\/sites\/2\/2023\/08\/Franta_foto1-300x225.jpg\" alt=\"\" width=\"300\" height=\"225\" srcset=\"https:\/\/sites.senat.ro\/wp-content\/uploads\/2023\/08\/Franta_foto1-300x225.jpg 300w, https:\/\/sites.senat.ro\/wp-content\/uploads\/2023\/08\/Franta_foto1-768x576.jpg 768w, https:\/\/sites.senat.ro\/wp-content\/uploads\/2023\/08\/Franta_foto1-1024x768.jpg 1024w, https:\/\/sites.senat.ro\/wp-content\/uploads\/2023\/08\/Franta_foto1-732x549.jpg 732w, https:\/\/sites.senat.ro\/wp-content\/uploads\/2023\/08\/Franta_foto1-1140x855.jpg 1140w, https:\/\/sites.senat.ro\/wp-content\/uploads\/2023\/08\/Franta_foto1.jpg 1600w\" sizes=\"auto, (max-width: 300px) 100vw, 300px\" \/> <img loading=\"lazy\" decoding=\"async\" class=\"alignnone size-medium wp-image-2330\" src=\"https:\/\/sites.senat.ro\/wp-content\/uploads\/sites\/2\/2023\/08\/Franta_foto2-300x225.jpg\" alt=\"\" width=\"300\" height=\"225\" srcset=\"https:\/\/sites.senat.ro\/wp-content\/uploads\/2023\/08\/Franta_foto2-300x225.jpg 300w, https:\/\/sites.senat.ro\/wp-content\/uploads\/2023\/08\/Franta_foto2-768x576.jpg 768w, https:\/\/sites.senat.ro\/wp-content\/uploads\/2023\/08\/Franta_foto2-1024x768.jpg 1024w, https:\/\/sites.senat.ro\/wp-content\/uploads\/2023\/08\/Franta_foto2-732x549.jpg 732w, https:\/\/sites.senat.ro\/wp-content\/uploads\/2023\/08\/Franta_foto2-1140x855.jpg 1140w, https:\/\/sites.senat.ro\/wp-content\/uploads\/2023\/08\/Franta_foto2.jpg 2016w\" sizes=\"auto, (max-width: 300px) 100vw, 300px\" \/><\/p>\n<p>Cu ocazia s\u0103rb\u0103torii a 15 ani de la semnarea Parteneriatului Strategic dintre Fran\u021ba \u0219i Rom\u00e2nia \u0219i a 30 de ani de la aderarea Rom\u00e2niei la Organiza\u021bia Interna\u021bional\u0103 a Francofoniei, p\u0103r\u021bile au salutat rela\u021biile profunde \u0219i \u00eendelungate care leag\u0103 cele dou\u0103 \u021b\u0103ri \u0219i excelenta colaborare \u00een promovarea valorilor \u0219i viziunilor comune, \u00een plan bilateral, european \u0219i interna\u021bional.<\/p>\n<p>Pe agenda discu\u021biilor s-au aflat teme de interes privind: cooperarea \u00een plan bilateral, \u00een domeniul&nbsp; politic, economic \u0219i strategic; aderarea Rom\u00e2niei la spa\u021biul Schengen \u0219i la OCDE; r\u0103zboiul de agresiune rus din Ucraina; importan\u021ba strategic\u0103 a regiunii M\u0103rii Negre; Republica Moldova; colaborarea \u00een spa\u021biul francofon. Vizita a contribuit la aprofundarea rela\u021biei de parteneriat strategic dintre Rom\u00e2nia \u0219i Republica Francez\u0103 \u0219i la consolidarea cooper\u0103rii \u00een cadrul unor proiecte comune \u0219i al unei game extinse de subiecte de interes reciproc, at\u00e2t \u00een plan bilateral, c\u00e2t \u0219i al agendei europene.<\/p>\n<p>\u00cen contextul marc\u0103rii, \u00een Rom\u00e2nia, a zilei de 4 iunie ca <em>Zi a Tratatului de pace de la Trianon<\/em>, senatorul Titus Corl\u0103\u021bean a mul\u021bumit autorit\u0103\u021bilor franceze pentru rolul istoric jucat \u00een 1920 de oficialii politici \u0219i militari francezi la Conferin\u021ba de pace de la Versailles \u0219i pentru recunoa\u0219terea interna\u021bional\u0103 a Marii Uniri a Transilvaniei cu Patria Mam\u0103 &#8211; Rom\u00e2nia.<\/p>\n","protected":false},"excerpt":{"rendered":"<p>Ac\u021biunea a avut loc la invita\u021bia senatorului Bernard Fournier, pre\u0219edintele Grupului parlamentar de prietenie cu Rom\u00e2nia din Senatul francez, ca r\u0103spuns la vizita efectuat\u0103 de delega\u021bia francez\u0103 la Bucure\u0219ti, \u00een perioada 8-11 iunie 2022. Din delega\u021bia condus\u0103 de senatorul Titus Corl\u0103\u021bean, pre\u0219edintele Grupului, au f\u0103cut parte senatorii Cristian Bordei, vicepre\u0219edintele Grupului, Ioan Dene\u0219, Alexandru Nazare [&hellip;]<\/p>\n","protected":false},"author":2,"featured_media":0,"comment_status":"closed","ping_status":"open","sticky":false,"template":"","format":"standard","meta":{"ngg_post_thumbnail":0,"footnotes":""},"categories":[1,7],"tags":[],"class_list":["post-2321","post","type-post","status-publish","format-standard","hentry","category-prietenie","category-viziteoficiale"],"_links":{"self":[{"href":"https:\/\/sites.senat.ro\/index.php?rest_route=\/wp\/v2\/posts\/2321","targetHints":{"allow":["GET"]}}],"collection":[{"href":"https:\/\/sites.senat.ro\/index.php?rest_route=\/wp\/v2\/posts"}],"about":[{"href":"https:\/\/sites.senat.ro\/index.php?rest_route=\/wp\/v2\/types\/post"}],"author":[{"embeddable":true,"href":"https:\/\/sites.senat.ro\/index.php?rest_route=\/wp\/v2\/users\/2"}],"replies":[{"embeddable":true,"href":"https:\/\/sites.senat.ro\/index.php?rest_route=%2Fwp%2Fv2%2Fcomments&post=2321"}],"version-history":[{"count":0,"href":"https:\/\/sites.senat.ro\/index.php?rest_route=\/wp\/v2\/posts\/2321\/revisions"}],"wp:attachment":[{"href":"https:\/\/sites.senat.ro\/index.php?rest_route=%2Fwp%2Fv2%2Fmedia&parent=2321"}],"wp:term":[{"taxonomy":"category","embeddable":true,"href":"https:\/\/sites.senat.ro\/index.php?rest_route=%2Fwp%2Fv2%2Fcategories&post=2321"},{"taxonomy":"post_tag","embeddable":true,"href":"https:\/\/sites.senat.ro\/index.php?rest_route=%2Fwp%2Fv2%2Ftags&post=2321"}],"curies":[{"name":"wp","href":"https:\/\/api.w.org\/{rel}","templated":true}]}}