{"id":2318,"date":"2023-06-12T12:49:49","date_gmt":"2023-06-12T12:49:49","guid":{"rendered":"http:\/\/sites.senat.ro\/?p=2318"},"modified":"2023-12-28T12:50:09","modified_gmt":"2023-12-28T12:50:09","slug":"raportul-femeile-in-parlament-2022","status":"publish","type":"post","link":"https:\/\/sites.senat.ro\/?p=2318","title":{"rendered":"Raportul \u201eFemeile \u00een parlament 2022\u201d"},"content":{"rendered":"<p><img loading=\"lazy\" decoding=\"async\" class=\"size-medium wp-image-2319 alignleft\" src=\"https:\/\/sites.senat.ro\/wp-content\/uploads\/sites\/2\/2023\/08\/Women-in-Parliament-217x300.jpg\" alt=\"\" width=\"217\" height=\"300\" srcset=\"https:\/\/sites.senat.ro\/wp-content\/uploads\/2023\/08\/Women-in-Parliament-217x300.jpg 217w, https:\/\/sites.senat.ro\/wp-content\/uploads\/2023\/08\/Women-in-Parliament.jpg 633w\" sizes=\"auto, (max-width: 217px) 100vw, 217px\" \/>Potrivit publica\u021biei, participarea femeilor \u00een parlament nu a fost niciodat\u0103 at\u00e2t de divers\u0103 \u0219i de reprezentativ\u0103. Mai mult, pentru prima dat\u0103 \u00een istorie, niciun parlament nu mai este alc\u0103tuit exclusiv din b\u0103rba\u021bi.<\/p>\n<p>Concluziile raportului anual al UIP, care se bazeaz\u0103 pe rezultatele alegerilor parlamentare organizate \u00een 47 de \u021b\u0103ri \u00een 2022, eviden\u021biaz\u0103 c\u0103 25,8% din locuri au fost ocupate de femei, ceea ce reprezint\u0103 o cre\u0219tere cu 2,3 % fa\u021b\u0103 de procentul \u00eenregistrat dup\u0103 alegerile din 2021.<\/p>\n<p>Cu toate acestea, progresul general este extrem de lent. Ponderea global\u0103 a femeilor \u00een parlament, de 26,5% la 1 ianuarie 2023, indic\u0103 o cre\u0219tere anual\u0103 de doar 0,4%, cea mai mic\u0103 din ultimii \u0219ase ani.<\/p>\n<p>Transform\u0103rile tehnologice impuse de adaptarea la pandemia de COVID-19 au determinat parlamentele s\u0103 devin\u0103 mai sensibile din punct de vedere al egalit\u0103\u021bii de gen \u0219i mai prietenoase cu familia. Cre\u0219terea gradului de con\u0219tientizare a discrimin\u0103rii \u0219i a violen\u021bei bazate pe gen, precum \u0219i alian\u021bele cu diferite mi\u0219c\u0103ri sociale, sunt al\u021bi factori care au permis femeilor s\u0103 ob\u021bin\u0103 rezultate bune \u00een cadrul alegerilor legislative.<\/p>\n<p>Rezultatele alegerilor parlamentare din 2022 confirm\u0103 c\u0103 un factor decisiv \u00een cre\u0219terea particip\u0103rii femeilor \u00een parlamentele na\u021bionale \u00eel reprezint\u0103 cotele de gen, stabilite prin constitu\u021bie sau prin legi electorale.<\/p>\n<p>Raportul poate fi consultat <a href=\"https:\/\/www.ipu.org\/resources\/publications\/reports\/2023-03\/women-in-parliament-2022\">aici<\/a>.<\/p>\n","protected":false},"excerpt":{"rendered":"<p>Potrivit publica\u021biei, participarea femeilor \u00een parlament nu a fost niciodat\u0103 at\u00e2t de divers\u0103 \u0219i de reprezentativ\u0103. Mai mult, pentru prima dat\u0103 \u00een istorie, niciun parlament nu mai este alc\u0103tuit exclusiv din b\u0103rba\u021bi. Concluziile raportului anual al UIP, care se bazeaz\u0103 pe rezultatele alegerilor parlamentare organizate \u00een 47 de \u021b\u0103ri \u00een 2022, eviden\u021biaz\u0103 c\u0103 25,8% din [&hellip;]<\/p>\n","protected":false},"author":2,"featured_media":0,"comment_status":"closed","ping_status":"open","sticky":false,"template":"","format":"standard","meta":{"ngg_post_thumbnail":0,"footnotes":""},"categories":[6,2],"tags":[],"class_list":["post-2318","post","type-post","status-publish","format-standard","hentry","category-publicatii","category-repere"],"_links":{"self":[{"href":"https:\/\/sites.senat.ro\/index.php?rest_route=\/wp\/v2\/posts\/2318","targetHints":{"allow":["GET"]}}],"collection":[{"href":"https:\/\/sites.senat.ro\/index.php?rest_route=\/wp\/v2\/posts"}],"about":[{"href":"https:\/\/sites.senat.ro\/index.php?rest_route=\/wp\/v2\/types\/post"}],"author":[{"embeddable":true,"href":"https:\/\/sites.senat.ro\/index.php?rest_route=\/wp\/v2\/users\/2"}],"replies":[{"embeddable":true,"href":"https:\/\/sites.senat.ro\/index.php?rest_route=%2Fwp%2Fv2%2Fcomments&post=2318"}],"version-history":[{"count":0,"href":"https:\/\/sites.senat.ro\/index.php?rest_route=\/wp\/v2\/posts\/2318\/revisions"}],"wp:attachment":[{"href":"https:\/\/sites.senat.ro\/index.php?rest_route=%2Fwp%2Fv2%2Fmedia&parent=2318"}],"wp:term":[{"taxonomy":"category","embeddable":true,"href":"https:\/\/sites.senat.ro\/index.php?rest_route=%2Fwp%2Fv2%2Fcategories&post=2318"},{"taxonomy":"post_tag","embeddable":true,"href":"https:\/\/sites.senat.ro\/index.php?rest_route=%2Fwp%2Fv2%2Ftags&post=2318"}],"curies":[{"name":"wp","href":"https:\/\/api.w.org\/{rel}","templated":true}]}}