{"id":2315,"date":"2023-06-21T12:49:09","date_gmt":"2023-06-21T12:49:09","guid":{"rendered":"http:\/\/sites.senat.ro\/?p=2315"},"modified":"2023-12-28T12:49:43","modified_gmt":"2023-12-28T12:49:43","slug":"ghidul-10-actiuni-pentru-parlamente-mai-ecologice","status":"publish","type":"post","link":"https:\/\/sites.senat.ro\/?p=2315","title":{"rendered":"Ghidul \u201d10 ac\u021biuni pentru parlamente mai ecologice\u201d"},"content":{"rendered":"<p><img loading=\"lazy\" decoding=\"async\" class=\"size-medium wp-image-2316 alignleft\" src=\"https:\/\/sites.senat.ro\/wp-content\/uploads\/sites\/2\/2023\/08\/10-actions-218x300.jpg\" alt=\"\" width=\"218\" height=\"300\" srcset=\"https:\/\/sites.senat.ro\/wp-content\/uploads\/2023\/08\/10-actions-218x300.jpg 218w, https:\/\/sites.senat.ro\/wp-content\/uploads\/2023\/08\/10-actions.jpg 560w\" sizes=\"auto, (max-width: 218px) 100vw, 218px\" \/>Publica\u021bia face parte din campania UIP <em>Parlamentele pentru planet\u0103<\/em>, care \u00eencurajeaz\u0103 parlamentele s\u0103 func\u021bioneze mai ecologic \u0219i s\u0103-\u0219i reduc\u0103 propria amprent\u0103 de carbon. \u00cen aceea\u0219i m\u0103sur\u0103, ini\u021biativa invit\u0103 parlamentele \u0219i pe membrii acestora s\u0103 devin\u0103, prin puterea exemplului, lideri ai ac\u021biunii climatice.<\/p>\n<p><em>Lansat\u0103 cu ocazia celei de-a 147-a sesiuni a UIP, campania are rolul de a ajuta parlamentele s\u0103 elaboreze legi eficiente, s\u0103 voteze bugetele necesare \u0219i s\u0103 controleze mai bine activitatea guvernelor \u00een domeniul schimb\u0103rilor climatice. \u00cen acela\u0219i timp, parlamentelor li se recomand\u0103 s\u0103 se implice mai activ \u00een procesele asociate Conven\u021biei-cadru a Na\u021biunilor Unite privind schimb\u0103rile climatice. Nu \u00een ultimul r\u00e2nd, campania serve\u0219te drept platform\u0103 pentru schimburi de bune practici parlamentare \u0219i va permite accesul la o baz\u0103 de date cu legi, politici \u0219i date \u0219tiin\u021bifice referitoare la schimb\u0103rile climatice.<\/em><\/p>\n<p>Ghidul prezint\u0103 un <a href=\"https:\/\/www.ipu.org\/resources\/publications\/reference\/2023-03\/10-actions-greener-parliaments\">set de 10 ac\u021biuni<\/a> prin care legislativele na\u021bionale, parlamentarii \u0219i personalul parlamentar le pot avea \u00een vedere pentru promovarea unor parlamente mai ecologice.<\/p>\n","protected":false},"excerpt":{"rendered":"<p>Publica\u021bia face parte din campania UIP Parlamentele pentru planet\u0103, care \u00eencurajeaz\u0103 parlamentele s\u0103 func\u021bioneze mai ecologic \u0219i s\u0103-\u0219i reduc\u0103 propria amprent\u0103 de carbon. \u00cen aceea\u0219i m\u0103sur\u0103, ini\u021biativa invit\u0103 parlamentele \u0219i pe membrii acestora s\u0103 devin\u0103, prin puterea exemplului, lideri ai ac\u021biunii climatice. Lansat\u0103 cu ocazia celei de-a 147-a sesiuni a UIP, campania are rolul de [&hellip;]<\/p>\n","protected":false},"author":2,"featured_media":0,"comment_status":"closed","ping_status":"open","sticky":false,"template":"","format":"standard","meta":{"ngg_post_thumbnail":0,"footnotes":""},"categories":[6,2],"tags":[],"class_list":["post-2315","post","type-post","status-publish","format-standard","hentry","category-publicatii","category-repere"],"_links":{"self":[{"href":"https:\/\/sites.senat.ro\/index.php?rest_route=\/wp\/v2\/posts\/2315","targetHints":{"allow":["GET"]}}],"collection":[{"href":"https:\/\/sites.senat.ro\/index.php?rest_route=\/wp\/v2\/posts"}],"about":[{"href":"https:\/\/sites.senat.ro\/index.php?rest_route=\/wp\/v2\/types\/post"}],"author":[{"embeddable":true,"href":"https:\/\/sites.senat.ro\/index.php?rest_route=\/wp\/v2\/users\/2"}],"replies":[{"embeddable":true,"href":"https:\/\/sites.senat.ro\/index.php?rest_route=%2Fwp%2Fv2%2Fcomments&post=2315"}],"version-history":[{"count":0,"href":"https:\/\/sites.senat.ro\/index.php?rest_route=\/wp\/v2\/posts\/2315\/revisions"}],"wp:attachment":[{"href":"https:\/\/sites.senat.ro\/index.php?rest_route=%2Fwp%2Fv2%2Fmedia&parent=2315"}],"wp:term":[{"taxonomy":"category","embeddable":true,"href":"https:\/\/sites.senat.ro\/index.php?rest_route=%2Fwp%2Fv2%2Fcategories&post=2315"},{"taxonomy":"post_tag","embeddable":true,"href":"https:\/\/sites.senat.ro\/index.php?rest_route=%2Fwp%2Fv2%2Ftags&post=2315"}],"curies":[{"name":"wp","href":"https:\/\/api.w.org\/{rel}","templated":true}]}}