{"id":2312,"date":"2023-06-10T12:48:48","date_gmt":"2023-06-10T12:48:48","guid":{"rendered":"http:\/\/sites.senat.ro\/?p=2312"},"modified":"2023-12-28T12:49:04","modified_gmt":"2023-12-28T12:49:04","slug":"harta-femeile-in-politica-2023","status":"publish","type":"post","link":"https:\/\/sites.senat.ro\/?p=2312","title":{"rendered":"Harta \u201dFemeile \u00een politic\u0103: 2023\u201d"},"content":{"rendered":"<p><img loading=\"lazy\" decoding=\"async\" class=\"size-medium wp-image-2313 alignleft\" src=\"https:\/\/sites.senat.ro\/wp-content\/uploads\/sites\/2\/2023\/08\/Map-300x199.jpg\" alt=\"\" width=\"300\" height=\"199\" srcset=\"https:\/\/sites.senat.ro\/wp-content\/uploads\/2023\/08\/Map-300x199.jpg 300w, https:\/\/sites.senat.ro\/wp-content\/uploads\/2023\/08\/Map-768x510.jpg 768w, https:\/\/sites.senat.ro\/wp-content\/uploads\/2023\/08\/Map-1024x680.jpg 1024w, https:\/\/sites.senat.ro\/wp-content\/uploads\/2023\/08\/Map-732x486.jpg 732w, https:\/\/sites.senat.ro\/wp-content\/uploads\/2023\/08\/Map-1140x757.jpg 1140w, https:\/\/sites.senat.ro\/wp-content\/uploads\/2023\/08\/Map.jpg 1262w\" sizes=\"auto, (max-width: 300px) 100vw, 300px\" \/>Edi\u021bia din acest an eviden\u021biaz\u0103 faptul c\u0103 num\u0103rul de femei ce de\u021bin func\u021bii politice la cel mai \u00eenalt nivel este mai mare ca niciodat\u0103, dar, cu toate acestea, egalitatea de gen este \u00eenc\u0103 departe de a fi realizat\u0103.<\/p>\n<p>De\u0219i datele globale privind prezen\u021ba femeilor \u00een parlamente \u0219i guverne la 1 ianuarie 2023 arat\u0103 o cre\u0219tere considerabil\u0103 a num\u0103rului de \u021b\u0103ri \u00een care femeile ocup\u0103 func\u021bii de \u0219ef de stat \u0219i de guvern, dar \u0219i un nivel record al num\u0103rului de femei cu rang de ministru, \u00een multe regiuni ale lumii progresele sunt minime.<\/p>\n<p>La nivel mondial, ponderea femeilor parlamentare continu\u0103 s\u0103 creasc\u0103 \u00eentr-un ritm relativ lent, de la 25,5% \u00een 2022 la 26,5% \u00een 2023. \u00cen clasamentul regiunilor, pe primul loc se men\u021bin \u0163\u0103rile nordice, cu 45,7%, urmate de continentul american, cu 34,9%, &nbsp;\u015fi de \u0163\u0103rile europene, cu 31,1%.<\/p>\n<p>\u00cen clasamentul pe \u021b\u0103ri, pe primele trei pozi\u0163ii se situeaz\u0103 Rwanda (cu 61,3% femei \u00een prima Camer\u0103 \u015fi 34,6% femei \u00een cea de-a doua Camer\u0103), urmat\u0103 de Cuba (53,4%) \u0219i Nicaragua (51,7%).&nbsp;<strong>Cu procente de 19,1% femei \u00een Camera Deputa\u0163ilor \u015fi 18,4% femei \u00een Senat, Rom\u00e2nia \u00eenregistreaz\u0103 o u\u0219oar\u0103 urcare \u00een clasamentul mondial, de la pozi\u021bia 124, de\u021binut\u0103 \u00een 2022, la pozi\u0163ia 120, la egalitate cu Bosnia \u0219i Her\u021begovina \u0219i cu Republica Coreea.<\/strong><\/p>\n<p>Informa\u021bii detaliate privind clasamentul \u021b\u0103rilor \u00een care femeile ocup\u0103 cele mai \u00eenalte pozi\u021bii \u00een stat \u0219i domeniile ministeriale conduse de femei, pot fi consultate <a href=\"https:\/\/www.ipu.org\/resources\/publications\/infographics\/2023-03\/women-in-politics-2023\">aici<\/a>.<\/p>\n","protected":false},"excerpt":{"rendered":"<p>Edi\u021bia din acest an eviden\u021biaz\u0103 faptul c\u0103 num\u0103rul de femei ce de\u021bin func\u021bii politice la cel mai \u00eenalt nivel este mai mare ca niciodat\u0103, dar, cu toate acestea, egalitatea de gen este \u00eenc\u0103 departe de a fi realizat\u0103. De\u0219i datele globale privind prezen\u021ba femeilor \u00een parlamente \u0219i guverne la 1 ianuarie 2023 arat\u0103 o cre\u0219tere [&hellip;]<\/p>\n","protected":false},"author":2,"featured_media":0,"comment_status":"closed","ping_status":"open","sticky":false,"template":"","format":"standard","meta":{"ngg_post_thumbnail":0,"footnotes":""},"categories":[6,2],"tags":[],"class_list":["post-2312","post","type-post","status-publish","format-standard","hentry","category-publicatii","category-repere"],"_links":{"self":[{"href":"https:\/\/sites.senat.ro\/index.php?rest_route=\/wp\/v2\/posts\/2312","targetHints":{"allow":["GET"]}}],"collection":[{"href":"https:\/\/sites.senat.ro\/index.php?rest_route=\/wp\/v2\/posts"}],"about":[{"href":"https:\/\/sites.senat.ro\/index.php?rest_route=\/wp\/v2\/types\/post"}],"author":[{"embeddable":true,"href":"https:\/\/sites.senat.ro\/index.php?rest_route=\/wp\/v2\/users\/2"}],"replies":[{"embeddable":true,"href":"https:\/\/sites.senat.ro\/index.php?rest_route=%2Fwp%2Fv2%2Fcomments&post=2312"}],"version-history":[{"count":0,"href":"https:\/\/sites.senat.ro\/index.php?rest_route=\/wp\/v2\/posts\/2312\/revisions"}],"wp:attachment":[{"href":"https:\/\/sites.senat.ro\/index.php?rest_route=%2Fwp%2Fv2%2Fmedia&parent=2312"}],"wp:term":[{"taxonomy":"category","embeddable":true,"href":"https:\/\/sites.senat.ro\/index.php?rest_route=%2Fwp%2Fv2%2Fcategories&post=2312"},{"taxonomy":"post_tag","embeddable":true,"href":"https:\/\/sites.senat.ro\/index.php?rest_route=%2Fwp%2Fv2%2Ftags&post=2312"}],"curies":[{"name":"wp","href":"https:\/\/api.w.org\/{rel}","templated":true}]}}