{"id":2309,"date":"2023-06-09T12:48:18","date_gmt":"2023-06-09T12:48:18","guid":{"rendered":"http:\/\/sites.senat.ro\/?p=2309"},"modified":"2023-12-28T12:48:36","modified_gmt":"2023-12-28T12:48:36","slug":"raportul-parlamentar-privind-religia-si-credinta","status":"publish","type":"post","link":"https:\/\/sites.senat.ro\/?p=2309","title":{"rendered":"Raportul parlamentar privind religia \u0219i credin\u021ba"},"content":{"rendered":"<p><img loading=\"lazy\" decoding=\"async\" class=\"size-medium wp-image-2310 alignleft\" src=\"https:\/\/sites.senat.ro\/wp-content\/uploads\/sites\/2\/2023\/08\/Ghid-religii-213x300.jpg\" alt=\"\" width=\"213\" height=\"300\" srcset=\"https:\/\/sites.senat.ro\/wp-content\/uploads\/2023\/08\/Ghid-religii-213x300.jpg 213w, https:\/\/sites.senat.ro\/wp-content\/uploads\/2023\/08\/Ghid-religii.jpg 638w\" sizes=\"auto, (max-width: 213px) 100vw, 213px\" \/>Ilustr\u00e2nd rezultatele unor studii de caz derulate \u00een anul 2022, la care au participat 53 de parlamente na\u021bionale, precum \u0219i ale unor interviuri cu 55 de parlamentari, func\u021bionari parlamentari \u0219i exper\u021bi,&nbsp; <a href=\"https:\/\/www.ipu.org\/resources\/publications\/reports\/2023-05\/parliamentary-report-religion-and-belief\">raportul<\/a> examineaz\u0103 modul \u00een care parlamentele integreaz\u0103 religia \u0219i credin\u021ba la nivel institu\u021bional, prin legisla\u021bie, reprezentare, structuri parlamentare \u0219i mecanisme de consultare cu organiza\u021biile confesionale \u0219i publicul larg.<\/p>\n<p><strong>Unul dintre studiile de caz incluse \u00een raport este cel al comisiilor de specialitate din Parlamentul Rom\u00e2niei.<\/strong> Sunt prezentate succint situa\u021bia cultelor religioase \u0219i a minorit\u0103\u021bilor na\u021bionale din \u021bara noastr\u0103, potrivit datelor provizorii ale recens\u0103m\u00e2ntului din 2022, precum \u0219i obiectivele \u0219i principalele atribu\u021bii ale Comisiei pentru drepturile omului, egalitate de \u0219anse, culte \u0219i minorit\u0103\u021bi din Senat \u0219i ale Comisiei pentru drepturile omului, culte \u0219i problemele minorit\u0103\u021bilor na\u021bionale din Camera Deputa\u021bilor.&nbsp;&nbsp;&nbsp;<\/p>\n","protected":false},"excerpt":{"rendered":"<p>Ilustr\u00e2nd rezultatele unor studii de caz derulate \u00een anul 2022, la care au participat 53 de parlamente na\u021bionale, precum \u0219i ale unor interviuri cu 55 de parlamentari, func\u021bionari parlamentari \u0219i exper\u021bi,&nbsp; raportul examineaz\u0103 modul \u00een care parlamentele integreaz\u0103 religia \u0219i credin\u021ba la nivel institu\u021bional, prin legisla\u021bie, reprezentare, structuri parlamentare \u0219i mecanisme de consultare cu organiza\u021biile [&hellip;]<\/p>\n","protected":false},"author":2,"featured_media":0,"comment_status":"closed","ping_status":"open","sticky":false,"template":"","format":"standard","meta":{"ngg_post_thumbnail":0,"footnotes":""},"categories":[6,2],"tags":[],"class_list":["post-2309","post","type-post","status-publish","format-standard","hentry","category-publicatii","category-repere"],"_links":{"self":[{"href":"https:\/\/sites.senat.ro\/index.php?rest_route=\/wp\/v2\/posts\/2309","targetHints":{"allow":["GET"]}}],"collection":[{"href":"https:\/\/sites.senat.ro\/index.php?rest_route=\/wp\/v2\/posts"}],"about":[{"href":"https:\/\/sites.senat.ro\/index.php?rest_route=\/wp\/v2\/types\/post"}],"author":[{"embeddable":true,"href":"https:\/\/sites.senat.ro\/index.php?rest_route=\/wp\/v2\/users\/2"}],"replies":[{"embeddable":true,"href":"https:\/\/sites.senat.ro\/index.php?rest_route=%2Fwp%2Fv2%2Fcomments&post=2309"}],"version-history":[{"count":0,"href":"https:\/\/sites.senat.ro\/index.php?rest_route=\/wp\/v2\/posts\/2309\/revisions"}],"wp:attachment":[{"href":"https:\/\/sites.senat.ro\/index.php?rest_route=%2Fwp%2Fv2%2Fmedia&parent=2309"}],"wp:term":[{"taxonomy":"category","embeddable":true,"href":"https:\/\/sites.senat.ro\/index.php?rest_route=%2Fwp%2Fv2%2Fcategories&post=2309"},{"taxonomy":"post_tag","embeddable":true,"href":"https:\/\/sites.senat.ro\/index.php?rest_route=%2Fwp%2Fv2%2Ftags&post=2309"}],"curies":[{"name":"wp","href":"https:\/\/api.w.org\/{rel}","templated":true}]}}