{"id":2302,"date":"2023-03-17T11:58:55","date_gmt":"2023-03-17T11:58:55","guid":{"rendered":"http:\/\/sites.senat.ro\/?p=2302"},"modified":"2023-12-28T12:47:35","modified_gmt":"2023-12-28T12:47:35","slug":"summit-ul-mondial-pentru-societatea-informationala-geneva-13-17-martie-2023","status":"publish","type":"post","link":"https:\/\/sites.senat.ro\/?p=2302","title":{"rendered":"Summit-ul Mondial pentru Societatea Informa\u021bional\u0103 (Geneva, 13-17 martie 2023)"},"content":{"rendered":"<p><img loading=\"lazy\" decoding=\"async\" class=\" wp-image-2303 alignleft\" src=\"https:\/\/sites.senat.ro\/wp-content\/uploads\/sites\/2\/2023\/08\/Logo_WSIS.jpg\" alt=\"\" width=\"157\" height=\"176\">Summit-ul a fost co-organizat de Uniunea Interna\u021bional\u0103 a Telecomunica\u021biilor (UIT), Organiza\u021bia Na\u021biunilor Unite pentru Educa\u021bie, \u0218tiin\u021b\u0103 \u0219i Cultur\u0103 (UNESCO), Conferin\u021ba Na\u021biunilor Unite pentru Comer\u021b \u0219i Dezvoltare (UNCTAD) \u0219i Programul Na\u021biunilor Unite pentru Dezvoltare (PNUD), \u00een str\u00e2ns\u0103 colaborare cu alte organiza\u021bii din sistemul Na\u021biunilor Unite.<\/p>\n<p><em>Summit-ul Mondial pentru Societatea Informa\u021bional\u0103 (World Summit of Information \u2013 WSIS), organizat anual, reprezint\u0103 o platform\u0103 global\u0103 de discu\u021bii pentru identificarea modalit\u0103\u021bilor prin care tehnologiile informa\u021biei \u0219i comunica\u021biilor pot contribui la realizarea Obiectivelor Dezvolt\u0103rii Durabile. <\/em><\/p>\n<p>Parlamentul Rom\u00e2niei a fost reprezentat de senatorul Eugen-Remus Negoi, membru al Comisiei pentru comunica\u021bii, tehnologia informa\u021biei \u0219i inteligen\u021b\u0103 artificial\u0103 din Senat.<\/p>\n<p>Summit-ul, cu tema general\u0103 <em>Direc\u021biile de ac\u021biune ale WSIS pentru reconstruc\u021bie \u0219i accelerarea realiz\u0103rii Obiectivelor Dezvolt\u0103rii Durabile<\/em>, a avut dou\u0103 componente: s<em>egmentul la nivel \u00eenalt,<\/em> care a inclus declara\u021bii politice, dialoguri interactive la nivel \u00eenalt, o ceremonie de decernare a premiului WSIS, o mas\u0103 rotund\u0103 ministerial\u0103, \u0219i <em>sec\u021biunea Forum<\/em>, ce a constat \u00een reuniuni dedicate liniilor de ac\u021biune ale WSIS, ateliere de lucru na\u021bionale \u0219i tematice, sesiuni de formare, dezbateri tematice \u0219i conversa\u021bii tip &#8222;cafenele ale cunoa\u0219terii&#8221;, un Hackathon \u0219i o expozi\u021bie dedicat\u0103 aspectelor esen\u021biale pentru punerea \u00een aplicare \u0219i monitorizarea rezultatelor WSIS \u00eentr-un cadru multilateral.<\/p>\n","protected":false},"excerpt":{"rendered":"<p>Summit-ul a fost co-organizat de Uniunea Interna\u021bional\u0103 a Telecomunica\u021biilor (UIT), Organiza\u021bia Na\u021biunilor Unite pentru Educa\u021bie, \u0218tiin\u021b\u0103 \u0219i Cultur\u0103 (UNESCO), Conferin\u021ba Na\u021biunilor Unite pentru Comer\u021b \u0219i Dezvoltare (UNCTAD) \u0219i Programul Na\u021biunilor Unite pentru Dezvoltare (PNUD), \u00een str\u00e2ns\u0103 colaborare cu alte organiza\u021bii din sistemul Na\u021biunilor Unite. Summit-ul Mondial pentru Societatea Informa\u021bional\u0103 (World Summit of Information \u2013 WSIS), [&hellip;]<\/p>\n","protected":false},"author":2,"featured_media":0,"comment_status":"closed","ping_status":"open","sticky":false,"template":"","format":"standard","meta":{"ngg_post_thumbnail":0,"footnotes":""},"categories":[3,4],"tags":[],"class_list":["post-2302","post","type-post","status-publish","format-standard","hentry","category-participare","category-onu"],"_links":{"self":[{"href":"https:\/\/sites.senat.ro\/index.php?rest_route=\/wp\/v2\/posts\/2302","targetHints":{"allow":["GET"]}}],"collection":[{"href":"https:\/\/sites.senat.ro\/index.php?rest_route=\/wp\/v2\/posts"}],"about":[{"href":"https:\/\/sites.senat.ro\/index.php?rest_route=\/wp\/v2\/types\/post"}],"author":[{"embeddable":true,"href":"https:\/\/sites.senat.ro\/index.php?rest_route=\/wp\/v2\/users\/2"}],"replies":[{"embeddable":true,"href":"https:\/\/sites.senat.ro\/index.php?rest_route=%2Fwp%2Fv2%2Fcomments&post=2302"}],"version-history":[{"count":0,"href":"https:\/\/sites.senat.ro\/index.php?rest_route=\/wp\/v2\/posts\/2302\/revisions"}],"wp:attachment":[{"href":"https:\/\/sites.senat.ro\/index.php?rest_route=%2Fwp%2Fv2%2Fmedia&parent=2302"}],"wp:term":[{"taxonomy":"category","embeddable":true,"href":"https:\/\/sites.senat.ro\/index.php?rest_route=%2Fwp%2Fv2%2Fcategories&post=2302"},{"taxonomy":"post_tag","embeddable":true,"href":"https:\/\/sites.senat.ro\/index.php?rest_route=%2Fwp%2Fv2%2Ftags&post=2302"}],"curies":[{"name":"wp","href":"https:\/\/api.w.org\/{rel}","templated":true}]}}