{"id":2300,"date":"2023-06-08T12:46:36","date_gmt":"2023-06-08T12:46:36","guid":{"rendered":"http:\/\/sites.senat.ro\/?p=2300"},"modified":"2023-12-28T12:46:53","modified_gmt":"2023-12-28T12:46:53","slug":"cea-de-a-noua-sesiune-a-statelor-parti-la-conventia-unesco-privind-protejarea-si-promovarea-diversitatii-expresiilor-culturale-paris-6-8-iunie-2023","status":"publish","type":"post","link":"https:\/\/sites.senat.ro\/?p=2300","title":{"rendered":"Cea de a noua Sesiune a Statelor P\u0103r\u021bi la Conven\u021bia UNESCO privind protejarea \u0219i promovarea diversit\u0103\u021bii expresiilor culturale (Paris, 6-8 iunie 2023)"},"content":{"rendered":"<p><img loading=\"lazy\" decoding=\"async\" class=\"size-full wp-image-1086 alignleft\" src=\"https:\/\/sites.senat.ro\/wp-content\/uploads\/sites\/2\/2019\/12\/UNESCO-2.png\" alt=\"\" width=\"225\" height=\"225\" srcset=\"https:\/\/sites.senat.ro\/wp-content\/uploads\/2019\/12\/UNESCO-2.png 225w, https:\/\/sites.senat.ro\/wp-content\/uploads\/2019\/12\/UNESCO-2-150x150.png 150w\" sizes=\"auto, (max-width: 225px) 100vw, 225px\" \/>Sesiunea a fost precedat\u0103 de <strong><em>cea de-a patra edi\u021bie a Forumului organiza\u021biilor societ\u0103\u021bii civile din cadrul Conven\u021biei,<\/em><\/strong> care a avut loc \u00een data de 5 iunie a.c.<\/p>\n<p><em>Prin adoptarea, \u00een 2005, a Conven\u021biei pentru protec\u021bia \u0219i promovarea diversit\u0103\u021bii expresiilor culturale, comunitatea mondial\u0103 a recunoscut \u00een mod oficial natura dual\u0103, cultural\u0103 \u0219i economic\u0103, a expresiilor culturale contemporane produse de arti\u0219ti \u0219i profesioni\u0219ti din domeniul cultural. Documentul recunoa\u0219te dreptul suveran al statelor de a men\u021bine, adopta \u0219i pune \u00een aplicare politici de protec\u021bie \u0219i promovare a diversit\u0103\u021bii expresiilor culturale, at\u00e2t la nivel na\u021bional, c\u00e2t \u0219i interna\u021bional, \u0219i ofer\u0103 un cadru general pentru elaborarea \u0219i implementarea politicilor \u0219i m\u0103surilor care sprijin\u0103 crearea, produc\u021bia, distribu\u021bia \u0219i accesul la bunuri \u0219i servicii culturale, constituind astfel un reper fundamental al economiei creative.<\/em><\/p>\n<p>La ambele evenimente a participat senatorul Vasile D\u00eencu, membru al Comisiei permanente comune a Camerei Deputa\u021bilor \u0219i Senatului pentru rela\u021bia cu UNESCO.<\/p>\n<p>\u00cen cadrul sesiunii, reprezentan\u021bii celor 151 de state p\u0103r\u021bi la Conven\u021bie \u0219i ai Uniunii Europene au discutat despre stadiul transpunerii \u00een practic\u0103 a conven\u021biei la nivel mondial, provoc\u0103rile majore cu care se confrunt\u0103 sectoarele culturale \u0219i creative \u00een perioada post-COVID-19, precum \u0219i despre posibile m\u0103suri \u0219i solu\u021bii pentru cre\u0219terea diversit\u0103\u021bii expresiilor culturale \u00een mediul digital, pentru asigurarea unui tratament preferen\u021bial pentru bunurile \u0219i serviciile culturale \u0219i pentru consolidarea statutului arti\u0219tilor \u0219i profesioni\u0219tilor din domeniul culturii.<\/p>\n<p>Conferin\u021ba a stabilit orient\u0103rile strategice care vor sta la baza viitoarelor activit\u0103\u021bi ale Comitetului interguvernamental pentru protec\u021bia \u0219i promovarea diversit\u0103\u021bii expresiilor culturale pentru perioada 2024-2025, a ales noii membri ai Comitetului \u0219i a stabilit modalit\u0103\u021bi de consolidare a colabor\u0103rii cu actorii interesa\u021bi \u0219i implica\u021bi \u00een sfera de interes a conven\u021biei, precum organiza\u021biile societ\u0103\u021bii civile, micro \u00eentreprinderile culturale mici \u0219i mijlocii \u0219i institu\u021biile \u0219i organiza\u021biile culturale.<\/p>\n<p>Cu ocazia alegerilor organizate \u00een cadrul acestei sesiuni, Rom\u00e2nia a devenit, pentru prima dat\u0103, membru \u00een Comitetul Interguvernamental al Conven\u021biei privind protejarea \u0219i promovarea diversit\u0103\u021bii expresiilor culturale, pentru un mandat de patru ani.<\/p>\n","protected":false},"excerpt":{"rendered":"<p>Sesiunea a fost precedat\u0103 de cea de-a patra edi\u021bie a Forumului organiza\u021biilor societ\u0103\u021bii civile din cadrul Conven\u021biei, care a avut loc \u00een data de 5 iunie a.c. Prin adoptarea, \u00een 2005, a Conven\u021biei pentru protec\u021bia \u0219i promovarea diversit\u0103\u021bii expresiilor culturale, comunitatea mondial\u0103 a recunoscut \u00een mod oficial natura dual\u0103, cultural\u0103 \u0219i economic\u0103, a expresiilor culturale [&hellip;]<\/p>\n","protected":false},"author":2,"featured_media":0,"comment_status":"closed","ping_status":"open","sticky":false,"template":"","format":"standard","meta":{"ngg_post_thumbnail":0,"footnotes":""},"categories":[4],"tags":[],"class_list":["post-2300","post","type-post","status-publish","format-standard","hentry","category-onu"],"_links":{"self":[{"href":"https:\/\/sites.senat.ro\/index.php?rest_route=\/wp\/v2\/posts\/2300","targetHints":{"allow":["GET"]}}],"collection":[{"href":"https:\/\/sites.senat.ro\/index.php?rest_route=\/wp\/v2\/posts"}],"about":[{"href":"https:\/\/sites.senat.ro\/index.php?rest_route=\/wp\/v2\/types\/post"}],"author":[{"embeddable":true,"href":"https:\/\/sites.senat.ro\/index.php?rest_route=\/wp\/v2\/users\/2"}],"replies":[{"embeddable":true,"href":"https:\/\/sites.senat.ro\/index.php?rest_route=%2Fwp%2Fv2%2Fcomments&post=2300"}],"version-history":[{"count":0,"href":"https:\/\/sites.senat.ro\/index.php?rest_route=\/wp\/v2\/posts\/2300\/revisions"}],"wp:attachment":[{"href":"https:\/\/sites.senat.ro\/index.php?rest_route=%2Fwp%2Fv2%2Fmedia&parent=2300"}],"wp:term":[{"taxonomy":"category","embeddable":true,"href":"https:\/\/sites.senat.ro\/index.php?rest_route=%2Fwp%2Fv2%2Fcategories&post=2300"},{"taxonomy":"post_tag","embeddable":true,"href":"https:\/\/sites.senat.ro\/index.php?rest_route=%2Fwp%2Fv2%2Ftags&post=2300"}],"curies":[{"name":"wp","href":"https:\/\/api.w.org\/{rel}","templated":true}]}}