{"id":2294,"date":"2023-05-25T12:09:02","date_gmt":"2023-05-25T12:09:02","guid":{"rendered":"http:\/\/sites.senat.ro\/?p=2294"},"modified":"2023-12-28T12:46:27","modified_gmt":"2023-12-28T12:46:27","slug":"sesiunea-de-informare-on-line-cu-tema-consolidarea-actiunilor-parlamentare-in-pregatirea-conferintei-natiunilor-unite-privind-schimbarile-climatice-cop28-25-mai-2023","status":"publish","type":"post","link":"https:\/\/sites.senat.ro\/?p=2294","title":{"rendered":"Sesiunea de informare on line cu tema \u201dConsolidarea ac\u021biunilor parlamentare \u00een preg\u0103tirea Conferin\u021bei Na\u021biunilor Unite privind schimb\u0103rile climatice &#8211; COP28\u201d (25 mai 2023)"},"content":{"rendered":"<p><img loading=\"lazy\" decoding=\"async\" class=\" wp-image-2297 alignleft\" src=\"https:\/\/sites.senat.ro\/wp-content\/uploads\/sites\/2\/2023\/08\/Logo_climate-change.jpg\" alt=\"\" width=\"194\" height=\"76\">La reuniune a participat deputatul Mircea Fechet, membru al Comitetului Director al GRUI, vicepre\u015fedinte al Comisiei pentru mediu \u015fi echilibru ecologic.<\/p>\n<p>\u00cen cadrul <a href=\"https:\/\/www.ipu.org\/event\/strengthening-parliamentary-action-cop28#event-sub-page-documents\/\">evenimentului<\/a>, participan\u021bii au fost informa\u021bi cu privire la cele mai recente perspective \u0219tiin\u021bifice \u00een domeniul schimb\u0103rilor climatice, prezentate \u00een Raportul de sintez\u0103 (AR6) realizat \u00een luna martie a.c. de Grupul Interguvernamental privind Schimb\u0103rile Climatice, \u0219i au discutat despre modalitatea de valorificare a concluziilor acestui document \u00een ac\u021biunile la nivel global privind schimb\u0103rile climatice. Totodat\u0103, au fost prezentate ultimele evolu\u021bii \u00een perspectiva COP28 \u0219i principalele subiecte de pe agenda conferin\u021bei.<\/p>\n<p>Pe parcursul dezbaterilor, au fost eviden\u021biate urm\u0103toarele aspecte: schimb\u0103rile climatice reprezint\u0103, \u00een prezent, cea mai mare amenin\u021bare pentru planet\u0103 \u0219i pentru umanitate; raportul de sintez\u0103 AR6 concluzioneaz\u0103 c\u0103 efectele negative ale schimb\u0103rilor climatice sunt deja mai r\u0103sp\u00e2ndite \u0219i mai extreme dec\u00e2t se preconiza; nicio \u021bar\u0103 nu va r\u0103m\u00e2ne neafectat\u0103 de criza climatic\u0103, dar \u021b\u0103rile \u00een curs de dezvoltare sunt deosebit de vulnerabile la acest fenomen; implementarea Acordului de la Paris privind schimb\u0103rile climatice r\u0103m\u00e2ne esen\u021bial\u0103 pentru reducerea rapid\u0103 \u0219i substan\u021bial\u0103 a emisiilor de gaze cu efect de ser\u0103 \u0219i pentru a men\u021bine cre\u0219terea temperaturii la mai pu\u021bin de 1,5\u00b0C fa\u021b\u0103 de&nbsp;perioada pre-industrial\u0103; angajamentele politice \u0219i cooperarea interna\u021bional\u0103 sunt importante pentru o ac\u021biune eficient\u0103 \u0219i echitabil\u0103 \u00een domeniul schimb\u0103rilor climatice; COP28 va marca realizarea primului \u201ebilan\u021b global\u201d al Acordului de la Paris, esen\u021bial pentru evaluarea progreselor&nbsp;\u00een reducerea emisiilor de gaze cu efect de ser\u0103 \u0219i pentru identificarea unor noi solu\u021bii climatice, at\u00e2t la orizontul anului 2030, c\u00e2t \u0219i ulterior; parlamentele au un rol esen\u021bial \u00een implementarea acordurilor interna\u021bionale privind schimb\u0103rile climatice \u0219i \u00een promovarea unor ac\u021biuni eficiente pentru cre\u0219terea capacit\u0103\u021bii de adaptare, consolidarea rezilien\u021bei \u0219i reducerea vulnerabilit\u0103\u021bii fa\u021b\u0103 de schimb\u0103rile climatice.<\/p>\n<p>La finalul evenimentului, a fost prezentat\u0103 campania UIP <em>Parlamentele pentru planet\u0103<\/em>, prin care parlamentele \u0219i membrii acestora sunt invita\u021bi s\u0103 se implice activ \u00een ac\u021biunile de combatere a schimb\u0103rilor climatice.<\/p>\n<p>&nbsp;<\/p>\n<p>&nbsp;<\/p>\n<p>&nbsp;<\/p>\n<p>&nbsp;<\/p>\n","protected":false},"excerpt":{"rendered":"<p>La reuniune a participat deputatul Mircea Fechet, membru al Comitetului Director al GRUI, vicepre\u015fedinte al Comisiei pentru mediu \u015fi echilibru ecologic. \u00cen cadrul evenimentului, participan\u021bii au fost informa\u021bi cu privire la cele mai recente perspective \u0219tiin\u021bifice \u00een domeniul schimb\u0103rilor climatice, prezentate \u00een Raportul de sintez\u0103 (AR6) realizat \u00een luna martie a.c. de Grupul Interguvernamental privind [&hellip;]<\/p>\n","protected":false},"author":2,"featured_media":0,"comment_status":"closed","ping_status":"open","sticky":false,"template":"","format":"standard","meta":{"ngg_post_thumbnail":0,"footnotes":""},"categories":[3],"tags":[],"class_list":["post-2294","post","type-post","status-publish","format-standard","hentry","category-participare"],"_links":{"self":[{"href":"https:\/\/sites.senat.ro\/index.php?rest_route=\/wp\/v2\/posts\/2294","targetHints":{"allow":["GET"]}}],"collection":[{"href":"https:\/\/sites.senat.ro\/index.php?rest_route=\/wp\/v2\/posts"}],"about":[{"href":"https:\/\/sites.senat.ro\/index.php?rest_route=\/wp\/v2\/types\/post"}],"author":[{"embeddable":true,"href":"https:\/\/sites.senat.ro\/index.php?rest_route=\/wp\/v2\/users\/2"}],"replies":[{"embeddable":true,"href":"https:\/\/sites.senat.ro\/index.php?rest_route=%2Fwp%2Fv2%2Fcomments&post=2294"}],"version-history":[{"count":0,"href":"https:\/\/sites.senat.ro\/index.php?rest_route=\/wp\/v2\/posts\/2294\/revisions"}],"wp:attachment":[{"href":"https:\/\/sites.senat.ro\/index.php?rest_route=%2Fwp%2Fv2%2Fmedia&parent=2294"}],"wp:term":[{"taxonomy":"category","embeddable":true,"href":"https:\/\/sites.senat.ro\/index.php?rest_route=%2Fwp%2Fv2%2Fcategories&post=2294"},{"taxonomy":"post_tag","embeddable":true,"href":"https:\/\/sites.senat.ro\/index.php?rest_route=%2Fwp%2Fv2%2Ftags&post=2294"}],"curies":[{"name":"wp","href":"https:\/\/api.w.org\/{rel}","templated":true}]}}