{"id":2286,"date":"2023-06-15T12:53:20","date_gmt":"2023-06-15T12:53:20","guid":{"rendered":"http:\/\/sites.senat.ro\/?p=2286"},"modified":"2023-12-28T12:52:36","modified_gmt":"2023-12-28T12:52:36","slug":"conferinta-parlamentara-privind-dialogul-interconfesional-marrakesh-13-15-iunie-2023","status":"publish","type":"post","link":"https:\/\/sites.senat.ro\/?p=2286","title":{"rendered":"Conferin\u021ba parlamentar\u0103 privind dialogul interconfesional (Marrakesh, 13-15 iunie 2023)"},"content":{"rendered":"<p><img loading=\"lazy\" decoding=\"async\" class=\" wp-image-2287 alignleft\" src=\"https:\/\/sites.senat.ro\/wp-content\/uploads\/sites\/2\/2023\/08\/Logo_Conf_Maroc-300x269.jpg\" alt=\"\" width=\"213\" height=\"191\" srcset=\"https:\/\/sites.senat.ro\/wp-content\/uploads\/2023\/08\/Logo_Conf_Maroc-300x269.jpg 300w, https:\/\/sites.senat.ro\/wp-content\/uploads\/2023\/08\/Logo_Conf_Maroc-768x689.jpg 768w, https:\/\/sites.senat.ro\/wp-content\/uploads\/2023\/08\/Logo_Conf_Maroc-732x657.jpg 732w, https:\/\/sites.senat.ro\/wp-content\/uploads\/2023\/08\/Logo_Conf_Maroc.jpg 953w\" sizes=\"auto, (max-width: 213px) 100vw, 213px\" \/>Conferin\u021ba, cu tema <em>Colaborare pentru viitorul nostru comun, <\/em>a fost organizat\u0103 de Uniunea Interparlamentar\u0103 (UIP) \u0219i Parlamentul Regatului Maroc, cu sprijinul Alian\u021bei Civiliza\u021biilor a Na\u021biunilor Unite, al organiza\u021biei <em>Religii pentru pace <\/em>\u0219i al Ligii teologilor Mohammadia<em>.<\/em><\/p>\n<p>Desf\u0103\u0219urat sub \u00eenaltul patronaj al M.S. Regele Mohammed al VI-lea, evenimentul a reunit peste 700 de participan\u021bi &#8211; delega\u021bii parlamentare din 70 de \u021b\u0103ri \u0219i lideri religio\u0219i, al\u0103turi de reprezentan\u021bi ai societ\u0103\u021bii civile \u0219i exper\u021bi interna\u021bionali, \u0219i a reprezentat o premier\u0103 pentru diploma\u021bia parlamentar\u0103 \u00een plan multilateral, prin prisma obiectivelor, tematicii \u0219i a formatului de lucru.<\/p>\n<p>Parlamentul Rom\u00e2niei a fost reprezentat de senatoarea Silvia-Monica Dinic\u0103, vicepre\u0219edint\u0103 a GRUI.<\/p>\n<p>Pe parcursul celor trei zile de dezbateri au fost examinate principalele provoc\u0103ri care stau \u00een calea coexisten\u021bei durabile a diferitelor religii \u0219i au fost identificate ac\u021biuni pe care parlamentarii, prin dialog \u0219i cooperare cu liderii religio\u0219i \u0219i cu al\u021bi actori relevan\u021bi, le pot \u00eentreprinde pentru dezvoltarea unor societ\u0103\u021bi pa\u0219nice \u0219i incluzive.<\/p>\n<p><img loading=\"lazy\" decoding=\"async\" class=\" wp-image-2364 alignleft\" src=\"https:\/\/sites.senat.ro\/wp-content\/uploads\/sites\/2\/2023\/08\/Conf-Dialog-interconfesional_foto1-1-300x225.jpg\" alt=\"\" width=\"369\" height=\"277\" srcset=\"https:\/\/sites.senat.ro\/wp-content\/uploads\/2023\/08\/Conf-Dialog-interconfesional_foto1-1-300x225.jpg 300w, https:\/\/sites.senat.ro\/wp-content\/uploads\/2023\/08\/Conf-Dialog-interconfesional_foto1-1-768x576.jpg 768w, https:\/\/sites.senat.ro\/wp-content\/uploads\/2023\/08\/Conf-Dialog-interconfesional_foto1-1-1024x768.jpg 1024w, https:\/\/sites.senat.ro\/wp-content\/uploads\/2023\/08\/Conf-Dialog-interconfesional_foto1-1-732x549.jpg 732w, https:\/\/sites.senat.ro\/wp-content\/uploads\/2023\/08\/Conf-Dialog-interconfesional_foto1-1-1140x855.jpg 1140w\" sizes=\"auto, (max-width: 369px) 100vw, 369px\" \/>\u00cen discursul sus\u021binut la dezbaterea general\u0103 cu tema <em>Parlamente \u0219i lideri religio\u0219i: promovarea dialogului \u0219i colaborarea pentru viitorul nostru comun<\/em>, senatoarea Silvia-Monica Dinic\u0103 a subliniat c\u0103 diversitatea etnic\u0103 \u0219i religioas\u0103 reprezint\u0103 o tr\u0103s\u0103tur\u0103 definitorie a Rom\u00e2niei \u0219i c\u0103, pentru statul rom\u00e2n, consolidarea identit\u0103\u021bii confesionale, etnice, lingvistice \u0219i culturale a comunit\u0103\u021bilor religioase prezente pe teritoriul s\u0103u constituie o preocupare constant\u0103. \u201cDe-a lungul istoriei, am dob\u00e2ndit, ca societate, capacitatea de a \u00eembr\u0103\u021bi\u0219a, de a respecta \u0219i de a valorifica tradi\u021biile diferitelor comunit\u0103\u021bi religioase\u201d, a ar\u0103tat vicepre\u0219edinta GRUI. \u00cen continuare, a men\u021bionat prevederile constitu\u021bionale care garanteaz\u0103 libertatea g\u00e2ndirii, a opiniilor \u0219i a credin\u021belor religioase, precum \u0219i dispozi\u021biile legislative privind neutralitatea statului \u00een raport cu credin\u021bele religioase \u0219i autonomia cultelor. Prezen\u021ba, \u00een Parlamentul Rom\u00e2niei, a minorit\u0103\u021bilor na\u021bionale, pe locuri rezervate, asigur\u0103 o reprezentativitate sporit\u0103 a forului legislativ nu doar din punct de vedere etnic, ci \u0219i religios. Vicepre\u0219edinta GRUI s-a referit \u0219i la activitatea comisiilor parlamentare cu atribu\u021bii legate de libertatea religioas\u0103 \u0219i rela\u021bia stat-culte, la rolul Grupului ecumenic de rug\u0103ciune din forul legislativ rom\u00e2n, precum \u0219i la obiectivele Secretariatului de stat pentru culte. \u00cen acest context, a precizat c\u0103 <em>Barometrul vie\u021bii religioase din Rom\u00e2nia<\/em>, instrument sociologic dezvoltat de Secretariat \u00een colaborare cu Academia Rom\u00e2n\u0103, ofer\u0103 date \u0219i informa\u021bii importante pentru fundamentarea politicilor publice \u0219i a legisla\u021biei \u00een domeniu.<\/p>\n<p>Senatoarea Dinic\u0103 a subliniat c\u0103 ap\u0103rarea libert\u0103\u021bii religioase,&nbsp; implicarea actorilor religio\u0219i \u00een eforturile care au ca scop dep\u0103\u0219irea actualelor provoc\u0103ri, precum \u0219i valorificarea diversit\u0103\u021bii de tradi\u021bii \u0219i credin\u021be existente \u00eentr-o societate au un rol esen\u021bial \u00een asigurarea p\u0103cii \u0219i bun\u0103st\u0103rii tuturor oamenilor. &#8222;Lumea noastr\u0103 se define\u0219te prin multiculturalism \u0219i pluralism religios. Trebuie s\u0103 ne asigur\u0103m c\u0103 aceast\u0103 realitate \u00ee\u0219i g\u0103se\u0219te expresia cuvenit\u0103 \u00een ac\u021biunile noastre la nivel na\u021bional \u0219i interna\u021bional, \u00een r\u0103spunsurile noastre la multiplele crize, \u00een strategiile \u0219i planurile noastre \u0219i \u00een modul \u00een care ne imagin\u0103m viitorul nostru comun&#8221;.&nbsp; &nbsp;&nbsp;&nbsp;<\/p>\n<p>La invita\u021bia organizatorilor, reprezentanta GRUI a participat, \u00een calitate de vorbitor principal, la panelul privind <em>rela\u021bia dintre statul de drept \u0219i libertatea religioas\u0103, <\/em>\u00een cadrul c\u0103ruia au fost prezentate bune practici de cooperare \u00eentre forurile legislative \u0219i actorii religio\u0219i, cu impact pozitiv \u00een promovarea statului de drept \u0219i a drepturilor omului \u0219i \u00een construirea unor societ\u0103\u021bi juste \u0219i coezive. Cu aceast\u0103 ocazie, a f\u0103cut o prezentare general\u0103 a situa\u021biei cultelor religioase din Rom\u00e2nia \u0219i a principiilor care definesc statutul lor \u00een societate \u0219i rela\u021bia cu autorit\u0103\u021bile publice. A prezentat, de asemenea, principalele repere ale contribu\u021biei Parlamentului Rom\u00e2niei la asigurarea cadrului legal \u0219i institu\u021bional \u00een m\u0103sur\u0103 s\u0103 sus\u021bin\u0103 pluralismul religios \u0219i exercitarea liber\u0103 a credin\u021bei de c\u0103tre to\u021bi cet\u0103\u021benii \u0219i a oferit un exemplu recent de colaborare fructuoas\u0103 a comisiilor de specialitate cu reprezentan\u021bii cultelor religioase din Rom\u00e2nia, pe parcursul examin\u0103rii, \u00een parlament, a proiectelor legilor educa\u021biei.&nbsp;<\/p>\n<p><img loading=\"lazy\" decoding=\"async\" class=\" wp-image-2362 aligncenter\" src=\"https:\/\/sites.senat.ro\/wp-content\/uploads\/sites\/2\/2023\/08\/Conf-Dialog-interconfesional_foto2-300x225.jpg\" alt=\"\" width=\"380\" height=\"285\" srcset=\"https:\/\/sites.senat.ro\/wp-content\/uploads\/2023\/08\/Conf-Dialog-interconfesional_foto2-300x225.jpg 300w, https:\/\/sites.senat.ro\/wp-content\/uploads\/2023\/08\/Conf-Dialog-interconfesional_foto2-768x576.jpg 768w, https:\/\/sites.senat.ro\/wp-content\/uploads\/2023\/08\/Conf-Dialog-interconfesional_foto2-1024x768.jpg 1024w, https:\/\/sites.senat.ro\/wp-content\/uploads\/2023\/08\/Conf-Dialog-interconfesional_foto2-732x549.jpg 732w, https:\/\/sites.senat.ro\/wp-content\/uploads\/2023\/08\/Conf-Dialog-interconfesional_foto2-1140x855.jpg 1140w\" sizes=\"auto, (max-width: 380px) 100vw, 380px\" \/><\/p>\n<p>Dezbaterile din cadrul panelului au eviden\u021biat faptul c\u0103 dialogul intra- \u0219i interconfesional trebuie \u00een\u021beles ca un exerci\u021biu al egalilor, \u00een care pot coexista mai multe adev\u0103ruri \u0219i \u00een care libertatea religioas\u0103 a unei persoane se termin\u0103 acolo unde \u00eencepe libertatea alteia. Participan\u021bii au recomandat UIP s\u0103 analizeze posibilitatea dezvolt\u0103rii unui set de instrumente de autoevaluare, care s\u0103 permit\u0103 parlamentelor s\u0103-\u0219i m\u0103soare sensibilitatea religioas\u0103, precum \u0219i a unei legisla\u021bii-model care s\u0103 ofere parlamentelor repere \u00een ceea ce prive\u0219te consolidarea statului de drept \u0219i garantarea libert\u0103\u021bii religioase pentru to\u021bi membrii societ\u0103\u021bii.&nbsp;<\/p>\n<p>La finalul conferin\u021bei, a fost adoptat <a href=\"https:\/\/www.ipu.org\/file\/17036\/download\"><em>Comunicatul de la Marrakesh<\/em><\/a>, document care eviden\u021biaz\u0103 importan\u021ba dialogului interconfesional \u0219i a colabor\u0103rii dintre parlamentari \u0219i liderii religio\u0219i \u00een abordarea provoc\u0103rilor majore ale lumii contemporane.<\/p>\n","protected":false},"excerpt":{"rendered":"<p>Conferin\u021ba, cu tema Colaborare pentru viitorul nostru comun, a fost organizat\u0103 de Uniunea Interparlamentar\u0103 (UIP) \u0219i Parlamentul Regatului Maroc, cu sprijinul Alian\u021bei Civiliza\u021biilor a Na\u021biunilor Unite, al organiza\u021biei Religii pentru pace \u0219i al Ligii teologilor Mohammadia. Desf\u0103\u0219urat sub \u00eenaltul patronaj al M.S. Regele Mohammed al VI-lea, evenimentul a reunit peste 700 de participan\u021bi &#8211; delega\u021bii [&hellip;]<\/p>\n","protected":false},"author":2,"featured_media":0,"comment_status":"closed","ping_status":"open","sticky":false,"template":"","format":"standard","meta":{"ngg_post_thumbnail":0,"footnotes":""},"categories":[3],"tags":[],"class_list":["post-2286","post","type-post","status-publish","format-standard","hentry","category-participare"],"_links":{"self":[{"href":"https:\/\/sites.senat.ro\/index.php?rest_route=\/wp\/v2\/posts\/2286","targetHints":{"allow":["GET"]}}],"collection":[{"href":"https:\/\/sites.senat.ro\/index.php?rest_route=\/wp\/v2\/posts"}],"about":[{"href":"https:\/\/sites.senat.ro\/index.php?rest_route=\/wp\/v2\/types\/post"}],"author":[{"embeddable":true,"href":"https:\/\/sites.senat.ro\/index.php?rest_route=\/wp\/v2\/users\/2"}],"replies":[{"embeddable":true,"href":"https:\/\/sites.senat.ro\/index.php?rest_route=%2Fwp%2Fv2%2Fcomments&post=2286"}],"version-history":[{"count":0,"href":"https:\/\/sites.senat.ro\/index.php?rest_route=\/wp\/v2\/posts\/2286\/revisions"}],"wp:attachment":[{"href":"https:\/\/sites.senat.ro\/index.php?rest_route=%2Fwp%2Fv2%2Fmedia&parent=2286"}],"wp:term":[{"taxonomy":"category","embeddable":true,"href":"https:\/\/sites.senat.ro\/index.php?rest_route=%2Fwp%2Fv2%2Fcategories&post=2286"},{"taxonomy":"post_tag","embeddable":true,"href":"https:\/\/sites.senat.ro\/index.php?rest_route=%2Fwp%2Fv2%2Ftags&post=2286"}],"curies":[{"name":"wp","href":"https:\/\/api.w.org\/{rel}","templated":true}]}}