{"id":2282,"date":"2023-02-14T12:16:54","date_gmt":"2023-02-14T12:16:54","guid":{"rendered":"http:\/\/sites.senat.ro\/?p=2282"},"modified":"2023-12-28T12:45:24","modified_gmt":"2023-12-28T12:45:24","slug":"audierile-parlamentare-la-natiunile-unite-new-york-sua-13-14-februarie-2023","status":"publish","type":"post","link":"https:\/\/sites.senat.ro\/?p=2282","title":{"rendered":"Audierile parlamentare la Na\u021biunile Unite (New York, SUA, 13-14 februarie 2023)"},"content":{"rendered":"<p><img loading=\"lazy\" decoding=\"async\" class=\" wp-image-202 alignleft\" src=\"https:\/\/sites.senat.ro\/wp-content\/uploads\/sites\/2\/2018\/03\/UN.png\" alt=\"\" width=\"147\" height=\"123\">Tema edi\u021biei 2023 a Audierilor s-a intitulat <em>Ap\u0103 pentru oameni \u0219i pentru planet\u0103: opri\u021bi risipa, schimba\u021bi jocul, investi\u021bi \u00een viitor!<\/em><\/p>\n<p>Din delega\u021bia GRUI au f\u0103cut parte: deputata Mara-Daniela Calista, secretar al GRUI, vicepre\u0219edint\u0103 a Comisiei pentru egalitatea de \u0219anse pentru femei \u0219i b\u0103rba\u021bi, membr\u0103 a Comisiei pentru munc\u0103 \u0219i protec\u021bie social\u0103; deputata Cristina-Elena Dinu, membr\u0103 a Comitetului Director al GRUI, vicepre\u0219edint\u0103 a Comisiei pentru s\u0103n\u0103tate \u0219i familie, membr\u0103 a Comisiei pentru drepturile omului, culte \u0219i problemele minorit\u0103\u021bilor na\u021bionale; deputata Pollyanna-Hanellore Hangan, membr\u0103 a Comitetului Director al GRUI, membr\u0103 a Comisiei pentru politic\u0103 economic\u0103, reform\u0103 \u0219i privatizare \u0219i a Comisiei pentru antreprenoriat \u0219i turism; deputatul Sorin-Titus Muncaciu, membru al GRUI, membru al Comisiei pentru s\u0103n\u0103tate \u0219i familie.<\/p>\n<p>Programul reuniunii a cuprins o suit\u0103 de sesiuni interactive: <em>ODD 6 \u2013 ap\u0103 curat\u0103 \u0219i sanita\u021bie, ca pivot al dezvolt\u0103rii durabile; accesul la ap\u0103 potabil\u0103 \u0219i la sanita\u021bie, ca drept fundamental al omului; schimb\u0103rile climatice \u0219i deficitul de ap\u0103 &#8211; consolidarea rezilien\u021bei pentru a evita ce este mai r\u0103u; importan\u021ba conserv\u0103rii apei &#8211; o solu\u021bie la \u00eendem\u00e2n\u0103; finan\u021barea infrastructurii pentru serviciile de ap\u0103 \u0219i salubrizare &#8211; o provocare de miliarde de dolari; c\u0103tre o politic\u0103 a apei mai incluziv\u0103 &#8211; s\u0103 nu l\u0103s\u0103m pe nimeni \u00een urm\u0103; apele transfrontaliere &#8211; de la competi\u021bie la cooperare pentru pace; politici viitoare \u00een domeniul apei.<\/em><\/p>\n<p>\u00cen deschiderea lucr\u0103rilor s-au adresat participan\u021bilor Csaba K\u0151r\u00f6si, pre\u0219edintele celei de-a 77-a sesiuni a Adun\u0103rii Generale a ONU, \u0219i Duarte Pacheco, pre\u0219edintele UIP.<\/p>\n<p>\u00cen discursul s\u0103u, Csaba K\u0151r\u00f6si, a declarat: &#8222;Tema audierii din acest an este esen\u021bial\u0103. Tr\u0103im \u00eentr-o perioad\u0103 de crize multiple \u0219i interconectate. Dar cea mai mare cu care ne confrunt\u0103m este criza apei. Aproape toate schimb\u0103rile climatice se resimt prin intermediul apei, avem fie prea mult\u0103, fie prea pu\u021bin\u0103, fie nu este potabil\u0103. Politica pe care o punem \u00een aplicare acum va avea un impact nu doar asupra noastr\u0103, ci va dicta modul \u00een care vor tr\u0103i copiii \u0219i nepo\u021bii no\u0219tri. Avem preg\u0103tite schimb\u0103rile regulilor jocului, dar avem nevoie de sprijin pentru ca acestea s\u0103 fie transpuse \u00een realitate, o realitate care s\u0103 schimbe via\u021ba \u00eentregii omeniri&#8221;.<\/p>\n<p>La r\u00e2ndul s\u0103u, pre\u0219edintele UIP a subliniat: &#8222;De\u0219i planeta noastr\u0103 este numit\u0103 planeta albastr\u0103, miliarde de oameni nu au acces la ap\u0103 curat\u0103 \u0219i salubrizare. Vestea bun\u0103 este c\u0103 problemele legate de ap\u0103 \u0219i salubritate pot fi rezolvate prin ac\u021biuni coordonate la nivel na\u021bional \u0219i interna\u021bional\u201d. \u00cen continuarea interven\u021biei, oficialul UIP a men\u021bionat c\u0103 una din patru persoane nu are acces la ap\u0103 potabil\u0103 \u0219i c\u0103 aproape 50% din popula\u021bia lumii nu dispune de instala\u021bii sanitare adecvate. Lipsa apei, rezultat al exploat\u0103rilor exagerate, polu\u0103rii \u0219i schimb\u0103rilor climatice, reprezint\u0103 \u0219i o problem\u0103 de securitate care poate genera conflicte. \u00cen context, Duarte Pacheco a adresat parlamentelor \u00eendemnul de a sprijini cet\u0103\u021benii s\u0103 beneficieze de dreptul la ap\u0103 curat\u0103 \u0219i sanita\u021bie, prin conectarea politicilor na\u021bionale cu cele globale, prin legiferare \u0219i control \u0219i prin responsabilizarea guvernelor.<\/p>\n<p>\u00cen cadrul dezbaterilor, s-a subliniat c\u0103: ODD 6 \u2013 <em>asigurarea managementului durabil al apei \u0219i a sanita\u021biei pentru to\u021bi <\/em>este esen\u021bial pentru punerea \u00een aplicare a Agendei 2030, \u00een ansamblul s\u0103u; apa este o resurs\u0103 care satisface nevoile de baz\u0103 ale popula\u021biei, dar \u0219i solu\u021bia pentru dezvoltare pe diverse planuri, sus\u021bin\u00e2nd economia prin agricultur\u0103, pescuit comercial, generarea energiei \u0219i industrie; deficitul de ap\u0103 devine o problem\u0103 din ce \u00een ce mai critic\u0103 la nivel global, juc\u00e2nd un rol foarte important \u00een accentuarea schimb\u0103rilor climatice; actualul ritm de progres \u00een realizarea ODD trebuie stimulat pentru a realiza accesul universal la ap\u0103, salubritate \u0219i igien\u0103, ca drept fundamental al omului; statele, \u00een calitate de &#8222;purt\u0103tori de obliga\u021bii&#8221;, trebuie s\u0103-\u0219i defineasc\u0103 c\u0103ile \u0219i mijloacele prin care s\u0103 integreze dimensiunea drepturilor omului \u00een toate politicile publice privind apa \u0219i salubritatea; cre\u0219terea necontrolat\u0103 a temperaturii medii globale va pune \u00een pericol resursele regenerabile de ap\u0103; \u00eenc\u0103lzirea global\u0103 datorat\u0103 schimb\u0103rilor climatice are consecin\u021be directe \u00een cre\u0219terea stresului hidric \u00een multe regiuni; mai mult de 80% din dezastrele naturale care genereaz\u0103 pierderi de vie\u021bi omene\u0219ti \u0219i pagube de miliarde de dolari sunt legate de ap\u0103; secetele \u0219i inunda\u021biile mai frecvente \u0219i mai extinse, precum \u0219i cre\u0219terea nivelului m\u0103rii datorat schimb\u0103rilor climatice, au impact direct asupra vie\u021bii, din punct de vedere social \u0219i economic; lipsa unor procese decizionale participative se afl\u0103 adesea la originea unor politici de ap\u0103 deficitare; comunit\u0103\u021bile locale, femeile, tinerii, popoarele indigene \u0219i grupurile vulnerabile au un rol esen\u021bial \u00een elaborarea politicilor na\u021bionale privind apa; acestea nu trebuie s\u0103 fie concepute sub presiunea marilor interese comerciale \u0219i private \u0219i nu trebuie s\u0103 contravin\u0103 binelui public; parlamentarii, \u00een calitate de reprezentan\u021bi ai cet\u0103\u021benilor, au o responsabilitate unic\u0103 \u00een elaborarea legisla\u021biei necesare pentru punerea \u00een aplicare a dreptului la ap\u0103 \u0219i salubrizare, prin transpunerea instrumentelor interna\u021bionale \u00een materie.<\/p>\n<p>Programul Audierilor a inclus \u0219i o sesiune special\u0103 cu tema <em>Viitorul mutilateralismului: provoc\u0103ri \u0219i oportunit\u0103\u021bi pentru Na\u021biunile Unite<\/em>, \u00een cadrul c\u0103reia a fost subliniat\u0103 necesitatea ca UIP \u0219i parlamentele membre s\u0103 ac\u021bioneze pentru consolidarea dialogului cu sistemul ONU, care s\u0103 aib\u0103 ca rezultat un multilateralism eficace, orientat spre rezultate, bazat pe valori \u0219i favorabil incluziunii.<\/p>\n<p>&nbsp;<\/p>\n<p>&nbsp;<\/p>\n<p>&nbsp;<\/p>\n","protected":false},"excerpt":{"rendered":"<p>Tema edi\u021biei 2023 a Audierilor s-a intitulat Ap\u0103 pentru oameni \u0219i pentru planet\u0103: opri\u021bi risipa, schimba\u021bi jocul, investi\u021bi \u00een viitor! Din delega\u021bia GRUI au f\u0103cut parte: deputata Mara-Daniela Calista, secretar al GRUI, vicepre\u0219edint\u0103 a Comisiei pentru egalitatea de \u0219anse pentru femei \u0219i b\u0103rba\u021bi, membr\u0103 a Comisiei pentru munc\u0103 \u0219i protec\u021bie social\u0103; deputata Cristina-Elena Dinu, membr\u0103 [&hellip;]<\/p>\n","protected":false},"author":2,"featured_media":0,"comment_status":"closed","ping_status":"open","sticky":false,"template":"","format":"standard","meta":{"ngg_post_thumbnail":0,"footnotes":""},"categories":[3],"tags":[],"class_list":["post-2282","post","type-post","status-publish","format-standard","hentry","category-participare"],"_links":{"self":[{"href":"https:\/\/sites.senat.ro\/index.php?rest_route=\/wp\/v2\/posts\/2282","targetHints":{"allow":["GET"]}}],"collection":[{"href":"https:\/\/sites.senat.ro\/index.php?rest_route=\/wp\/v2\/posts"}],"about":[{"href":"https:\/\/sites.senat.ro\/index.php?rest_route=\/wp\/v2\/types\/post"}],"author":[{"embeddable":true,"href":"https:\/\/sites.senat.ro\/index.php?rest_route=\/wp\/v2\/users\/2"}],"replies":[{"embeddable":true,"href":"https:\/\/sites.senat.ro\/index.php?rest_route=%2Fwp%2Fv2%2Fcomments&post=2282"}],"version-history":[{"count":0,"href":"https:\/\/sites.senat.ro\/index.php?rest_route=\/wp\/v2\/posts\/2282\/revisions"}],"wp:attachment":[{"href":"https:\/\/sites.senat.ro\/index.php?rest_route=%2Fwp%2Fv2%2Fmedia&parent=2282"}],"wp:term":[{"taxonomy":"category","embeddable":true,"href":"https:\/\/sites.senat.ro\/index.php?rest_route=%2Fwp%2Fv2%2Fcategories&post=2282"},{"taxonomy":"post_tag","embeddable":true,"href":"https:\/\/sites.senat.ro\/index.php?rest_route=%2Fwp%2Fv2%2Ftags&post=2282"}],"curies":[{"name":"wp","href":"https:\/\/api.w.org\/{rel}","templated":true}]}}