{"id":2211,"date":"2022-12-06T10:47:32","date_gmt":"2022-12-06T10:47:32","guid":{"rendered":"http:\/\/sites.senat.ro\/?p=2211"},"modified":"2023-01-16T10:47:52","modified_gmt":"2023-01-16T10:47:52","slug":"sesiunea-septembrie-decembrie-2022","status":"publish","type":"post","link":"https:\/\/sites.senat.ro\/?p=2211","title":{"rendered":"SESIUNEA SEPTEMBRIE- DECEMBRIE 2022"},"content":{"rendered":"<p><img loading=\"lazy\" decoding=\"async\" class=\" wp-image-2214 alignleft\" src=\"https:\/\/sites.senat.ro\/wp-content\/uploads\/sites\/2\/2023\/01\/steag-Emiratele-arabe-unite.jpg\" alt=\"\" width=\"160\" height=\"80\">6 decembrie 2022 &#8211; \u00centrevederea deputatului Daniel Constantin, pre\u0219edintele <strong>Grupului parlamentar de prietenie Rom\u00e2nia &#8211; Emiratele Arabe Unite<\/strong>, cu E.S. Sultan Mohamed Majed Alali, ambasadorul Emiratelor Arabe Unite \u00een Rom\u00e2nia<\/p>\n<p>&nbsp;<\/p>\n<p><img loading=\"lazy\" decoding=\"async\" class=\"size-full wp-image-2215 alignleft\" src=\"https:\/\/sites.senat.ro\/wp-content\/uploads\/sites\/2\/2023\/01\/kazahtan.gif\" alt=\"\" width=\"164\" height=\"82\">21 noiembrie 2022 &#8211; Participarea deputatului Radu Molnar, pre\u0219edintele <strong>Grupului parlamentar de prietenie Rom\u00e2nia &#8211; Republica Kazahstan<\/strong>, la masa rotund\u0103 cu tema <em>New and Just Kazahstan, <\/em>la invita\u021bia E.S. Nurbakh Rustemov, ambasadorul Republicii Kazahstan \u00een Rom\u00e2nia<\/p>\n<p>&nbsp;<\/p>\n<p><img loading=\"lazy\" decoding=\"async\" class=\"size-full wp-image-2216 alignleft\" src=\"https:\/\/sites.senat.ro\/wp-content\/uploads\/sites\/2\/2023\/01\/turkmenistan.gif\" alt=\"\" width=\"140\" height=\"91\">15 noiembrie 2022 &#8211; Participarea deputatului Kolcs\u00e1r Anquetil-K\u00e1roly, pre\u0219edintele <strong>Grupului parlamentar de prietenie Rom\u00e2nia &#8211; Turkmenistan<\/strong>, la evenimentul de aniversare a 30 de ani de rela\u021bii diplomatice rom\u00e2no-turkmene, organizat de Ambasada Turkmenistanului \u00een Rom\u00e2nia, \u00een cooperare cu Universitatea de \u0218tiin\u021be Agricole \u0219i Medicin\u0103 Veterinar\u0103 din Bucure\u0219ti<\/p>\n<p>&nbsp;<\/p>\n<p><img loading=\"lazy\" decoding=\"async\" class=\"size-full wp-image-2217 alignleft\" src=\"https:\/\/sites.senat.ro\/wp-content\/uploads\/sites\/2\/2023\/01\/germania.gif\" alt=\"\" width=\"137\" height=\"82\">19 octombrie 2022 &#8211; \u00centrevederea deputatului Cristian-Tudor B\u0103canu, pre\u0219edintele <strong>Grupului parlamentar de prietenie Rom\u00e2nia &#8211; Republica Federal\u0103 Germania<\/strong>, \u0219i a membrilor Grupului cu o delega\u021bie a landului german Baden-W\u00fcrttemberg, condus\u0103 de Florian Hassler, secretar de stat pentru afaceri europene<\/p>\n<p>&nbsp;<\/p>\n<p><img loading=\"lazy\" decoding=\"async\" class=\"size-full wp-image-2218 alignleft\" src=\"https:\/\/sites.senat.ro\/wp-content\/uploads\/sites\/2\/2023\/01\/ucraina.gif\" alt=\"\" width=\"127\" height=\"82\">11 octombrie 2022 &#8211; \u00centrevederea deputatului Ioan Balan, pre\u0219edintele <strong>Grupului parlamentar de prietenie Rom\u00e2nia &#8211; Ucraina, <\/strong>a deputatului Nicolae-Miroslav Petre\u0163chi, membru al Grupului, \u0219i a deputatului Lauren\u0163iu-Dan Leoreanu, pre\u015fedintele Comisiei pentru ap\u0103rare, ordine public\u0103 \u015fi siguran\u0163\u0103 na\u0163ional\u0103 din Camera Deputa\u021bilor, cu E.S. Ihor Prokopchuk, ambasadorul Ucrainei \u00een Rom\u00e2nia&nbsp;<\/p>\n<p>&nbsp;<\/p>\n<p><img loading=\"lazy\" decoding=\"async\" class=\"size-full wp-image-2219 alignleft\" src=\"https:\/\/sites.senat.ro\/wp-content\/uploads\/sites\/2\/2023\/01\/coreea.gif\" alt=\"\" width=\"123\" height=\"82\">29 septembrie 2022 &#8211; \u00centrevederea deputatului Mikl\u00f3s&nbsp;Zolt\u00e1n, vicepre\u0219edintele <strong>Grupului parlamentar de prietenie Rom\u00e2nia &#8211; Republica Coreea<\/strong>, \u0219i a deputatului Dan-Cristian Popescu, membru al Grupului, cu o delega\u021bie parlamentar\u0103 condus\u0103 de Lee Jung-mun, membru al Adun\u0103rii Na\u021bionale a Republicii Coreea<\/p>\n<p>&nbsp;<\/p>\n<p><img loading=\"lazy\" decoding=\"async\" class=\"size-full wp-image-2220 alignleft\" src=\"https:\/\/sites.senat.ro\/wp-content\/uploads\/sites\/2\/2023\/01\/chile.gif\" alt=\"\" width=\"121\" height=\"80\">19 septembrie 2022 &#8211; \u00centrevederea senatorului Florian-Dorel Bodog, pre\u0219edintele <strong>Grupului parlamentar de prietenie Rom\u00e2nia &#8211; Republica Chile<\/strong>, \u0219i a membrilor Grupului, cu Alexis Sep\u00falveda&nbsp;Soto, prim vicepre\u0219edinte al Camerei Deputa\u021bilor din parlamentul chilian, pre\u0219edintele Grupului de prietenie omolog, cu ocazia vizitei oficiale efectuat\u0103 \u00een Rom\u00e2nia \u00een perioada 16 &#8211; 20 septembrie 2022<\/p>\n<p>&nbsp;<\/p>\n<p><img loading=\"lazy\" decoding=\"async\" class=\"size-full wp-image-2219 alignleft\" src=\"https:\/\/sites.senat.ro\/wp-content\/uploads\/sites\/2\/2023\/01\/coreea.gif\" alt=\"\" width=\"123\" height=\"82\">8 august 2022 &#8211; \u00centrevederea deputatului Ben-Oni Ardelean, pre\u0219edintele <strong>Grupului parlamentar de prietenie Rom\u00e2nia &#8211; Republica Coreea<\/strong>, \u0219i a membrilor Grupului, cu Kim Jin-pyo, pre\u0219edintele Adun\u0103rii Na\u021bionale a Republicii Coreea,&nbsp;\u00een contextul vizitei \u00een Rom\u00e2nia a \u00eenaltului oficial sud-coreean&nbsp;&nbsp;&nbsp;&nbsp;&nbsp;&nbsp;&nbsp;&nbsp;&nbsp;&nbsp;&nbsp;<\/p>\n<p>&nbsp;<\/p>\n<p><strong>&nbsp;<\/strong><\/p>\n<p><strong>&nbsp;<\/strong><\/p>\n","protected":false},"excerpt":{"rendered":"<p>6 decembrie 2022 &#8211; \u00centrevederea deputatului Daniel Constantin, pre\u0219edintele Grupului parlamentar de prietenie Rom\u00e2nia &#8211; Emiratele Arabe Unite, cu E.S. Sultan Mohamed Majed Alali, ambasadorul Emiratelor Arabe Unite \u00een Rom\u00e2nia &nbsp; 21 noiembrie 2022 &#8211; Participarea deputatului Radu Molnar, pre\u0219edintele Grupului parlamentar de prietenie Rom\u00e2nia &#8211; Republica Kazahstan, la masa rotund\u0103 cu tema New and [&hellip;]<\/p>\n","protected":false},"author":2,"featured_media":0,"comment_status":"closed","ping_status":"open","sticky":false,"template":"","format":"standard","meta":{"ngg_post_thumbnail":0,"footnotes":""},"categories":[8,1],"tags":[],"class_list":["post-2211","post","type-post","status-publish","format-standard","hentry","category-intrevederi","category-prietenie"],"_links":{"self":[{"href":"https:\/\/sites.senat.ro\/index.php?rest_route=\/wp\/v2\/posts\/2211","targetHints":{"allow":["GET"]}}],"collection":[{"href":"https:\/\/sites.senat.ro\/index.php?rest_route=\/wp\/v2\/posts"}],"about":[{"href":"https:\/\/sites.senat.ro\/index.php?rest_route=\/wp\/v2\/types\/post"}],"author":[{"embeddable":true,"href":"https:\/\/sites.senat.ro\/index.php?rest_route=\/wp\/v2\/users\/2"}],"replies":[{"embeddable":true,"href":"https:\/\/sites.senat.ro\/index.php?rest_route=%2Fwp%2Fv2%2Fcomments&post=2211"}],"version-history":[{"count":0,"href":"https:\/\/sites.senat.ro\/index.php?rest_route=\/wp\/v2\/posts\/2211\/revisions"}],"wp:attachment":[{"href":"https:\/\/sites.senat.ro\/index.php?rest_route=%2Fwp%2Fv2%2Fmedia&parent=2211"}],"wp:term":[{"taxonomy":"category","embeddable":true,"href":"https:\/\/sites.senat.ro\/index.php?rest_route=%2Fwp%2Fv2%2Fcategories&post=2211"},{"taxonomy":"post_tag","embeddable":true,"href":"https:\/\/sites.senat.ro\/index.php?rest_route=%2Fwp%2Fv2%2Ftags&post=2211"}],"curies":[{"name":"wp","href":"https:\/\/api.w.org\/{rel}","templated":true}]}}