{"id":2203,"date":"2022-10-26T10:44:26","date_gmt":"2022-10-26T10:44:26","guid":{"rendered":"http:\/\/sites.senat.ro\/?p=2203"},"modified":"2023-01-16T10:44:40","modified_gmt":"2023-01-16T10:44:40","slug":"vizita-oficiala-in-republica-socialista-vietnam-si-in-regatul-cambodgiei-a-unei-delegatii-comune-a-grupurilor-parlamentare-de-prietenie-romania-republica-socialista-vietnam-si-romania-regatul-camb","status":"publish","type":"post","link":"https:\/\/sites.senat.ro\/?p=2203","title":{"rendered":"Vizita oficial\u0103 \u00een Republica Socialist\u0103 Vietnam \u0219i \u00een Regatul Cambodgiei a unei delega\u021bii comune a Grupurilor parlamentare de prietenie Rom\u00e2nia &#8211; Republica Socialist\u0103 Vietnam \u0219i Rom\u00e2nia &#8211; Regatul Cambodgiei (16 &#8211; 26 octombrie 2022)"},"content":{"rendered":"<p>Din delega\u021bie au f\u0103cut parte deputa\u021bii: Eugen Nea\u021b\u0103, pre\u0219edintele Grupului de prietenie Rom\u00e2nia &#8211; R. S. Vietnam, membru al Grupului de prietenie Rom\u00e2nia &#8211; Regatul Cambodgiei; Nicu Ni\u021b\u0103, pre\u0219edintele Grupului de prietenie Rom\u00e2nia &#8211; Regatul Cambodgiei, membru al Grupului de prietenie Rom\u00e2nia &#8211; R. S. Vietnam;&nbsp; Dumitru Rujan, vicepre\u0219edintele Grupului de prietenie Rom\u00e2nia &#8211; R. S. Vietnam.<\/p>\n<p><strong><em>Vizita \u00een Republica Socialist\u0103 Vietnam <\/em><\/strong>(16-21 octombrie 2022) s-a \u00eenscris \u00een demersurile viz\u00e2nd consolidarea \u0219i dezvoltarea cooper\u0103rii bilaterale dintre Rom\u00e2nia \u0219i Vietnam, prin dinamizarea contactelor politice, economice \u0219i sectoriale, inclusiv prin intermediul grupurilor de pretenie.<\/p>\n<p>La nivel parlamentar, delega\u021bia a avut convorbiri cu: Tran Tranh Man, vicepre\u0219edintele Adun\u0103rii Na\u021bionale; &nbsp;Cao Thi Xuan, pre\u0219edinta Grupului parlamentar de prietenie cu Rom\u00e2nia, \u0219i cu membri ai Grupului; &nbsp;Lam Van Doan vicepre\u0219edintele Comisiei pentru afaceri sociale \u0219i educa\u021bie, \u0219i cu membri ai Comisiei.<\/p>\n<p><img loading=\"lazy\" decoding=\"async\" class=\"size-medium wp-image-2204 aligncenter\" src=\"https:\/\/sites.senat.ro\/wp-content\/uploads\/sites\/2\/2023\/01\/Vietnam-300x185.jpg\" alt=\"\" width=\"300\" height=\"185\" srcset=\"https:\/\/sites.senat.ro\/wp-content\/uploads\/2023\/01\/Vietnam-300x185.jpg 300w, https:\/\/sites.senat.ro\/wp-content\/uploads\/2023\/01\/Vietnam-768x473.jpg 768w, https:\/\/sites.senat.ro\/wp-content\/uploads\/2023\/01\/Vietnam.jpg 1024w, https:\/\/sites.senat.ro\/wp-content\/uploads\/2023\/01\/Vietnam-732x450.jpg 732w\" sizes=\"auto, (max-width: 300px) 100vw, 300px\" \/><\/p>\n<p>Totodat\u0103, au fost organizate \u00eentrevederi cu Nguyen Sinh Nhan Tan, vice-ministru, Ministerul Industriei \u0219i Comer\u021bului, \u0219i Do Hung Viet, ministru adjunct al Afacerilor Externe.<\/p>\n<p>Interlocutorii au apreciat prietenia de peste 70 de ani care leag\u0103 cele dou\u0103 state \u0219i popoare \u0219i cooperarea bilateral\u0103 foarte bun\u0103 \u00een cadrul forurilor regionale \u0219i interna\u021bionale. Discu\u021biile au pus accent pe sprijinul acordat de Rom\u00e2nia \u00een dezvoltarea rela\u021biilor Vietnamului cu Uniunea European\u0103, consolidate prin semnarea <em>Acordului de Liber Schimb <\/em>\u0219i a<em>&nbsp;Acordului privind Protec\u021bia Investi\u021biilor<\/em>.<\/p>\n<p>Cooperarea \u00een domeniile educa\u021biei, muncii, turismului, investi\u021biilor \u0219i comer\u021bului se va afla pe agenda urm\u0103toarei sesiuni a <em>Comisiei mixte interguvernamentale rom\u00e2no-vietnameze de cooperare economic\u0103<\/em>.<\/p>\n<p>\u00cen contextul vizitei, delega\u021bia s-a deplasat \u00een provinciile Ninh Binh \u0219i Quang Ninh, unde a purtat discu\u021bii cu autorit\u0103\u021bi locale, inclusiv \u00een vederea \u00eenceperii demersurilor pentru \u00eenfr\u0103\u021birea provinciei Quang Ninh cu ora\u0219ul R\u00e2mnicu V\u00e2lcea.<\/p>\n<p>&nbsp;<\/p>\n<p><strong><em>Vizita \u00een Regatul Cambodgiei <\/em><\/strong>(21\u201326 octombrie 2022) a inclus \u00eentrevederi cu: Kittisangahakbindit Khuon Sudary, vicepre\u0219edinta Adun\u0103rii Na\u021bionale; Chheang Vun, pre\u0219edintele Grupului de prietenie cu Rom\u00e2nia din Adunarea Na\u021bional\u0103 a Regatului Cambodgiei; Ouch Borith, secretar de stat \u00een Ministerul Afacerilor Externe \u0219i ministru ata\u0219at pe l\u00e2ng\u0103 prim-ministrul Cambodgiei; Hen Vanndy vice-ministrul Economiei \u0219i Finan\u021belor; Tea Seyha, guvernatorul provinciei Siem Reap.<\/p>\n<p><img loading=\"lazy\" decoding=\"async\" class=\" wp-image-2205 alignleft\" src=\"https:\/\/sites.senat.ro\/wp-content\/uploads\/sites\/2\/2023\/01\/Cambodgia-293x300.jpg\" alt=\"\" width=\"266\" height=\"272\" srcset=\"https:\/\/sites.senat.ro\/wp-content\/uploads\/2023\/01\/Cambodgia-293x300.jpg 293w, https:\/\/sites.senat.ro\/wp-content\/uploads\/2023\/01\/Cambodgia.jpg 586w\" sizes=\"auto, (max-width: 266px) 100vw, 266px\" \/><\/p>\n<p>Vizita a prilejuit o mai bun\u0103 cunoa\u0219tere reciproc\u0103 a realit\u0103\u021bilor din cele dou\u0103 \u021b\u0103ri \u0219i a oferit oaspe\u021bilor ocazia de a sublinia interesul Rom\u00e2niei pentru dinamizarea agendei bilaterale \u0219i pentru relansarea contactelor politico-diplomatice, pe fondul celebr\u0103rii, \u00een 2023, a 60 de ani de rela\u021bii diplomatice. Discu\u021biile au eviden\u021biat dorin\u021ba comun\u0103 de explorare a oportunit\u0103\u021bilor de aprofundare a cooper\u0103rii economice \u0219i de dezvoltare a colabor\u0103rii bilaterale pe toate planurile \u0219i \u00een special \u00een domeniile educa\u021biei, \u0219tiin\u021bei \u0219i culturii.<\/p>\n<p>P\u0103r\u021bile au subliniat importan\u021ba continu\u0103rii dialogului parlamentar, inclusiv la nivelul grupurilor de prietenie, context \u00een care delega\u021bia rom\u00e2n\u0103 a transmis Grupului de prietenie omolog invita\u021bia de a efectua o vizit\u0103 oficial\u0103 \u00een Rom\u00e2nia, \u00een 2023.<\/p>\n","protected":false},"excerpt":{"rendered":"<p>Din delega\u021bie au f\u0103cut parte deputa\u021bii: Eugen Nea\u021b\u0103, pre\u0219edintele Grupului de prietenie Rom\u00e2nia &#8211; R. S. Vietnam, membru al Grupului de prietenie Rom\u00e2nia &#8211; Regatul Cambodgiei; Nicu Ni\u021b\u0103, pre\u0219edintele Grupului de prietenie Rom\u00e2nia &#8211; Regatul Cambodgiei, membru al Grupului de prietenie Rom\u00e2nia &#8211; R. S. Vietnam;&nbsp; Dumitru Rujan, vicepre\u0219edintele Grupului de prietenie Rom\u00e2nia &#8211; R. [&hellip;]<\/p>\n","protected":false},"author":2,"featured_media":0,"comment_status":"closed","ping_status":"open","sticky":false,"template":"","format":"standard","meta":{"ngg_post_thumbnail":0,"footnotes":""},"categories":[1,7],"tags":[],"class_list":["post-2203","post","type-post","status-publish","format-standard","hentry","category-prietenie","category-viziteoficiale"],"_links":{"self":[{"href":"https:\/\/sites.senat.ro\/index.php?rest_route=\/wp\/v2\/posts\/2203","targetHints":{"allow":["GET"]}}],"collection":[{"href":"https:\/\/sites.senat.ro\/index.php?rest_route=\/wp\/v2\/posts"}],"about":[{"href":"https:\/\/sites.senat.ro\/index.php?rest_route=\/wp\/v2\/types\/post"}],"author":[{"embeddable":true,"href":"https:\/\/sites.senat.ro\/index.php?rest_route=\/wp\/v2\/users\/2"}],"replies":[{"embeddable":true,"href":"https:\/\/sites.senat.ro\/index.php?rest_route=%2Fwp%2Fv2%2Fcomments&post=2203"}],"version-history":[{"count":0,"href":"https:\/\/sites.senat.ro\/index.php?rest_route=\/wp\/v2\/posts\/2203\/revisions"}],"wp:attachment":[{"href":"https:\/\/sites.senat.ro\/index.php?rest_route=%2Fwp%2Fv2%2Fmedia&parent=2203"}],"wp:term":[{"taxonomy":"category","embeddable":true,"href":"https:\/\/sites.senat.ro\/index.php?rest_route=%2Fwp%2Fv2%2Fcategories&post=2203"},{"taxonomy":"post_tag","embeddable":true,"href":"https:\/\/sites.senat.ro\/index.php?rest_route=%2Fwp%2Fv2%2Ftags&post=2203"}],"curies":[{"name":"wp","href":"https:\/\/api.w.org\/{rel}","templated":true}]}}