{"id":2200,"date":"2022-07-16T09:26:23","date_gmt":"2022-07-16T09:26:23","guid":{"rendered":"http:\/\/sites.senat.ro\/?p=2200"},"modified":"2023-01-16T10:26:50","modified_gmt":"2023-01-16T10:26:50","slug":"segmentul-la-nivel-inalt-al-summit-ului-mondial-pentru-societatea-informationala-wsis-geneva-30-mai-3-iunie-2022","status":"publish","type":"post","link":"https:\/\/sites.senat.ro\/?p=2200","title":{"rendered":"Segmentul la nivel \u00eenalt al Summit-ului Mondial pentru Societatea Informa\u021bional\u0103 &#8211; WSIS (Geneva, 30 mai &#8211; 3 iunie 2022)"},"content":{"rendered":"<p><img loading=\"lazy\" decoding=\"async\" class=\"size-medium wp-image-2201 alignleft\" src=\"https:\/\/sites.senat.ro\/wp-content\/uploads\/sites\/2\/2023\/01\/WSIS_2022-300x159.jpg\" alt=\"\" width=\"300\" height=\"159\" srcset=\"https:\/\/sites.senat.ro\/wp-content\/uploads\/2023\/01\/WSIS_2022-300x159.jpg 300w, https:\/\/sites.senat.ro\/wp-content\/uploads\/2023\/01\/WSIS_2022-768x408.jpg 768w, https:\/\/sites.senat.ro\/wp-content\/uploads\/2023\/01\/WSIS_2022-1024x544.jpg 1024w, https:\/\/sites.senat.ro\/wp-content\/uploads\/2023\/01\/WSIS_2022-732x389.jpg 732w, https:\/\/sites.senat.ro\/wp-content\/uploads\/2023\/01\/WSIS_2022-1140x605.jpg 1140w, https:\/\/sites.senat.ro\/wp-content\/uploads\/2023\/01\/WSIS_2022.jpg 1202w\" sizes=\"auto, (max-width: 300px) 100vw, 300px\" \/>La evenimentul organizat de Uniunea Interna\u021bional\u0103 a Telecomunica\u021biilor (UIT) \u00een colaborare cu Organiza\u021bia Na\u021biunilor Unite pentru Educa\u021bie, \u0218tiin\u021b\u0103 \u0219i Cultur\u0103 (UNESCO), Conferin\u021ba Na\u021biunilor Unite pentru Comer\u021b \u0219i Dezvoltare (UNCTAD) \u0219i Programul Na\u021biunilor Unite pentru Dezvoltare (PNUD), au participat senatorii Marius Humelnicu, pre\u0219edintele Comisiei pentru comunica\u021bii \u0219i tehnologia informa\u021biei, \u0219i Eugen-Remus Negoi, vicepre\u0219edinte al Comisiei permanente comune a Camerei Deputa\u021bilor \u0219i Senatului pentru rela\u021bia cu UNESCO.<\/p>\n<p>\u00cen cadrul temei generale a reuniunii, intitulat\u0103 <em>Tehnologiile informa\u021biei \u0219i comunica\u021biilor pentru bun\u0103stare, incluziune \u0219i rezilien\u021b\u0103: cooperarea \u00een cadrul WSIS pentru accelerarea progreselor \u00een realizarea Obiectivelor Dezvolt\u0103rii Durabile, <\/em>au fost dezb\u0103tute subiecte precum: <em>tehnologii emergente pentru dezvoltarea durabil\u0103; agricultura digital\u0103; impactul Inteligen\u021bei Artificiale asupra vie\u021bii, economiei \u0219i societ\u0103\u021bii; solu\u021bii de dezvoltare urban\u0103 bazate pe TIC; rolul tehnologiilor digitale \u00een asigurarea unei vie\u021bi s\u0103n\u0103toase \u0219i active pentru genera\u021biile actuale \u0219i viitoare; viitorul securit\u0103\u021bii cibernetice \u0219.a.<\/em><\/p>\n","protected":false},"excerpt":{"rendered":"<p>La evenimentul organizat de Uniunea Interna\u021bional\u0103 a Telecomunica\u021biilor (UIT) \u00een colaborare cu Organiza\u021bia Na\u021biunilor Unite pentru Educa\u021bie, \u0218tiin\u021b\u0103 \u0219i Cultur\u0103 (UNESCO), Conferin\u021ba Na\u021biunilor Unite pentru Comer\u021b \u0219i Dezvoltare (UNCTAD) \u0219i Programul Na\u021biunilor Unite pentru Dezvoltare (PNUD), au participat senatorii Marius Humelnicu, pre\u0219edintele Comisiei pentru comunica\u021bii \u0219i tehnologia informa\u021biei, \u0219i Eugen-Remus Negoi, vicepre\u0219edinte al Comisiei permanente [&hellip;]<\/p>\n","protected":false},"author":2,"featured_media":0,"comment_status":"closed","ping_status":"open","sticky":false,"template":"","format":"standard","meta":{"ngg_post_thumbnail":0,"footnotes":""},"categories":[3],"tags":[],"class_list":["post-2200","post","type-post","status-publish","format-standard","hentry","category-participare"],"_links":{"self":[{"href":"https:\/\/sites.senat.ro\/index.php?rest_route=\/wp\/v2\/posts\/2200","targetHints":{"allow":["GET"]}}],"collection":[{"href":"https:\/\/sites.senat.ro\/index.php?rest_route=\/wp\/v2\/posts"}],"about":[{"href":"https:\/\/sites.senat.ro\/index.php?rest_route=\/wp\/v2\/types\/post"}],"author":[{"embeddable":true,"href":"https:\/\/sites.senat.ro\/index.php?rest_route=\/wp\/v2\/users\/2"}],"replies":[{"embeddable":true,"href":"https:\/\/sites.senat.ro\/index.php?rest_route=%2Fwp%2Fv2%2Fcomments&post=2200"}],"version-history":[{"count":0,"href":"https:\/\/sites.senat.ro\/index.php?rest_route=\/wp\/v2\/posts\/2200\/revisions"}],"wp:attachment":[{"href":"https:\/\/sites.senat.ro\/index.php?rest_route=%2Fwp%2Fv2%2Fmedia&parent=2200"}],"wp:term":[{"taxonomy":"category","embeddable":true,"href":"https:\/\/sites.senat.ro\/index.php?rest_route=%2Fwp%2Fv2%2Fcategories&post=2200"},{"taxonomy":"post_tag","embeddable":true,"href":"https:\/\/sites.senat.ro\/index.php?rest_route=%2Fwp%2Fv2%2Ftags&post=2200"}],"curies":[{"name":"wp","href":"https:\/\/api.w.org\/{rel}","templated":true}]}}