{"id":2195,"date":"2022-11-11T10:46:23","date_gmt":"2022-11-11T10:46:23","guid":{"rendered":"http:\/\/sites.senat.ro\/?p=2195"},"modified":"2023-01-16T12:13:10","modified_gmt":"2023-01-16T12:13:10","slug":"vizita-in-romania-a-unei-delegatii-parlamentare-ucrainene-condusa-de-serhiy-babak-co-presedintele-grupului-de-prietenie-cu-romania-8-10-noiembrie-2022","status":"publish","type":"post","link":"https:\/\/sites.senat.ro\/?p=2195","title":{"rendered":"Vizita \u00een Rom\u00e2nia a unei delega\u021bii parlamentare ucrainene, condus\u0103 de Serhiy Babak, co-pre\u0219edintele Grupului de prietenie cu Rom\u00e2nia (8-10 noiembrie 2022)"},"content":{"rendered":"<p>Serhiy Babak, co-pre\u0219edintele Grupului de prietenie cu Rom\u00e2nia \u0219i pre\u0219edinte al Comitetului pentru educa\u021bie, \u0219tiin\u021b\u0103 \u0219i inovare din Rada Suprem\u0103 a Ucrainei, a fost \u00eenso\u021bit \u00een aceast\u0103 vizit\u0103 de Serhiy Koleboshyn, vicepre\u0219edinte al acestui Comitet.<\/p>\n<p><img loading=\"lazy\" decoding=\"async\" class=\"size-medium wp-image-2197 alignleft\" src=\"https:\/\/sites.senat.ro\/wp-content\/uploads\/sites\/2\/2023\/01\/Ucraina_1-300x200.jpeg\" alt=\"\" width=\"300\" height=\"200\" srcset=\"https:\/\/sites.senat.ro\/wp-content\/uploads\/2023\/01\/Ucraina_1-300x200.jpeg 300w, https:\/\/sites.senat.ro\/wp-content\/uploads\/2023\/01\/Ucraina_1-768x512.jpeg 768w, https:\/\/sites.senat.ro\/wp-content\/uploads\/2023\/01\/Ucraina_1-1024x682.jpeg 1024w, https:\/\/sites.senat.ro\/wp-content\/uploads\/2023\/01\/Ucraina_1-732x488.jpeg 732w, https:\/\/sites.senat.ro\/wp-content\/uploads\/2023\/01\/Ucraina_1-1140x760.jpeg 1140w, https:\/\/sites.senat.ro\/wp-content\/uploads\/2023\/01\/Ucraina_1.jpeg 1600w\" sizes=\"auto, (max-width: 300px) 100vw, 300px\" \/><\/p>\n<p>Oaspe\u021bii au fost primi\u021bi de Alina-\u0218tefania Gorghiu, pre\u0219edintele interimar al Senatului. La \u00eentrevedere au mai participat senatorii L\u00e1szl\u00f3 Attila, chestor al Senatului, \u0219i \u0218tefan-Radu Oprea, liderul Grupului Partidului Social Democrat din Senat, precum \u0219i deputa\u021bii Ioan Balan, pre\u0219edintele Grupului parlamentar de prietenie Rom\u00e2nia \u2013 Ucraina, \u0219i Nicolae Miroslav Petre\u021bchi, reprezentantul minorit\u0103\u021bii ucrainene \u00een Parlamentul Rom\u00e2niei. Programul a inclus \u0219i \u00eentrevederi cu deputatul Ioan Balan, pre\u0219edintele Grupului parlamentar de prietenie Rom\u00e2nia &#8211; Ucraina, \u0219i cu membri ai Grupului, precum \u0219i cu deputata Natalia-Elena Intotero, pre\u0219edinta Comisiei pentru \u00eenv\u0103\u021b\u0103m\u00e2nt din Camera Deputa\u021bilor, \u0219i cu membri ai Comisiei.<\/p>\n<p>La nivelul Executivului, delega\u021bia &nbsp;ucrainean\u0103 a avut convorbiri cu Ionel-Florian Lixandru, secretar de stat pentru \u00eenv\u0103\u021b\u0103m\u00e2nt pre-universitar \u0219i rela\u021bia cu Parlamentul \u00een Ministerul Educa\u021biei, \u0219i Iulian Fota, secretar de stat pentru afaceri strategice \u00een Ministerul Afacerilor Externe.<\/p>\n<p>Partea rom\u00e2n\u0103 a reiterat solidaritatea deplin\u0103 cu Ucraina \u00een contextul r\u0103zboiului de agresiune al Federa\u021biei Ruse \u0219i a reconfirmat sprijinul pentru procesul de reconstruc\u021bie \u0219i integrare european\u0103 \u0219i euroatlantic\u0103 a Ucrainei.&nbsp;<\/p>\n<p>Gazdele au salutat vizita la Bucure\u0219ti a delega\u021biei ucrainene \u0219i au subliniat rolul \u0219i importan\u021ba diploma\u021biei parlamentare \u00een consolidarea rela\u021biei bilaterale \u0219i promovarea sprijinului multidimensional acordat Ucrainei. Pre\u0219edintele interimar al Senatului a ar\u0103tat c\u0103 dialogul bilateral intens \u0219i deschis, la nivel parlamentar, r\u0103m\u00e2ne o cale legitim\u0103 \u0219i viabil\u0103 de consultare \u0219i ajutor reciproc, \u0219i a reiterat sus\u021binerea ferm\u0103 \u0219i pe multiple planuri pentru Ucraina.<\/p>\n<p>\u00cen cadrul convorbirilor, parlamentarii rom\u00e2ni au condamnat \u00een termenii cei mai duri r\u0103zboiul de agresiune premeditat, nejustificat \u0219i neprovocat declan\u0219at de Federa\u021bia Rus\u0103, ca \u0219i a\u0219a-zisele referendumuri desf\u0103\u0219urate \u00een regiunile ocupate din Ucraina.<\/p>\n<p><img loading=\"lazy\" decoding=\"async\" class=\"size-medium wp-image-2198 aligncenter\" src=\"https:\/\/sites.senat.ro\/wp-content\/uploads\/sites\/2\/2023\/01\/Ucraina_2-300x178.jpg\" alt=\"\" width=\"300\" height=\"178\" srcset=\"https:\/\/sites.senat.ro\/wp-content\/uploads\/2023\/01\/Ucraina_2-300x178.jpg 300w, https:\/\/sites.senat.ro\/wp-content\/uploads\/2023\/01\/Ucraina_2-768x455.jpg 768w, https:\/\/sites.senat.ro\/wp-content\/uploads\/2023\/01\/Ucraina_2.jpg 1024w, https:\/\/sites.senat.ro\/wp-content\/uploads\/2023\/01\/Ucraina_2-732x434.jpg 732w\" sizes=\"auto, (max-width: 300px) 100vw, 300px\" \/><\/p>\n<p>Totodat\u0103, au fost abordate aspecte referitoare la: provoc\u0103rile cu care se confrunt\u0103 autorit\u0103\u021bile ucrainene ca urmare a invaziei ruse\u0219ti, \u00een vederea asigur\u0103rii unui grad de normalitate \u00een ceea ce prive\u0219te educa\u021bia copiilor \u0219i tinerilor ucraineni; migra\u021bia elevilor \u0219i a cadrelor didactice; dificult\u0103\u021bile pe care copiii refugia\u021bilor ucraineni le \u00eent\u00e2mpin\u0103 \u00een procesul de integrare \u00een sistemele de \u00eenv\u0103\u021b\u0103m\u00e2nt existente \u00een \u021b\u0103rile unde ace\u0219tia \u00ee\u0219i continu\u0103 studiile.<\/p>\n<p>Cu ocazia vizitei la Bucure\u0219ti, oaspe\u021bii au participat \u0219i la o conferin\u021b\u0103 interna\u021bional\u0103 care a avut ca scop s\u0103rb\u0103torirea, la data de 9 noiembrie, a <em>Zilei limbii ucrainene<\/em>, eveniment organizat de Uniunea Ucrainenilor din Rom\u00e2nia.<\/p>\n<p>&nbsp;<\/p>\n","protected":false},"excerpt":{"rendered":"<p>Serhiy Babak, co-pre\u0219edintele Grupului de prietenie cu Rom\u00e2nia \u0219i pre\u0219edinte al Comitetului pentru educa\u021bie, \u0219tiin\u021b\u0103 \u0219i inovare din Rada Suprem\u0103 a Ucrainei, a fost \u00eenso\u021bit \u00een aceast\u0103 vizit\u0103 de Serhiy Koleboshyn, vicepre\u0219edinte al acestui Comitet. Oaspe\u021bii au fost primi\u021bi de Alina-\u0218tefania Gorghiu, pre\u0219edintele interimar al Senatului. La \u00eentrevedere au mai participat senatorii L\u00e1szl\u00f3 Attila, chestor [&hellip;]<\/p>\n","protected":false},"author":2,"featured_media":0,"comment_status":"closed","ping_status":"open","sticky":false,"template":"","format":"standard","meta":{"ngg_post_thumbnail":0,"footnotes":""},"categories":[1,7],"tags":[],"class_list":["post-2195","post","type-post","status-publish","format-standard","hentry","category-prietenie","category-viziteoficiale"],"_links":{"self":[{"href":"https:\/\/sites.senat.ro\/index.php?rest_route=\/wp\/v2\/posts\/2195","targetHints":{"allow":["GET"]}}],"collection":[{"href":"https:\/\/sites.senat.ro\/index.php?rest_route=\/wp\/v2\/posts"}],"about":[{"href":"https:\/\/sites.senat.ro\/index.php?rest_route=\/wp\/v2\/types\/post"}],"author":[{"embeddable":true,"href":"https:\/\/sites.senat.ro\/index.php?rest_route=\/wp\/v2\/users\/2"}],"replies":[{"embeddable":true,"href":"https:\/\/sites.senat.ro\/index.php?rest_route=%2Fwp%2Fv2%2Fcomments&post=2195"}],"version-history":[{"count":0,"href":"https:\/\/sites.senat.ro\/index.php?rest_route=\/wp\/v2\/posts\/2195\/revisions"}],"wp:attachment":[{"href":"https:\/\/sites.senat.ro\/index.php?rest_route=%2Fwp%2Fv2%2Fmedia&parent=2195"}],"wp:term":[{"taxonomy":"category","embeddable":true,"href":"https:\/\/sites.senat.ro\/index.php?rest_route=%2Fwp%2Fv2%2Fcategories&post=2195"},{"taxonomy":"post_tag","embeddable":true,"href":"https:\/\/sites.senat.ro\/index.php?rest_route=%2Fwp%2Fv2%2Ftags&post=2195"}],"curies":[{"name":"wp","href":"https:\/\/api.w.org\/{rel}","templated":true}]}}