{"id":2187,"date":"2022-10-14T13:43:28","date_gmt":"2022-10-14T13:43:28","guid":{"rendered":"http:\/\/sites.senat.ro\/?p=2187"},"modified":"2023-01-16T12:15:02","modified_gmt":"2023-01-16T12:15:02","slug":"vizita-oficiala-in-turcia-a-delegatiei-a-grupului-parlamentar-de-prietenie-romania-republica-turcia-10-14-octombrie-2022","status":"publish","type":"post","link":"https:\/\/sites.senat.ro\/?p=2187","title":{"rendered":"Vizita oficial\u0103 \u00een Turcia a delega\u021biei a Grupului parlamentar de prietenie Rom\u00e2nia &#8211; Republica Turcia (10-14 octombrie 2022)"},"content":{"rendered":"<p>Din delega\u021bia condus\u0103 de deputatul Nicolae Georgescu, pre\u0219edintele Grupului de prietenie Rom\u00e2nia-Republica Turcia, au f\u0103cut parte deputa\u021bii Adrian Solomon \u0219i Amet Varol, membri ai Grupului, \u0219i deputatul \u0218tefan Mu\u0219oiu.<\/p>\n<p>Vizita a avut loc la invita\u021bia pre\u0219edintelui Grupului omolog, Salih Cora, membru al Marii Adun\u0103ri Na\u021bionale a Republicii Turcia.<\/p>\n<p>Delega\u021bia a avut convorbiri cu: Salih Cora, pre\u0219edintele Grupului, \u0219i cu membri ai Grupului; Akif \u00c7a\u011fatay Kili\u00e7, pre\u0219edintele Comisiei pentru afaceri externe; Selami Altinok, pre\u0219edintele delega\u021biei Marii Adun\u0103ri Na\u021bionale a Republicii Turcia la Adunarea Parlamentar\u0103 a OSCE.<\/p>\n<p>La nivelul Executivului, oaspe\u021bii au fost primi\u021bi de Mevl\u00fct \u00c7avu\u015fo\u011flu, ministrul Afacerilor Externe.<\/p>\n<p>Pe parcursul discu\u021biilor, p\u0103r\u021bile au evocat importan\u021ba Parteneriatului Strategic pentru consolidarea leg\u0103turilor dintre cele dou\u0103 state, dialogul bilateral dinamic \u0219i nivelul foarte bun al colabor\u0103rii \u00een diferite domenii.&nbsp;<\/p>\n<p>P\u0103r\u021bile au discutat \u0219i despre efectele multidimensionale ale r\u0103zboiului din Ucraina, ocazie cu care a fost eviden\u021biat rolul de mediator asumat de Turcia \u00een contextul conflictului.&nbsp;<\/p>\n<p>Dinamica ascendent\u0103 a rela\u021biilor dintre cele dou\u0103 state \u00een cadrul Alian\u021bei Nord-Atlantice \u0219i al formatului trilateral Rom\u00e2nia-Turcia-Polonia a fost un alt subiect aflat pe agenda convorbirilor.<\/p>\n<p><img loading=\"lazy\" decoding=\"async\" class=\"size-medium wp-image-2189 aligncenter\" src=\"https:\/\/sites.senat.ro\/wp-content\/uploads\/sites\/2\/2023\/01\/Turcia-300x200.jpg\" alt=\"\" width=\"300\" height=\"200\" srcset=\"https:\/\/sites.senat.ro\/wp-content\/uploads\/2023\/01\/Turcia-300x200.jpg 300w, https:\/\/sites.senat.ro\/wp-content\/uploads\/2023\/01\/Turcia-768x512.jpg 768w, https:\/\/sites.senat.ro\/wp-content\/uploads\/2023\/01\/Turcia-1024x683.jpg 1024w, https:\/\/sites.senat.ro\/wp-content\/uploads\/2023\/01\/Turcia-732x488.jpg 732w, https:\/\/sites.senat.ro\/wp-content\/uploads\/2023\/01\/Turcia-1140x760.jpg 1140w, https:\/\/sites.senat.ro\/wp-content\/uploads\/2023\/01\/Turcia.jpg 2048w\" sizes=\"auto, (max-width: 300px) 100vw, 300px\" \/><\/p>\n","protected":false},"excerpt":{"rendered":"<p>Din delega\u021bia condus\u0103 de deputatul Nicolae Georgescu, pre\u0219edintele Grupului de prietenie Rom\u00e2nia-Republica Turcia, au f\u0103cut parte deputa\u021bii Adrian Solomon \u0219i Amet Varol, membri ai Grupului, \u0219i deputatul \u0218tefan Mu\u0219oiu. Vizita a avut loc la invita\u021bia pre\u0219edintelui Grupului omolog, Salih Cora, membru al Marii Adun\u0103ri Na\u021bionale a Republicii Turcia. Delega\u021bia a avut convorbiri cu: Salih Cora, [&hellip;]<\/p>\n","protected":false},"author":2,"featured_media":0,"comment_status":"closed","ping_status":"open","sticky":false,"template":"","format":"standard","meta":{"ngg_post_thumbnail":0,"footnotes":""},"categories":[1,7],"tags":[],"class_list":["post-2187","post","type-post","status-publish","format-standard","hentry","category-prietenie","category-viziteoficiale"],"_links":{"self":[{"href":"https:\/\/sites.senat.ro\/index.php?rest_route=\/wp\/v2\/posts\/2187","targetHints":{"allow":["GET"]}}],"collection":[{"href":"https:\/\/sites.senat.ro\/index.php?rest_route=\/wp\/v2\/posts"}],"about":[{"href":"https:\/\/sites.senat.ro\/index.php?rest_route=\/wp\/v2\/types\/post"}],"author":[{"embeddable":true,"href":"https:\/\/sites.senat.ro\/index.php?rest_route=\/wp\/v2\/users\/2"}],"replies":[{"embeddable":true,"href":"https:\/\/sites.senat.ro\/index.php?rest_route=%2Fwp%2Fv2%2Fcomments&post=2187"}],"version-history":[{"count":0,"href":"https:\/\/sites.senat.ro\/index.php?rest_route=\/wp\/v2\/posts\/2187\/revisions"}],"wp:attachment":[{"href":"https:\/\/sites.senat.ro\/index.php?rest_route=%2Fwp%2Fv2%2Fmedia&parent=2187"}],"wp:term":[{"taxonomy":"category","embeddable":true,"href":"https:\/\/sites.senat.ro\/index.php?rest_route=%2Fwp%2Fv2%2Fcategories&post=2187"},{"taxonomy":"post_tag","embeddable":true,"href":"https:\/\/sites.senat.ro\/index.php?rest_route=%2Fwp%2Fv2%2Ftags&post=2187"}],"curies":[{"name":"wp","href":"https:\/\/api.w.org\/{rel}","templated":true}]}}