{"id":2181,"date":"2022-11-03T10:45:42","date_gmt":"2022-11-03T10:45:42","guid":{"rendered":"http:\/\/sites.senat.ro\/?p=2181"},"modified":"2023-01-16T11:04:00","modified_gmt":"2023-01-16T11:04:00","slug":"reuniunea-parlamentara-on-line-cu-tema-implicarea-publicului-pentru-realizarea-acoperirii-universale-cu-servicii-de-sanatate-3-noiembrie-2022","status":"publish","type":"post","link":"https:\/\/sites.senat.ro\/?p=2181","title":{"rendered":"Reuniunea parlamentar\u0103 on line cu tema \u201dImplicarea publicului pentru realizarea acoperirii universale cu servicii de s\u0103n\u0103tate\u201d (3 noiembrie 2022)"},"content":{"rendered":"<p><img loading=\"lazy\" decoding=\"async\" class=\"size-full wp-image-2185 alignleft\" src=\"https:\/\/sites.senat.ro\/wp-content\/uploads\/sites\/2\/2023\/01\/DinuCristinaElena.jpg\" alt=\"\" width=\"150\" height=\"200\">La reuniune a participat deputata Cristina-Elena Dinu, membr\u0103 a Comitetului Director al GRUI, vicepre\u0219edint\u0103 a Comisiei pentru s\u0103n\u0103tate \u0219i familie din Camera Deputa\u021bilor.<\/p>\n<p><a href=\"https:\/\/www.ipu.org\/event\/public-engagement-universal-health-coverage\">Evenimentul<\/a> a avut la baz\u0103 <a href=\"https:\/\/www.ipu.org\/resources\/publications\/reports\/2022-03\/global-parliamentary-report-2022\">Raportul parlamentar mondial 2022 al UIP-PNUD<\/a>, cu tema <em>Implicarea publicului \u00een activit\u0103\u021bile parlamentului, <\/em>\u0219i s-a \u00eenscris \u00een suita ac\u021biunilor care urm\u0103resc transpunerea \u00een practic\u0103 a rezolu\u021biei <em>Realizarea acoperirii cu servicii universale de s\u0103n\u0103tate p\u00e2n\u0103 \u00een anul 2030: rolul parlamentelor \u00een asigurarea dreptului la s\u0103n\u0103tate<\/em>, adoptat\u0103 de UIP \u00een 2019<em>.<\/em><\/p>\n<p>Participan\u021bii au discutat despre modalit\u0103\u021bile prin care parlamentele pot valorifica implicarea publicului \u00een contextul demersurilor parlamentare care au ca scop asigurarea accesului la servicii medicale, dar \u0219i despre modul \u00een care legisla\u021bia poate facilita o participare incluziv\u0103. Au fost eviden\u021biate strategii \u0219i mecanisme eficiente de implicare a publicului \u0219i au fost identificate principalele obstacole \u00een calea accesului universal la servicii de s\u0103n\u0103tate \u0219i dificult\u0103\u021bile cu care se confrunt\u0103 grupurile vulnerabile \u0219i marginalizate. Principalele concluzii ale dezbaterilor pot fi consultate <a href=\"https:\/\/www.ipu.org\/file\/15792\/download\">aici<\/a>.<\/p>\n","protected":false},"excerpt":{"rendered":"<p>La reuniune a participat deputata Cristina-Elena Dinu, membr\u0103 a Comitetului Director al GRUI, vicepre\u0219edint\u0103 a Comisiei pentru s\u0103n\u0103tate \u0219i familie din Camera Deputa\u021bilor. Evenimentul a avut la baz\u0103 Raportul parlamentar mondial 2022 al UIP-PNUD, cu tema Implicarea publicului \u00een activit\u0103\u021bile parlamentului, \u0219i s-a \u00eenscris \u00een suita ac\u021biunilor care urm\u0103resc transpunerea \u00een practic\u0103 a rezolu\u021biei Realizarea [&hellip;]<\/p>\n","protected":false},"author":2,"featured_media":0,"comment_status":"closed","ping_status":"open","sticky":false,"template":"","format":"standard","meta":{"ngg_post_thumbnail":0,"footnotes":""},"categories":[3],"tags":[],"class_list":["post-2181","post","type-post","status-publish","format-standard","hentry","category-participare"],"_links":{"self":[{"href":"https:\/\/sites.senat.ro\/index.php?rest_route=\/wp\/v2\/posts\/2181","targetHints":{"allow":["GET"]}}],"collection":[{"href":"https:\/\/sites.senat.ro\/index.php?rest_route=\/wp\/v2\/posts"}],"about":[{"href":"https:\/\/sites.senat.ro\/index.php?rest_route=\/wp\/v2\/types\/post"}],"author":[{"embeddable":true,"href":"https:\/\/sites.senat.ro\/index.php?rest_route=\/wp\/v2\/users\/2"}],"replies":[{"embeddable":true,"href":"https:\/\/sites.senat.ro\/index.php?rest_route=%2Fwp%2Fv2%2Fcomments&post=2181"}],"version-history":[{"count":0,"href":"https:\/\/sites.senat.ro\/index.php?rest_route=\/wp\/v2\/posts\/2181\/revisions"}],"wp:attachment":[{"href":"https:\/\/sites.senat.ro\/index.php?rest_route=%2Fwp%2Fv2%2Fmedia&parent=2181"}],"wp:term":[{"taxonomy":"category","embeddable":true,"href":"https:\/\/sites.senat.ro\/index.php?rest_route=%2Fwp%2Fv2%2Fcategories&post=2181"},{"taxonomy":"post_tag","embeddable":true,"href":"https:\/\/sites.senat.ro\/index.php?rest_route=%2Fwp%2Fv2%2Ftags&post=2181"}],"curies":[{"name":"wp","href":"https:\/\/api.w.org\/{rel}","templated":true}]}}