{"id":2174,"date":"2022-10-13T10:42:11","date_gmt":"2022-10-13T10:42:11","guid":{"rendered":"http:\/\/sites.senat.ro\/?p=2174"},"modified":"2023-01-16T10:42:25","modified_gmt":"2023-01-16T10:42:25","slug":"vizita-oficiala-in-mexic-a-unei-delegatii-parlamentare-condusa-de-senatorul-leonard-azamfirei-presedintele-grupului-parlamentar-de-prietenie-romania-statele-unite-mexicane-9-13-octombrie-2022","status":"publish","type":"post","link":"https:\/\/sites.senat.ro\/?p=2174","title":{"rendered":"Vizita oficial\u0103 \u00een Mexic a unei delega\u021bii parlamentare condus\u0103 de senatorul Leonard Azamfirei, pre\u0219edintele Grupului parlamentar de prietenie Rom\u00e2nia &#8211; Statele Unite Mexicane (9-13 octombrie 2022)"},"content":{"rendered":"<p>Senatorul Leonard Azamfirei, pre\u0219edintele Grupului parlamentar de prietenie Rom\u00e2nia &#8211; Statele Unite Mexicane, rector al Universit\u0103\u021bii de Medicin\u0103, Farmacie, \u0218tiin\u021be \u0219i Tehnologie \u201eGeorge Emil Palade\u201d din T\u00e2rgu-Mure\u0219, a fost \u00eenso\u021bit \u00een aceast\u0103 vizit\u0103 de deputatul Marilen-Gabriel Pirtea, consilier onorific al prim-ministrului pentru sprijinirea particip\u0103rii universit\u0103\u021bilor rom\u00e2ne\u0219ti la programele \u0219i ini\u021biativele dezvoltate \u00een Spa\u021biul European al Educa\u021biei \u0219i \u00een Spa\u021biul European al Cercet\u0103rii, rector al Universit\u0103\u021bii de Vest din Timi\u0219oara.<\/p>\n<p>Vizita a avut o component\u0103 politic\u0103 \u0219i una academic\u0103.<\/p>\n<p>La nivel politic, parlamentarii rom\u00e2ni au avut convorbiri cu: deputata Noem\u00ed Salazar L\u00f3pez, pre\u0219edinta Grupului parlamentar de prietenie cu Rom\u00e2nia din Camera Deputa\u021bilor, \u0219i cu membri ai Grupului; senatoarea Antares Guadalupe V\u00e1zquez Alatorre, pre\u0219edinta Comisiei pentru educa\u021bie din Senatul mexican, precum \u0219i cu membri ai Cabinetului statului Puebla. La discu\u021biile de la Camera Deputa\u021bilor au participat ambasadorul Rom\u00e2niei \u00een Mexic, Marius-Gabriel Lazurca, \u0219i ambasadorul desemnat al Mexicului \u00een Rom\u00e2nia, Amparo Er\u00e9ndira Anguiano Rodr\u00edguez.<\/p>\n<p><img loading=\"lazy\" decoding=\"async\" class=\"size-medium wp-image-2176 aligncenter\" src=\"https:\/\/sites.senat.ro\/wp-content\/uploads\/sites\/2\/2023\/01\/Mexic-300x200.jpg\" alt=\"\" width=\"300\" height=\"200\" srcset=\"https:\/\/sites.senat.ro\/wp-content\/uploads\/2023\/01\/Mexic-300x200.jpg 300w, https:\/\/sites.senat.ro\/wp-content\/uploads\/2023\/01\/Mexic-768x512.jpg 768w, https:\/\/sites.senat.ro\/wp-content\/uploads\/2023\/01\/Mexic-1024x682.jpg 1024w, https:\/\/sites.senat.ro\/wp-content\/uploads\/2023\/01\/Mexic-732x488.jpg 732w, https:\/\/sites.senat.ro\/wp-content\/uploads\/2023\/01\/Mexic-1140x760.jpg 1140w, https:\/\/sites.senat.ro\/wp-content\/uploads\/2023\/01\/Mexic.jpg 1600w\" sizes=\"auto, (max-width: 300px) 100vw, 300px\" \/><\/p>\n<p>Principalele teme abordate s-au referit la stadiul \u015fi perspectivele rela\u021biilor bilaterale \u0219i la oportunit\u0103\u021bile de fructificare a poten\u021bialului de cooperare \u00een domenii precum cel economic, comercial, academic \u0219i cultural.<\/p>\n<p>\u00cen cadrul componentei academice a vizitei, au avut loc discu\u021bii cu profesori \u0219i cercet\u0103tori ai Universit\u0103\u021bii Na\u021bionale Autonome a Mexicului, Universit\u0103\u021bii Populare Autonome, Universit\u0103\u021bii Americilor \u0219i Bibliotecii Palafoxiana din statul Puebla.<\/p>\n<p>Ambele p\u0103r\u021bi \u0219i-au manifestat dorin\u021ba de consolidare a colabor\u0103rii la nivel \u0219tiin\u021bific, prin dezvoltarea unor noi parteneriate \u00eentre institu\u021biile de \u00eenv\u0103\u021b\u0103m\u00e2nt superior din Rom\u00e2nia \u0219i din Mexic, av\u00e2nd ca principal obiectiv facilitarea mobilit\u0103\u021bii academice.<\/p>\n","protected":false},"excerpt":{"rendered":"<p>Senatorul Leonard Azamfirei, pre\u0219edintele Grupului parlamentar de prietenie Rom\u00e2nia &#8211; Statele Unite Mexicane, rector al Universit\u0103\u021bii de Medicin\u0103, Farmacie, \u0218tiin\u021be \u0219i Tehnologie \u201eGeorge Emil Palade\u201d din T\u00e2rgu-Mure\u0219, a fost \u00eenso\u021bit \u00een aceast\u0103 vizit\u0103 de deputatul Marilen-Gabriel Pirtea, consilier onorific al prim-ministrului pentru sprijinirea particip\u0103rii universit\u0103\u021bilor rom\u00e2ne\u0219ti la programele \u0219i ini\u021biativele dezvoltate \u00een Spa\u021biul European al [&hellip;]<\/p>\n","protected":false},"author":2,"featured_media":0,"comment_status":"closed","ping_status":"open","sticky":false,"template":"","format":"standard","meta":{"ngg_post_thumbnail":0,"footnotes":""},"categories":[1,7],"tags":[],"class_list":["post-2174","post","type-post","status-publish","format-standard","hentry","category-prietenie","category-viziteoficiale"],"_links":{"self":[{"href":"https:\/\/sites.senat.ro\/index.php?rest_route=\/wp\/v2\/posts\/2174","targetHints":{"allow":["GET"]}}],"collection":[{"href":"https:\/\/sites.senat.ro\/index.php?rest_route=\/wp\/v2\/posts"}],"about":[{"href":"https:\/\/sites.senat.ro\/index.php?rest_route=\/wp\/v2\/types\/post"}],"author":[{"embeddable":true,"href":"https:\/\/sites.senat.ro\/index.php?rest_route=\/wp\/v2\/users\/2"}],"replies":[{"embeddable":true,"href":"https:\/\/sites.senat.ro\/index.php?rest_route=%2Fwp%2Fv2%2Fcomments&post=2174"}],"version-history":[{"count":0,"href":"https:\/\/sites.senat.ro\/index.php?rest_route=\/wp\/v2\/posts\/2174\/revisions"}],"wp:attachment":[{"href":"https:\/\/sites.senat.ro\/index.php?rest_route=%2Fwp%2Fv2%2Fmedia&parent=2174"}],"wp:term":[{"taxonomy":"category","embeddable":true,"href":"https:\/\/sites.senat.ro\/index.php?rest_route=%2Fwp%2Fv2%2Fcategories&post=2174"},{"taxonomy":"post_tag","embeddable":true,"href":"https:\/\/sites.senat.ro\/index.php?rest_route=%2Fwp%2Fv2%2Ftags&post=2174"}],"curies":[{"name":"wp","href":"https:\/\/api.w.org\/{rel}","templated":true}]}}