{"id":2171,"date":"2022-09-30T12:40:38","date_gmt":"2022-09-30T12:40:38","guid":{"rendered":"http:\/\/sites.senat.ro\/?p=2171"},"modified":"2023-01-16T11:05:58","modified_gmt":"2023-01-16T11:05:58","slug":"intrevederea-senatoarei-silvia-monica-dinica-vicepresedinta-a-grui-cu-duarte-pacheco-presedintele-uniunii-interparlamentare-in-marja-conferintei-plenipotentiarilor-uit-2022-30-septembrie-2022","status":"publish","type":"post","link":"https:\/\/sites.senat.ro\/?p=2171","title":{"rendered":"\u00centrevederea senatoarei Silvia-Monica Dinic\u0103, vicepre\u0219edint\u0103 a GRUI, cu Duarte Pacheco, pre\u0219edintele Uniunii Interparlamentare, \u00een marja Conferin\u021bei Plenipoten\u021biarilor UIT 2022 (30 septembrie 2022)"},"content":{"rendered":"<p>Discu\u021biile dintre cei doi oficiali au avut loc cu ocazia particip\u0103rii pre\u0219edintelui UIP, \u00een calitate de invitat special, la primul Forum interna\u021bional al parlamentarilor \u0219i reprezentan\u021bilor din sectorul privat, cu tema&nbsp;<em>Reducerea decalajului digital \u2013 o agend\u0103 mondial\u0103 pentru viitorul digital<\/em>&nbsp;(1 octombrie 2022), eveniment ce a avut loc \u00een marja Conferin\u021bei Plenipoten\u021biarilor a Uniunii Interna\u021bionale a Comunica\u021biilor (Bucure\u0219ti, 26 septembrie-14 octombrie 2022).<\/p>\n<p><img loading=\"lazy\" decoding=\"async\" class=\"size-medium wp-image-2172 aligncenter\" src=\"https:\/\/sites.senat.ro\/wp-content\/uploads\/sites\/2\/2023\/01\/dinica-1-300x200.jpg\" alt=\"\" width=\"300\" height=\"200\" srcset=\"https:\/\/sites.senat.ro\/wp-content\/uploads\/2023\/01\/dinica-1-300x200.jpg 300w, https:\/\/sites.senat.ro\/wp-content\/uploads\/2023\/01\/dinica-1-768x512.jpg 768w, https:\/\/sites.senat.ro\/wp-content\/uploads\/2023\/01\/dinica-1-1024x682.jpg 1024w, https:\/\/sites.senat.ro\/wp-content\/uploads\/2023\/01\/dinica-1-732x488.jpg 732w, https:\/\/sites.senat.ro\/wp-content\/uploads\/2023\/01\/dinica-1-1140x760.jpg 1140w, https:\/\/sites.senat.ro\/wp-content\/uploads\/2023\/01\/dinica-1.jpg 1600w\" sizes=\"auto, (max-width: 300px) 100vw, 300px\" \/><\/p>\n<p>\u00cen cadrul \u00eentrevederii, oficialul UIP a apreciat ini\u021biativa organiz\u0103rii unei reuniuni dedicate parlamentarilor cu ocazia conferin\u021bei UIT, exprim\u00e2ndu-\u0219i convingerea c\u0103 dezbaterile vor contribui la conturarea unor solu\u021bii legislative eficiente pentru reducerea decalajelor digitale, dezvoltarea competen\u021belor digitale, asigurarea securit\u0103\u021bii \u0219i rezilien\u021bei cibernetice, acestea fiind principalele provoc\u0103ri \u00eentr-o lume \u00een care digitalizarea joac\u0103 un rol determinant.<\/p>\n<p>Interlocutorii au eviden\u021biat rolul important asumat de UIP pentru mobilizarea ac\u021biunii parlamentare \u00een domeniul tehnologiilor informa\u021biei \u0219i comunica\u021biilor (TIC) \u0219i au evocat cele mai relevante rezolu\u021bii ale UIP \u00een materie, cu recomand\u0103ri adresate parlamentelor, guvernelor \u0219i organiza\u021biilor interna\u021bionale, pe teme precum: valorificarea TIC \u00een sectorul educa\u021biei; promovarea digitaliz\u0103rii \u0219i economiei circulare pentru realizarea Obiectivelor Dezvolt\u0103rii Durabile; pacea \u0219i dezvoltarea \u00een epoca inov\u0103rii \u0219i a schimb\u0103rilor tehnologice.<\/p>\n<p>Vicepre\u0219edinta GRUI a remarcat contribu\u021bia UIP la promovarea proceselor de digitalizare \u00een parlamentele membre \u0219i s-a referit la m\u0103surile adoptate de Senatul Rom\u00e2niei pentru realizarea tranzi\u021biei la activit\u0103\u021bile online \u0219i hibrid \u00een contextul pandemiei de COVID-19. A subliniat, totodat\u0103, c\u0103 parlamentele trebuie s\u0103 consolideze progresele datorate digitaliz\u0103rii accelerate din ultimii ani, cu prec\u0103dere \u00een ceea ce prive\u0219te implicarea publicului \u00een activitatea parlamentar\u0103, deschiderea \u0219i transparen\u021ba institu\u021bional\u0103 \u0219i o administra\u021bie mai eficient\u0103.<\/p>\n<p>Reprezentanta Senatului a apreciat valoarea \u0219i utilitatea dezbaterilor, a platformelor de consultare, a publica\u021biilor \u0219i a celorlalte instrumente pe care UIP le pune la dispozi\u021bia parlamentelor pentru modernizarea lor tehnologic\u0103, \u00eentre care Centrul pentru Inovare \u00een Parlament, rapoartele mondiale e-Parlament sau ghidurile privind site-urile de web parlamentare \u0219i TIC \u00een bibliotecile parlamentare.<\/p>\n<p>Interlocutorii au subliniat necesitatea unei cooper\u0103ri mai str\u00e2nse \u00eentre parlamente, guverne, mediul de afaceri, mediul academic \u0219i societatea civil\u0103, pentru reducerea decalajelor digitale la nivel na\u021bional \u0219i interna\u021bional, ca o condi\u021bie <em>sine qua non<\/em> pentru valorificarea poten\u021bialului TIC \u00een beneficiul dezvolt\u0103rii la scar\u0103 global\u0103. \u00cen acest context, vicepre\u0219edinta GRUI s-a referit la concluziile unui raport recent al UNICEF, care trage un serios semnal de alarm\u0103 privind decalajele \u00een cre\u0219tere dintre b\u0103ie\u021bi \u0219i fete \u00een ceea ce prive\u0219te abilit\u0103\u021bile matematice, din cauza sexismului \u0219i a stereotipurilor de gen, \u0219i a pledat pentru o implicare sporit\u0103 a UIP \u00een promovarea particip\u0103rii fetelor \u0219i femeilor \u00een domeniile STEM.<\/p>\n","protected":false},"excerpt":{"rendered":"<p>Discu\u021biile dintre cei doi oficiali au avut loc cu ocazia particip\u0103rii pre\u0219edintelui UIP, \u00een calitate de invitat special, la primul Forum interna\u021bional al parlamentarilor \u0219i reprezentan\u021bilor din sectorul privat, cu tema&nbsp;Reducerea decalajului digital \u2013 o agend\u0103 mondial\u0103 pentru viitorul digital&nbsp;(1 octombrie 2022), eveniment ce a avut loc \u00een marja Conferin\u021bei Plenipoten\u021biarilor a Uniunii Interna\u021bionale a [&hellip;]<\/p>\n","protected":false},"author":2,"featured_media":0,"comment_status":"closed","ping_status":"open","sticky":false,"template":"","format":"standard","meta":{"ngg_post_thumbnail":0,"footnotes":""},"categories":[5,3],"tags":[],"class_list":["post-2171","post","type-post","status-publish","format-standard","hentry","category-evenimente","category-participare"],"_links":{"self":[{"href":"https:\/\/sites.senat.ro\/index.php?rest_route=\/wp\/v2\/posts\/2171","targetHints":{"allow":["GET"]}}],"collection":[{"href":"https:\/\/sites.senat.ro\/index.php?rest_route=\/wp\/v2\/posts"}],"about":[{"href":"https:\/\/sites.senat.ro\/index.php?rest_route=\/wp\/v2\/types\/post"}],"author":[{"embeddable":true,"href":"https:\/\/sites.senat.ro\/index.php?rest_route=\/wp\/v2\/users\/2"}],"replies":[{"embeddable":true,"href":"https:\/\/sites.senat.ro\/index.php?rest_route=%2Fwp%2Fv2%2Fcomments&post=2171"}],"version-history":[{"count":0,"href":"https:\/\/sites.senat.ro\/index.php?rest_route=\/wp\/v2\/posts\/2171\/revisions"}],"wp:attachment":[{"href":"https:\/\/sites.senat.ro\/index.php?rest_route=%2Fwp%2Fv2%2Fmedia&parent=2171"}],"wp:term":[{"taxonomy":"category","embeddable":true,"href":"https:\/\/sites.senat.ro\/index.php?rest_route=%2Fwp%2Fv2%2Fcategories&post=2171"},{"taxonomy":"post_tag","embeddable":true,"href":"https:\/\/sites.senat.ro\/index.php?rest_route=%2Fwp%2Fv2%2Ftags&post=2171"}],"curies":[{"name":"wp","href":"https:\/\/api.w.org\/{rel}","templated":true}]}}