{"id":2168,"date":"2022-10-27T10:45:00","date_gmt":"2022-10-27T10:45:00","guid":{"rendered":"http:\/\/sites.senat.ro\/?p=2168"},"modified":"2023-01-16T10:45:15","modified_gmt":"2023-01-16T10:45:15","slug":"vizita-oficiala-in-romania-a-unei-delegatii-a-grupului-parlamentar-de-prietenie-cu-romania-din-parlamentul-republicii-indonezia-23-27-octombrie-2022","status":"publish","type":"post","link":"https:\/\/sites.senat.ro\/?p=2168","title":{"rendered":"Vizita oficial\u0103 \u00een Rom\u00e2nia a unei delega\u021bii a Grupului parlamentar de prietenie cu Rom\u00e2nia din parlamentul Republicii Indonezia (23-27 octombrie 2022)"},"content":{"rendered":"<p>Din delega\u021bia indonezian\u0103 condus\u0103 de Nurul Arifin, pre\u0219edinta Grupului, au f\u0103cut parte: Rachel Mariam Sayidina \u0219i Anton Sukartono Suratto, membri ai Comisiei pentru politic\u0103 extern\u0103, ap\u0103rare \u0219i informa\u021bii; Aliya Mustika Ilham, membr\u0103 a Comisiei pentru demografie, s\u0103n\u0103tate \u0219i munc\u0103; &nbsp;Nevi Zuairina,&nbsp; membr\u0103 a Comisiei pentru comer\u021b, investi\u021bii, IMM-uri \u0219i \u00eentreprinderi de stat.<\/p>\n<p><img loading=\"lazy\" decoding=\"async\" class=\"size-medium wp-image-2169 alignleft\" src=\"https:\/\/sites.senat.ro\/wp-content\/uploads\/sites\/2\/2023\/01\/Indonezia_1-300x228.jpg\" alt=\"\" width=\"300\" height=\"228\" srcset=\"https:\/\/sites.senat.ro\/wp-content\/uploads\/2023\/01\/Indonezia_1-300x228.jpg 300w, https:\/\/sites.senat.ro\/wp-content\/uploads\/2023\/01\/Indonezia_1-768x584.jpg 768w, https:\/\/sites.senat.ro\/wp-content\/uploads\/2023\/01\/Indonezia_1-732x556.jpg 732w, https:\/\/sites.senat.ro\/wp-content\/uploads\/2023\/01\/Indonezia_1.jpg 800w\" sizes=\"auto, (max-width: 300px) 100vw, 300px\" \/><\/p>\n<p>Oaspe\u021bii au avut convorbiri cu: deputa\u021bii Ilie Dan Barna, vicepre\u0219edinte al Camerei Deputa\u021bilor, membru al Comisiei pentru politic\u0103 extern\u0103 a Camerei Deputa\u021bilor, \u0219i Ben-Oni Ardelean, vicepre\u0219edinte al Comisiei; deputatul \u0218tefan Mu\u0219oiu, pre\u0219edintele Grupului parlamentar de prietenie Rom\u00e2nia \u2013 Indonezia, \u0219i membri ai Grupului; &nbsp;senatorii Titus Corl\u0103\u021bean, pre\u0219edintele Comisiei pentru politic\u0103 extern\u0103 a Senatului, \u0219i Cristian Bordei, secretarul Comisiei.<\/p>\n<p>La Ministerul Afacerilor Externe, oficialii indonezieni au avut convorbiri cu Iulian Fota, secretar de stat pentru afaceri strategice.<\/p>\n<p>\u00cen cadrul \u00eentrevederilor, ambele p\u0103r\u021bi au apreciat rolul diploma\u021biei parlamentare \u00een realizarea obiectivelor agendei comune \u0219i consolidarea cooper\u0103rii bilaterale, \u00eendeosebi \u00een domeniile economic, comercial \u0219i al investi\u021biilor. Vizita a prilejuit \u0219i un schimb de opinii privind securitatea european\u0103 \u0219i mondial\u0103, consecin\u021bele economice \u0219i sociale ale r\u0103zboiului din Ucraina \u0219i eforturile depuse la nivel regional \u0219i global pentru restabilirea p\u0103cii.<\/p>\n<p>Programul a inclus \u0219i o deplasare \u00een localitatea Urziceni, jude\u021bul Ialomi\u021ba, precum \u0219i vizitarea unor obiective turistice din jude\u021bele Prahova \u0219i Bra\u0219ov.<\/p>\n","protected":false},"excerpt":{"rendered":"<p>Din delega\u021bia indonezian\u0103 condus\u0103 de Nurul Arifin, pre\u0219edinta Grupului, au f\u0103cut parte: Rachel Mariam Sayidina \u0219i Anton Sukartono Suratto, membri ai Comisiei pentru politic\u0103 extern\u0103, ap\u0103rare \u0219i informa\u021bii; Aliya Mustika Ilham, membr\u0103 a Comisiei pentru demografie, s\u0103n\u0103tate \u0219i munc\u0103; &nbsp;Nevi Zuairina,&nbsp; membr\u0103 a Comisiei pentru comer\u021b, investi\u021bii, IMM-uri \u0219i \u00eentreprinderi de stat. Oaspe\u021bii au avut [&hellip;]<\/p>\n","protected":false},"author":2,"featured_media":0,"comment_status":"closed","ping_status":"open","sticky":false,"template":"","format":"standard","meta":{"ngg_post_thumbnail":0,"footnotes":""},"categories":[1,7],"tags":[],"class_list":["post-2168","post","type-post","status-publish","format-standard","hentry","category-prietenie","category-viziteoficiale"],"_links":{"self":[{"href":"https:\/\/sites.senat.ro\/index.php?rest_route=\/wp\/v2\/posts\/2168","targetHints":{"allow":["GET"]}}],"collection":[{"href":"https:\/\/sites.senat.ro\/index.php?rest_route=\/wp\/v2\/posts"}],"about":[{"href":"https:\/\/sites.senat.ro\/index.php?rest_route=\/wp\/v2\/types\/post"}],"author":[{"embeddable":true,"href":"https:\/\/sites.senat.ro\/index.php?rest_route=\/wp\/v2\/users\/2"}],"replies":[{"embeddable":true,"href":"https:\/\/sites.senat.ro\/index.php?rest_route=%2Fwp%2Fv2%2Fcomments&post=2168"}],"version-history":[{"count":0,"href":"https:\/\/sites.senat.ro\/index.php?rest_route=\/wp\/v2\/posts\/2168\/revisions"}],"wp:attachment":[{"href":"https:\/\/sites.senat.ro\/index.php?rest_route=%2Fwp%2Fv2%2Fmedia&parent=2168"}],"wp:term":[{"taxonomy":"category","embeddable":true,"href":"https:\/\/sites.senat.ro\/index.php?rest_route=%2Fwp%2Fv2%2Fcategories&post=2168"},{"taxonomy":"post_tag","embeddable":true,"href":"https:\/\/sites.senat.ro\/index.php?rest_route=%2Fwp%2Fv2%2Ftags&post=2168"}],"curies":[{"name":"wp","href":"https:\/\/api.w.org\/{rel}","templated":true}]}}