{"id":2163,"date":"2022-07-16T10:00:24","date_gmt":"2022-07-16T10:00:24","guid":{"rendered":"http:\/\/sites.senat.ro\/?p=2163"},"modified":"2023-01-16T10:26:09","modified_gmt":"2023-01-16T10:26:09","slug":"forumul-politic-la-nivel-inalt-al-natiunilor-unite-privind-dezvoltarea-durabila-segmentul-ministerial-si-evenimentele-asociate-new-york-13-15-iulie-2022","status":"publish","type":"post","link":"https:\/\/sites.senat.ro\/?p=2163","title":{"rendered":"Forumul politic la nivel \u00eenalt al Na\u021biunilor Unite privind dezvoltarea durabil\u0103 (segmentul ministerial) \u0219i evenimentele asociate (New York, 13-15 iulie 2022)"},"content":{"rendered":"<p>Edi\u021bia 2022 a Forumului politic la nivel \u00eenalt al ONU privind dezvoltarea durabil\u0103 (HLPF) a fost organizat\u0103 \u00een perioada 5-18 iulie 2022, sub auspiciile Consiliului Economic \u0219i Social al Na\u021biunilor Unite, \u0219i a avut tema general\u0103 <em>S\u0103 reconstruim mai bine dup\u0103 COVID-19, promov\u00e2nd, \u00een acela\u0219i timp, implementarea integral\u0103 a Agendei 2030 pentru dezvoltare durabil\u0103.<\/em><\/p>\n<p><img loading=\"lazy\" decoding=\"async\" class=\"size-medium wp-image-2165 alignleft\" src=\"https:\/\/sites.senat.ro\/wp-content\/uploads\/sites\/2\/2023\/01\/Flyer_HLPF-233x300.jpg\" alt=\"\" width=\"233\" height=\"300\" srcset=\"https:\/\/sites.senat.ro\/wp-content\/uploads\/2023\/01\/Flyer_HLPF-233x300.jpg 233w, https:\/\/sites.senat.ro\/wp-content\/uploads\/2023\/01\/Flyer_HLPF.jpg 657w\" sizes=\"auto, (max-width: 233px) 100vw, 233px\" \/>\u00cen cadrul segmentului ministerial, 44 de \u021b\u0103ri de pe toate continentele au prezentat Rapoarte Na\u021bionale Voluntare privind implementarea ODD 4 &#8211; <em>Educa\u021bie de calitate<\/em>, ODD 5 &#8211; <em>Egalitate de gen<\/em>, ODD 14 &#8211; <em>Via\u021ba sub ap\u0103<\/em>, ODD 15 &#8211; <em>Via\u021ba pe p\u0103m\u00e2nt<\/em> \u0219i ODD 17 &#8211; <em>Parteneriate pentru realizarea ODD<\/em>.&nbsp;<\/p>\n<p>Senatorii&nbsp;Daniel-C\u0103t\u0103lin Zamfir \u0219i&nbsp;Ion Marcel Vela,&nbsp;membri ai Comitetului Director al GRUI, au participat la Forumul ONU (segmentul ministerial), precum \u0219i la reuniunea parlamentar\u0103 \u0219i alte evenimente asociate, \u00een calitate de membri ai delega\u021biei Rom\u00e2niei.<\/p>\n<p>Din delega\u021bia na\u021bional\u0103, condus\u0103 de ministrul Mediului, Apelor \u015fi P\u0103durilor, T\u00e1nczos Barna, au mai f\u0103cut parte reprezentan\u021bi ai Secretariatului general al Guvernului \u2013 Departamentul pentru Dezvoltare Durabil\u0103 \u0219i ai ministerelor Educa\u021biei \u0219i Afacerilor Externe.<\/p>\n<p>\u00cen cadrul diferitelor sesiuni tematice, la nivel ministerial \u0219i parlamentar, delega\u021bia rom\u00e2n\u0103 a prezentat progresele realizate de \u021bara noastr\u0103 \u00een consolidarea cadrului legislativ \u0219i institu\u021bional \u00een domeniu; principalele orient\u0103ri ale <em>Strategiei na\u021bionale pentru dezvoltare durabil\u0103 2030<\/em> \u0219i obiectivele planului de ac\u021biune aferent; ini\u021biative de dat\u0103 recent\u0103, precum definirea unui nou set de indicatori na\u021bionali dezvoltare durabil\u0103 sau elaborarea Codului Rom\u00e2n al Sustenabilit\u0103\u021bii \u0219i a standardului ocupa\u021bional <em>expert \u00een dezvoltare durabil\u0103.<\/em>&nbsp;<\/p>\n<p>Participan\u021bii la reuniunea parlamentar\u0103 <em>Parteneriat \u0219i cooperare pentru dezvoltare: sunt acestea \u00een serviciul ODD?<\/em>, organizat\u0103 de UIP \u00een ziua de 13 iulie, au discutat despre rolul parlamentelor \u00een promovarea ODD 17 &#8211; <em>Parteneriate pentru realizarea ODD, <\/em>\u00een cadrul a dou\u0103 dezbateri-panel cu temele: <em>Mobilizarea veniturilor interne; Asisten\u021ba pentru dezvoltare \u0219i parteneriatele public-privat. <\/em><\/p>\n<p>Principalele elemente de pozi\u021bie ale delega\u021biei GRUI s-au concentrat pe: rolul esen\u021bial al controlului parlamentar \u00een asigurarea utiliz\u0103rii transparente a fondurilor publice alocate cooper\u0103rii pentru dezvoltare; sprijinul acordat de Rom\u00e2nia <em>Parteneriatului mondial pentru o cooperare eficace \u00een favoarea dezvolt\u0103rii<\/em>; importan\u021ba celor patru principii pe care se fundamenteaz\u0103 politica Rom\u00e2niei \u0219i activitatea parlamentar\u0103 \u00een domeniu &#8211; responsabilitate na\u021bional\u0103, orientare spre rezultate, parteneriate incluzive, transparen\u021b\u0103 \u0219i r\u0103spundere reciproc\u0103; impactul economic \u0219i social al pandemiei de COVID-19 asupra dezvolt\u0103rii durabile, \u00een general, \u0219i asupra situa\u021biei, deja dificile, a \u021b\u0103rilor \u00een curs de dezvoltare, \u00een special; determinarea Rom\u00e2niei de a-\u0219i \u00eembun\u0103t\u0103\u021bi nivelul asisten\u021bei pentru dezvoltare, \u00een func\u021bie de capacitatea de sus\u021binere a economiei na\u021bionale, \u00een vederea \u00eendeplinirii \u021bintei de alocare a 0,33% din VNB p\u00e2n\u0103 \u00een anul 2030, conform angajamentelor asumate la nivelul ONU \u0219i UE, \u0219i cre\u0219terea constant\u0103 a volumului AOD acordat\u0103 de Rom\u00e2nia \u00een ultimii ani, \u00een pofida contextului interna\u021bional extrem de dificil.<\/p>\n<p>\u00cen ziua de 14 iulie, Rom\u00e2nia, prin Departamentul pentru Dezvoltare Durabil\u0103, \u00een colaborare cu guvernele Italiei \u0219i Luxemburgului \u0219i OCDE, a organizat evenimentul intitulat <em>S\u0103 reconstruim mai bine: m\u0103surarea \u0219i cre\u0219terea coeren\u021bei politicilor pentru realizarea efectiv\u0103 a ODD p\u00e2n\u0103 \u00een 2030<\/em>. Cu aceast\u0103 ocazie, delega\u021bia rom\u00e2n\u0103 a prezentat <em>Planul na\u021bional de ac\u021biune<\/em> pentru implementarea <em>Strategiei na\u021bionale de dezvoltare durabil\u0103 a Rom\u00e2niei 2030<\/em>, iar OCDE a lansat <em>Observatorul interna\u021bional privind coeren\u021ba politicilor pentru dezvoltare durabil\u0103<\/em>, o platform\u0103 web care reune\u0219te resursele de cuno\u0219tin\u021be referitoare la coeren\u021ba politicilor de dezvoltare durabil\u0103 din \u021b\u0103rile OCDE cu cele ale organiza\u021biilor interna\u021bionale \u0219i partenerilor din societatea civil\u0103, mediul academic \u0219i sectorul privat.<\/p>\n","protected":false},"excerpt":{"rendered":"<p>Edi\u021bia 2022 a Forumului politic la nivel \u00eenalt al ONU privind dezvoltarea durabil\u0103 (HLPF) a fost organizat\u0103 \u00een perioada 5-18 iulie 2022, sub auspiciile Consiliului Economic \u0219i Social al Na\u021biunilor Unite, \u0219i a avut tema general\u0103 S\u0103 reconstruim mai bine dup\u0103 COVID-19, promov\u00e2nd, \u00een acela\u0219i timp, implementarea integral\u0103 a Agendei 2030 pentru dezvoltare durabil\u0103. \u00cen [&hellip;]<\/p>\n","protected":false},"author":2,"featured_media":0,"comment_status":"closed","ping_status":"open","sticky":false,"template":"","format":"standard","meta":{"ngg_post_thumbnail":0,"footnotes":""},"categories":[3],"tags":[],"class_list":["post-2163","post","type-post","status-publish","format-standard","hentry","category-participare"],"_links":{"self":[{"href":"https:\/\/sites.senat.ro\/index.php?rest_route=\/wp\/v2\/posts\/2163","targetHints":{"allow":["GET"]}}],"collection":[{"href":"https:\/\/sites.senat.ro\/index.php?rest_route=\/wp\/v2\/posts"}],"about":[{"href":"https:\/\/sites.senat.ro\/index.php?rest_route=\/wp\/v2\/types\/post"}],"author":[{"embeddable":true,"href":"https:\/\/sites.senat.ro\/index.php?rest_route=\/wp\/v2\/users\/2"}],"replies":[{"embeddable":true,"href":"https:\/\/sites.senat.ro\/index.php?rest_route=%2Fwp%2Fv2%2Fcomments&post=2163"}],"version-history":[{"count":0,"href":"https:\/\/sites.senat.ro\/index.php?rest_route=\/wp\/v2\/posts\/2163\/revisions"}],"wp:attachment":[{"href":"https:\/\/sites.senat.ro\/index.php?rest_route=%2Fwp%2Fv2%2Fmedia&parent=2163"}],"wp:term":[{"taxonomy":"category","embeddable":true,"href":"https:\/\/sites.senat.ro\/index.php?rest_route=%2Fwp%2Fv2%2Fcategories&post=2163"},{"taxonomy":"post_tag","embeddable":true,"href":"https:\/\/sites.senat.ro\/index.php?rest_route=%2Fwp%2Fv2%2Ftags&post=2163"}],"curies":[{"name":"wp","href":"https:\/\/api.w.org\/{rel}","templated":true}]}}