{"id":2158,"date":"2022-10-01T10:41:11","date_gmt":"2022-10-01T10:41:11","guid":{"rendered":"http:\/\/sites.senat.ro\/?p=2158"},"modified":"2023-01-16T10:41:43","modified_gmt":"2023-01-16T10:41:43","slug":"forumul-international-al-parlamentarilor-si-reprezentantilor-din-sectorul-privat-bucuresti-palatul-parlamentului-1-octombrie-2022","status":"publish","type":"post","link":"https:\/\/sites.senat.ro\/?p=2158","title":{"rendered":"Forumul interna\u021bional al parlamentarilor \u0219i reprezentan\u021bilor din sectorul privat  (Bucure\u0219ti, Palatul Parlamentului, 1 octombrie 2022)"},"content":{"rendered":"<p><img loading=\"lazy\" decoding=\"async\" class=\"size-medium wp-image-2161 alignleft\" src=\"https:\/\/sites.senat.ro\/wp-content\/uploads\/sites\/2\/2023\/01\/Forum_privat_UIT-300x136.png\" alt=\"\" width=\"300\" height=\"136\" srcset=\"https:\/\/sites.senat.ro\/wp-content\/uploads\/2023\/01\/Forum_privat_UIT-300x136.png 300w, https:\/\/sites.senat.ro\/wp-content\/uploads\/2023\/01\/Forum_privat_UIT-768x348.png 768w, https:\/\/sites.senat.ro\/wp-content\/uploads\/2023\/01\/Forum_privat_UIT-1024x464.png 1024w, https:\/\/sites.senat.ro\/wp-content\/uploads\/2023\/01\/Forum_privat_UIT-732x332.png 732w, https:\/\/sites.senat.ro\/wp-content\/uploads\/2023\/01\/Forum_privat_UIT-1140x517.png 1140w, https:\/\/sites.senat.ro\/wp-content\/uploads\/2023\/01\/Forum_privat_UIT.png 1920w\" sizes=\"auto, (max-width: 300px) 100vw, 300px\" \/>Aflat la prima edi\u021bie, <a href=\"https:\/\/myconnector.ro\/virtual\/the-parliamentarian-private-sector-forum\/1269\/info\">Forumul<\/a>, cu tema general\u0103 <em>Reducerea decalajului digital \u2013 o agend\u0103 mondial\u0103 pentru viitorul digital, <\/em>a fost organizat la ini\u021biativa Comisiei pentru tehnologia informa\u021biei \u0219i comunica\u021biilor din Camera Deputa\u021bilor, cu ocazia Conferin\u021bei Plenipoten\u021biarilor Uniunii Interna\u021bionale a Telecomunica\u021biilor, g\u0103zduit\u0103 de Rom\u00e2nia \u00een perioada 26 septembrie-14 octombrie 2022.<\/p>\n<p><em>Conferin<\/em><em>\u021b<\/em><em>a Plenipoten<\/em><em>\u021b<\/em><em>iarilor este cel mai <\/em><em>\u00ee<\/em><em>nalt organism de elaborare a politicilor Uniunii Interna<\/em><em>\u021b<\/em><em>ionale a Telecomunica<\/em><em>\u021b<\/em><em>iilor (UIT), <\/em><em>agen\u021bie specializat\u0103 a Na\u021biunilor Unite. Organizat\u0103 <\/em><em>la fiecare patru ani, Conferin\u021ba Plenipoten\u021biarilor reprezint\u0103 evenimentul cheie la care statele membre, \u00een prezent \u00een num\u0103r de 193, stabilesc priorit\u0103\u021bile, politicile generale \u0219i planurile strategice \u0219i financiare ale UIT. Rom\u00e2nia a devenit membr\u0103 a UIT \u00een 1866, la numai un an de la \u00eenfiin\u021barea organiza\u021biei. Lucr\u0103rile<\/em>&nbsp;<em>Conferin\u021bei de la Bucure\u0219ti au fost prezidate de <\/em><em>deputatul Ioan-Sabin S\u0103rma\u0219, pre\u0219edintele Comisiei pentru tehnologia informa\u021biei \u0219i comunica\u021biilor din Camera Deputa\u021bilor.<\/em><\/p>\n<p>Forumul, la care au participat peste 300 de invita\u021bi din 13 \u021b\u0103ri &#8211; parlamentari din comisiile specializate \u00een domeniul TIC, lideri ai unor companii tehnologice de prestigiu \u015fi exper\u0163i \u00een digitalizare, a avut ca principale obiective examinarea provoc\u0103rilor \u0219i oportunit\u0103\u021bilor care decurg din eforturile UIT de reducere a decalajului de conectivitate digital\u0103, promovarea cooper\u0103rii \u00een plan legislativ \u0219i stimularea dialogului \u00een domeniu \u00eentre parlamentari, al\u021bi factori de decizie politic\u0103 \u0219i reprezentan\u021bii sectorului privat.<\/p>\n<p>Lucr\u0103rile au fost prezidate de deputatul Ioan-Sabin S\u0103rma\u0219, pre\u0219edintele Comisiei pentru tehnologia informa\u021biei \u0219i comunica\u021biilor din Camera Deputa\u021bilor, iar \u00een deschidere s-au adresat participan\u021bilor Houlin Zhao, secretarul general al UIT, Duarte Pacheco, pre\u0219edintele Uniunii Interparlamentare, \u0219i Mihai Matei, pre\u0219edintele Asocia\u021biei patronale a industriei de software \u0219i servicii din Rom\u00e2nia.<\/p>\n<p>&nbsp;<\/p>\n","protected":false},"excerpt":{"rendered":"<p>Aflat la prima edi\u021bie, Forumul, cu tema general\u0103 Reducerea decalajului digital \u2013 o agend\u0103 mondial\u0103 pentru viitorul digital, a fost organizat la ini\u021biativa Comisiei pentru tehnologia informa\u021biei \u0219i comunica\u021biilor din Camera Deputa\u021bilor, cu ocazia Conferin\u021bei Plenipoten\u021biarilor Uniunii Interna\u021bionale a Telecomunica\u021biilor, g\u0103zduit\u0103 de Rom\u00e2nia \u00een perioada 26 septembrie-14 octombrie 2022. Conferin\u021ba Plenipoten\u021biarilor este cel mai \u00eenalt [&hellip;]<\/p>\n","protected":false},"author":2,"featured_media":0,"comment_status":"closed","ping_status":"open","sticky":false,"template":"","format":"standard","meta":{"ngg_post_thumbnail":0,"footnotes":""},"categories":[4],"tags":[],"class_list":["post-2158","post","type-post","status-publish","format-standard","hentry","category-onu"],"_links":{"self":[{"href":"https:\/\/sites.senat.ro\/index.php?rest_route=\/wp\/v2\/posts\/2158","targetHints":{"allow":["GET"]}}],"collection":[{"href":"https:\/\/sites.senat.ro\/index.php?rest_route=\/wp\/v2\/posts"}],"about":[{"href":"https:\/\/sites.senat.ro\/index.php?rest_route=\/wp\/v2\/types\/post"}],"author":[{"embeddable":true,"href":"https:\/\/sites.senat.ro\/index.php?rest_route=\/wp\/v2\/users\/2"}],"replies":[{"embeddable":true,"href":"https:\/\/sites.senat.ro\/index.php?rest_route=%2Fwp%2Fv2%2Fcomments&post=2158"}],"version-history":[{"count":0,"href":"https:\/\/sites.senat.ro\/index.php?rest_route=\/wp\/v2\/posts\/2158\/revisions"}],"wp:attachment":[{"href":"https:\/\/sites.senat.ro\/index.php?rest_route=%2Fwp%2Fv2%2Fmedia&parent=2158"}],"wp:term":[{"taxonomy":"category","embeddable":true,"href":"https:\/\/sites.senat.ro\/index.php?rest_route=%2Fwp%2Fv2%2Fcategories&post=2158"},{"taxonomy":"post_tag","embeddable":true,"href":"https:\/\/sites.senat.ro\/index.php?rest_route=%2Fwp%2Fv2%2Ftags&post=2158"}],"curies":[{"name":"wp","href":"https:\/\/api.w.org\/{rel}","templated":true}]}}