{"id":2154,"date":"2022-09-29T10:39:55","date_gmt":"2022-09-29T10:39:55","guid":{"rendered":"http:\/\/sites.senat.ro\/?p=2154"},"modified":"2023-01-16T10:40:12","modified_gmt":"2023-01-16T10:40:12","slug":"vizita-oficiala-in-romania-a-delegatiei-grupului-de-lucru-pentru-relatiile-interparlamentare-azerbaidjan-romania-26-29-septembrie-2022","status":"publish","type":"post","link":"https:\/\/sites.senat.ro\/?p=2154","title":{"rendered":"Vizita oficial\u0103 \u00een Rom\u00e2nia a delega\u021biei Grupului de lucru pentru rela\u021biile interparlamentare Azerbaidjan &#8211; Rom\u00e2nia (26-29 septembrie 2022)"},"content":{"rendered":"<p>Vizita a avut loc la invita\u021bia deputatului Cristian-Daniel Iv\u0103nu\u021b\u0103, pre\u0219edintele Grupului parlamentar de prietenie Rom\u00e2nia-Azerbaidjan, \u00een contextul marc\u0103rii, \u00een 2022, a 30 de ani de la stabilirea rela\u021biilor diplomatice dintre cele dou\u0103 \u021b\u0103ri.<\/p>\n<p><img loading=\"lazy\" decoding=\"async\" class=\"size-medium wp-image-2156 aligncenter\" src=\"https:\/\/sites.senat.ro\/wp-content\/uploads\/sites\/2\/2023\/01\/Azerbaidjan_2-300x195.jpg\" alt=\"\" width=\"300\" height=\"195\" srcset=\"https:\/\/sites.senat.ro\/wp-content\/uploads\/2023\/01\/Azerbaidjan_2-300x195.jpg 300w, https:\/\/sites.senat.ro\/wp-content\/uploads\/2023\/01\/Azerbaidjan_2.jpg 600w\" sizes=\"auto, (max-width: 300px) 100vw, 300px\" \/><\/p>\n<p>Din delega\u021bia condus\u0103 de Azay Ajdar Oglu Guliyev, pre\u0219edintele Grupului, au f\u0103cut parte Aghalar Valiyev \u0219i Elman Mammdov, membri ai Grupului, \u0219i Ilgar Nuri, \u0219eful departamentului Rela\u021bii Interna\u021bionale din parlamentul azer.<\/p>\n<p>Oaspe\u021bii au avut \u00eentrevederi cu deputatul Ilie Dan Barna, vicepre\u0219edinte al Camerei Deputa\u021bilor, cu deputatul Cristian-Daniel Iv\u0103nu\u021b\u0103, pre\u0219edintele Grupului de prietenie Rom\u00e2nia-Azerbaidjan, \u0219i cu membri ai Grupului.<\/p>\n<p>\u00cen cadrul discu\u021biilor a fost apreciat nivelul foarte bun al rela\u021biilor bilaterale \u0219i s-a pus accent pe importan\u021ba continu\u0103rii \u0219i aprofund\u0103rii dialogului politic \u0219i sectorial, cu at\u00e2t mai necesare dup\u0103 pauza cauzat\u0103 de pandemia de COVID. Interlocutorii \u0219i-au manifestat dorin\u021ba reciproc\u0103 de extindere \u0219i consolidare a cooper\u0103rii rom\u00e2no-azere \u00een plan economic, \u00een special \u00een sectoarele transporturilor \u0219i energiei. Referitor la problematica de securitate din Caucazul de Sud, p\u0103r\u021bile si-au exprimat speran\u021ba \u00eentr-o evolu\u021bie pozitiv\u0103 a negocierilor de la Bruxelles, sub egida UE, pentru \u00eencheierea pe cale pa\u0219nic\u0103 a conflictului azero-armean. \u00cen context, parlamentarii gazd\u0103 au reiterat pozi\u021bia consecvent\u0103 a Rom\u00e2niei, bazat\u0103 pe respectarea principiilor dreptului interna\u021bional, a suveranit\u0103\u021bii \u0219i integrit\u0103\u021bii teritoriale a statelor.<\/p>\n<p>Delega\u021bia azer\u0103 a fost primit\u0103 de Lumini\u021ba Odobescu, consilier preziden\u021bial \u00een cadrul Administra\u021biei Preziden\u021biale, iar la nivelul Executivului, oaspe\u021bii au purtat discu\u021bii cu Iulian Fota, secretar de stat \u00een Ministerul Afacerilor Externe, \u0219i Iulian Chifu, consilier de stat la Cancelaria Primului Ministru.<\/p>\n<p>\u00cen program au mai fost incluse vizitarea portului Constan\u021ba \u0219i \u00eent\u00e2lniri cu reprezentan\u021bi ai comunit\u0103\u021bii turco-t\u0103tare \u0219i ai Cultului Musulman din Rom\u00e2nia. &nbsp;<\/p>\n","protected":false},"excerpt":{"rendered":"<p>Vizita a avut loc la invita\u021bia deputatului Cristian-Daniel Iv\u0103nu\u021b\u0103, pre\u0219edintele Grupului parlamentar de prietenie Rom\u00e2nia-Azerbaidjan, \u00een contextul marc\u0103rii, \u00een 2022, a 30 de ani de la stabilirea rela\u021biilor diplomatice dintre cele dou\u0103 \u021b\u0103ri. Din delega\u021bia condus\u0103 de Azay Ajdar Oglu Guliyev, pre\u0219edintele Grupului, au f\u0103cut parte Aghalar Valiyev \u0219i Elman Mammdov, membri ai Grupului, \u0219i [&hellip;]<\/p>\n","protected":false},"author":2,"featured_media":0,"comment_status":"closed","ping_status":"open","sticky":false,"template":"","format":"standard","meta":{"ngg_post_thumbnail":0,"footnotes":""},"categories":[1,7],"tags":[],"class_list":["post-2154","post","type-post","status-publish","format-standard","hentry","category-prietenie","category-viziteoficiale"],"_links":{"self":[{"href":"https:\/\/sites.senat.ro\/index.php?rest_route=\/wp\/v2\/posts\/2154","targetHints":{"allow":["GET"]}}],"collection":[{"href":"https:\/\/sites.senat.ro\/index.php?rest_route=\/wp\/v2\/posts"}],"about":[{"href":"https:\/\/sites.senat.ro\/index.php?rest_route=\/wp\/v2\/types\/post"}],"author":[{"embeddable":true,"href":"https:\/\/sites.senat.ro\/index.php?rest_route=\/wp\/v2\/users\/2"}],"replies":[{"embeddable":true,"href":"https:\/\/sites.senat.ro\/index.php?rest_route=%2Fwp%2Fv2%2Fcomments&post=2154"}],"version-history":[{"count":0,"href":"https:\/\/sites.senat.ro\/index.php?rest_route=\/wp\/v2\/posts\/2154\/revisions"}],"wp:attachment":[{"href":"https:\/\/sites.senat.ro\/index.php?rest_route=%2Fwp%2Fv2%2Fmedia&parent=2154"}],"wp:term":[{"taxonomy":"category","embeddable":true,"href":"https:\/\/sites.senat.ro\/index.php?rest_route=%2Fwp%2Fv2%2Fcategories&post=2154"},{"taxonomy":"post_tag","embeddable":true,"href":"https:\/\/sites.senat.ro\/index.php?rest_route=%2Fwp%2Fv2%2Ftags&post=2154"}],"curies":[{"name":"wp","href":"https:\/\/api.w.org\/{rel}","templated":true}]}}