{"id":2145,"date":"2022-10-15T10:42:47","date_gmt":"2022-10-15T10:42:47","guid":{"rendered":"http:\/\/sites.senat.ro\/?p=2145"},"modified":"2023-01-16T10:42:59","modified_gmt":"2023-01-16T10:42:59","slug":"cea-de-a-145-a-adunare-a-uip-si-reuniunile-asociate-kigali-rwanda-11-15-octombrie-2022","status":"publish","type":"post","link":"https:\/\/sites.senat.ro\/?p=2145","title":{"rendered":"Cea de-a 145-a Adunare a UIP \u0219i reuniunile asociate (Kigali, Rwanda, 11-15 octombrie 2022)"},"content":{"rendered":"<p><img loading=\"lazy\" decoding=\"async\" class=\"wp-image-2226 alignleft\" src=\"https:\/\/sites.senat.ro\/wp-content\/uploads\/sites\/2\/2023\/01\/Logo_145Assembly.jpg\" alt=\"\" width=\"139\" height=\"118\">La lucr\u0103ri au participat delega\u021bii parlamentare din 120 de \u021b\u0103ri, reprezentan\u021bi ai unor adun\u0103ri parlamentare cu statut de membru asociat sau observator, oficiali din partea ONU \u0219i a altor organiza\u021bii interna\u021bionale (\u00eensum\u00e2nd peste 1000 de participan\u021bi). 35% dintre parlamentarii prezen\u021bi au fost femei, aspect ce confirm\u0103 angajamentul de decenii al UIP \u00een privin\u021ba egalit\u0103\u021bii de gen \u0219i a reprezent\u0103rii femeilor \u00een politic\u0103, iar 32% dintre ei au avut v\u00e2rste sub 45 de ani, rezultat al demersurilor UIP pentru promovarea particip\u0103rii tinerilor \u00een via\u021ba politic\u0103.<\/p>\n<p><img loading=\"lazy\" decoding=\"async\" class=\" wp-image-2148 alignleft\" src=\"https:\/\/sites.senat.ro\/wp-content\/uploads\/sites\/2\/2023\/01\/forodelegatie-169x300.jpg\" alt=\"\" width=\"219\" height=\"389\" srcset=\"https:\/\/sites.senat.ro\/wp-content\/uploads\/2023\/01\/forodelegatie-169x300.jpg 169w, https:\/\/sites.senat.ro\/wp-content\/uploads\/2023\/01\/forodelegatie-768x1365.jpg 768w, https:\/\/sites.senat.ro\/wp-content\/uploads\/2023\/01\/forodelegatie-576x1024.jpg 576w, https:\/\/sites.senat.ro\/wp-content\/uploads\/2023\/01\/forodelegatie-732x1301.jpg 732w, https:\/\/sites.senat.ro\/wp-content\/uploads\/2023\/01\/forodelegatie.jpg 900w\" sizes=\"auto, (max-width: 219px) 100vw, 219px\" \/>Din delega\u021bia parlamentar\u0103 rom\u00e2n\u0103, condus\u0103 de deputatul Adrian Miroslav Merka, secretar al Comitetului Director al GRUI, au f\u0103cut parte deputa\u021bii Cristina-Elena Dinu \u0219i Silviu Nicu Macovei, membri ai Comitetului Director.<\/p>\n<p>La ceremonia inaugural\u0103 s-au adresat participan\u021bilor: pre\u0219edintele Republicii Rwanda, &nbsp;Paul Kagame; pre\u0219edinta Camerei Deputa\u021bilor din Parlamentul Rwandei, Donatille Mukabalisa; pre\u0219edintele UIP, Duarte Pacheco; secretarul general al UIP, Martin Chungong. Secretarul general al ONU, Ant\u00f3nio Guterres, a transmis un mesaj video.<\/p>\n<p>\u00cen interven\u021bia sa din cadrul dezbaterii generale cu tema <em>Egalitate de gen si parlamente sensibile la dimensiunea de gen: factori ai schimb\u0103rii pentru o lume mai rezilient\u0103 si mai pa\u0219nic\u0103, <\/em>deputatul Adrian Miroslav Merka a precizat c\u0103 niciuna dintre crizele actuale nu este neutr\u0103 din punct de vedere al genului, ci dimpotriv\u0103, toate aceste crize intensific\u0103 inegalit\u0103\u021bile existente, accentu\u00e2nd discriminarea de gen. \u201eEste greu de imaginat o societate democratic\u0103 func\u021bional\u0103 \u0219i deschis\u0103 \u00een absen\u021ba unei particip\u0103ri efective \u0219i depline a femeilor \u00een toate aspectele vie\u021bii\u201d, a ar\u0103tat reprezentantul GRUI. Totodat\u0103, a subliniat importan\u021ba con\u0219tientiz\u0103rii rolului femeilor \u00een via\u021ba public\u0103, a form\u0103rii femeilor pentru a prelua func\u021bii publice \u0219i a \u00eencuraj\u0103rii acestora s\u0103 participe la via\u021ba politic\u0103, aspecte complementare eforturilor de consolidare a statutului lor economic. &nbsp;&nbsp;<\/p>\n<p><img loading=\"lazy\" decoding=\"async\" class=\"size-medium wp-image-2150 alignright\" src=\"https:\/\/sites.senat.ro\/wp-content\/uploads\/sites\/2\/2023\/01\/foto_Merka-300x201.jpg\" alt=\"\" width=\"300\" height=\"201\" srcset=\"https:\/\/sites.senat.ro\/wp-content\/uploads\/2023\/01\/foto_Merka-300x201.jpg 300w, https:\/\/sites.senat.ro\/wp-content\/uploads\/2023\/01\/foto_Merka-768x513.jpg 768w, https:\/\/sites.senat.ro\/wp-content\/uploads\/2023\/01\/foto_Merka-732x489.jpg 732w, https:\/\/sites.senat.ro\/wp-content\/uploads\/2023\/01\/foto_Merka.jpg 799w\" sizes=\"auto, (max-width: 300px) 100vw, 300px\" \/><\/p>\n<p>Referindu-se la situa\u021bia din Rom\u00e2nia, deputatul a ar\u0103tat c\u0103, de\u0219i femeile sunt prezente \u00een via\u021ba politic\u0103, social\u0103 \u0219i economic\u0103, exist\u0103 \u00eenc\u0103 loc de \u00eembun\u0103t\u0103\u021biri \u00een ceea ce prive\u0219te participarea lor la procesele decizionale. La fel ca alte state, \u021bara noastr\u0103 trebuie s\u0103 dep\u0103\u0219easc\u0103 provocarea reprezentat\u0103 de anumite perspective culturale \u0219i sociale privind rolurile de gen \u0219i distribuirea responsabilit\u0103\u021bilor \u00eentre b\u0103rba\u021bi \u0219i femei. \u0218eful delega\u021biei rom\u00e2ne a pledat pentru ca statele, organiza\u021biile sau ini\u021biativele regionale \u0219i societatea civil\u0103 s\u0103 colaboreze \u00een vederea reducerii decalajului existent \u00eenc\u0103 \u00eentre discurs \u0219i realitate, \u0219i a accentuat faptul c\u0103 parlamentele, \u00een calitate de institu\u021bii reprezentative ale cet\u0103\u021benilor, joac\u0103 un rol crucial \u00een elaborarea \u0219i promovarea unei legisla\u021bii sensibile la dimensiunea de gen.<\/p>\n<p>Principalele concluzii ale dezbaterii generale se reg\u0103sesc \u00een <a href=\"https:\/\/www.ipu.org\/file\/15604\/download\"><em>Declara\u021bia de la Kigali<\/em><\/a>, adoptat\u0103 la finalul sesiunii<em>. <\/em><\/p>\n<p>Adunarea a adoptat, de asemenea, rezolu\u021bia <a href=\"https:\/\/www.ipu.org\/file\/15606\/download\"><em>Impulsul parlamentar pentru dezvoltarea local\u0103 \u0219i regional\u0103 a \u021b\u0103rilor cu niveluri ridicate de migra\u021bie interna\u021bional\u0103 \u0219i pentru stoparea tuturor formelor de trafic de persoane \u0219i de abuzuri \u00eempotriva drepturilor omului, inclusiv cele sponsorizate de stat<\/em><\/a> \u0219i rezolu\u021bia <a href=\"https:\/\/www.ipu.org\/file\/15608\/download\"><em>Condamnarea invaziei Ucrainei \u0219i, ulterior, a anex\u0103rii teritoriilor, \u00een ap\u0103rarea integrit\u0103\u021bii teritoriale a tuturor statelor<\/em> <\/a>(punct de urgen\u021b\u0103).<\/p>\n<p>Consiliul Director al UIP: a examinat rapoartele de activitate ale pre\u0219edintelui \u0219i secretarului general ai UIP \u0219i situa\u021bia financiar\u0103 a organiza\u021biei \u00een anul 2022; a adoptat bugetul \u0219i calendarul de activit\u0103\u021bi pentru anul 2023; a luat not\u0103 de progresele realizate \u00een implementarea noii <em>Strategii a UIP 2022-2026<\/em>; a discutat despre posibilitatea deschiderii unor birouri regionale ale UIP \u0219i despre modalit\u0103\u021bile de consolidare \u00een continuare a rela\u021biei UIP-ONU.<\/p>\n<p>Totodat\u0103, Consiliul a aprobat acordarea statutului de observator la UIP Adun\u0103rii Parlamentare a Organiza\u021biei Tratatului de Securitate Colectiv\u0103 \u0219i Re\u021belei parlamentare UNITE pentru s\u0103n\u0103tate global\u0103.<\/p>\n<p>La propunerea Comitetului UIP pentru drepturile omului ale parlamentarilor, Consiliul a adoptat&nbsp; decizii referitoare la un num\u0103r de 411 parlamentari din 15 \u021b\u0103ri, ale c\u0103ror drepturi au fost \u00eenc\u0103lcate.<\/p>\n<p>\u00cen ultima zi a reuniunii, Consiliul a acordat <em>Premiul Cremer-Passy<\/em><a href=\"#_ftn1\" name=\"_ftnref1\"><em><strong>[1]<\/strong><\/em><\/a> parlamentarei Cynthia Lopez Castro (Mexic) \u0219i pre\u0219edintelui \u0219i membrilor Radei Supreme a Ucrainei (parlamentul), \u00een semn de recunoa\u0219tere a contribu\u021biei lor remarcabile la promovarea obiectivelor UIP.<\/p>\n<p>Membrii Comisiei pentru pace \u0219i securitate interna\u021bional\u0103 au discutat despre <em>Impactul r\u0103zboiului \u0219i al atrocit\u0103\u021bilor asupra civililor. <\/em><\/p>\n<p>Deputatul Adrian Merka a reafirmat angajamentul Rom\u00e2niei de a ac\u021biona rapid, la scar\u0103 larg\u0103 \u0219i \u00een mod concertat, pentru a r\u0103spunde nevoilor urgente de securitate alimentar\u0103 a milioane de persoane aflate \u00een situa\u021bii vulnerabile din \u00eentreaga lume. Totodat\u0103, a reiterat angajamentul \u021b\u0103rii noastre de a&nbsp; furniza asisten\u021b\u0103 umanitar\u0103 imediat\u0103, de a consolida rezilien\u021ba celor afla\u021bi \u00een situa\u021bii vulnerabile \u0219i de a dezvolta sisteme alimentare durabile, favorabile incluziunii, \u00een conformitate cu obiectivele Agendei 2030 pentru dezvoltare durabil\u0103.<\/p>\n<p>Referindu-se la r\u0103zboiul din Ucraina, deputatul a ar\u0103tat c\u0103 <em>\u201eimediat dup\u0103 declan\u0219area agresiunii militare, Guvernul Rom\u00e2niei a luat m\u0103surile necesare pentru a oferi asisten\u021b\u0103 umanitar\u0103 tuturor cet\u0103\u021benilor ucraineni care au intrat \u00een \u021bar\u0103, \u00een special femeilor \u0219i copiilor: cazare, hran\u0103, servicii medicale, cazare pentru studen\u021bi, precum \u0219i posibilitatea de a se \u00eenscrie la \u0219coal\u0103 sau de a-\u0219i g\u0103si un loc de munc\u0103\u201d<\/em>. De asemenea, s-a referit la liberalizarea condi\u021biilor de transport pentru exporturile ucrainene, \u00een special pentru produsele agricole, cu precizarea c\u0103, prin porturile sale, Rom\u00e2nia se afl\u0103 \u00een una dintre cele mai bune pozi\u021bii pentru a ac\u021biona ca centru de tranzit \u0219i de export.<\/p>\n<p>Agenda Comisiei a inclus \u0219i dezbateri pe tema <em>R\u0103zboiul \u0219i schimb\u0103rile climatice ca factori declan\u0219atori de insecuritate alimentar\u0103 global\u0103.<\/em><\/p>\n<p>\u00cen cadrul Comisiei pentru dezvoltare durabil\u0103 au avut loc un schimb de opinii privind <em>Ac\u021biunile parlamentare pentru atingerea unor valori negative ale emisiilor de carbon \u00een p\u0103duri, <\/em>\u00een preg\u0103tirea unei viitoare rezolu\u021bii, \u0219i o dezbatere cu tema <em>Reconectarea comunit\u0103\u021bilor locale la economia durabil\u0103 \u0219i incluziv\u0103 pentru atingerea \u021bintelor ODD 8 &#8211; Munc\u0103 decent\u0103 \u0219i cre\u0219tere economic\u0103 incluziv\u0103 \u0219i durabil\u0103.<\/em><\/p>\n<p>Comisia pentru democra\u021bie \u0219i drepturile omului a dezb\u0103tut \u0219i finalizat rezolu\u021bia <em>Impulsul parlamentar pentru dezvoltarea local\u0103 \u0219i regional\u0103 a \u021b\u0103rilor cu niveluri ridicate de migra\u021bie interna\u021bional\u0103 \u0219i pentru stoparea tuturor formelor de trafic de persoane \u0219i de abuzuri \u00eempotriva drepturilor omului, inclusiv cele sponsorizate de stat<\/em><em>.<\/em><\/p>\n<p>Comisia pentru Na\u021biunile Unite a organizat dou\u0103 dezbateri-panel cu reprezentan\u021bi ai ONU, respectiv: <em>R\u0103spunsul ONU la cre\u0219terea foametei \u0219i a s\u0103r\u0103ciei <\/em>\u0219i <em>Prezen\u021ba ONU pe teren \u00een sprijinul dezvolt\u0103rii na\u021bionale: cazul Rwandei.<\/em><\/p>\n<p><img loading=\"lazy\" decoding=\"async\" class=\"size-medium wp-image-2149 aligncenter\" src=\"https:\/\/sites.senat.ro\/wp-content\/uploads\/sites\/2\/2023\/01\/foto_Forum-femei-300x229.jpg\" alt=\"\" width=\"300\" height=\"229\" srcset=\"https:\/\/sites.senat.ro\/wp-content\/uploads\/2023\/01\/foto_Forum-femei-300x229.jpg 300w, https:\/\/sites.senat.ro\/wp-content\/uploads\/2023\/01\/foto_Forum-femei-768x586.jpg 768w, https:\/\/sites.senat.ro\/wp-content\/uploads\/2023\/01\/foto_Forum-femei-1024x781.jpg 1024w, https:\/\/sites.senat.ro\/wp-content\/uploads\/2023\/01\/foto_Forum-femei-732x559.jpg 732w, https:\/\/sites.senat.ro\/wp-content\/uploads\/2023\/01\/foto_Forum-femei-1140x870.jpg 1140w, https:\/\/sites.senat.ro\/wp-content\/uploads\/2023\/01\/foto_Forum-femei.jpg 1600w\" sizes=\"auto, (max-width: 300px) 100vw, 300px\" \/>Forumul Femeilor Parlamentare \u0219i Forumul Tinerilor Parlamentari au examinat \u0219i au propus amendamente, din perspectiva femeilor \u0219i a tinerilor, la proiectul de rezolu\u021bie privind <em>migra\u021bia interna\u021bional\u0103 \u0219i traficul de persoane<\/em><em>. <\/em>Femeile parlamentare au discutat \u0219i despre modalit\u0103\u021bile de promovare a unor <em>parlamente sensibile la dimensiunea de gen<\/em>, iar tinerii parlamentari au f\u0103cut un schimb de bune practici privind ac\u021biunile menite s\u0103 \u00eencurajeze participarea tinerilor la via\u021ba politic\u0103, inclusiv prin intermediul campaniei UIP <em>Spun &#8222;Da&#8221; tinerilor \u00een parlament!<\/em>.<\/p>\n<p>&nbsp;<\/p>\n<p>&nbsp;<\/p>\n<p><em>&nbsp;<\/em><\/p>\n<p><em>&nbsp;<\/em><\/p>\n<p><em>&nbsp;<\/em><\/p>\n<p><a href=\"#_ftnref1\" name=\"_ftn1\">[1]<\/a> <em>Premiul poart\u0103 numele parlamentarilor William Randall Cremer (Marea Britanie) \u0219i Fr\u00e9d\u00e9ric Passy (Fran\u021ba), care au fondat UIP \u00een anul 1889.<\/em><\/p>\n<p>&nbsp;<\/p>\n<p>&nbsp;<\/p>\n","protected":false},"excerpt":{"rendered":"<p>La lucr\u0103ri au participat delega\u021bii parlamentare din 120 de \u021b\u0103ri, reprezentan\u021bi ai unor adun\u0103ri parlamentare cu statut de membru asociat sau observator, oficiali din partea ONU \u0219i a altor organiza\u021bii interna\u021bionale (\u00eensum\u00e2nd peste 1000 de participan\u021bi). 35% dintre parlamentarii prezen\u021bi au fost femei, aspect ce confirm\u0103 angajamentul de decenii al UIP \u00een privin\u021ba egalit\u0103\u021bii de [&hellip;]<\/p>\n","protected":false},"author":2,"featured_media":0,"comment_status":"closed","ping_status":"open","sticky":false,"template":"","format":"standard","meta":{"ngg_post_thumbnail":0,"footnotes":""},"categories":[3],"tags":[],"class_list":["post-2145","post","type-post","status-publish","format-standard","hentry","category-participare"],"_links":{"self":[{"href":"https:\/\/sites.senat.ro\/index.php?rest_route=\/wp\/v2\/posts\/2145","targetHints":{"allow":["GET"]}}],"collection":[{"href":"https:\/\/sites.senat.ro\/index.php?rest_route=\/wp\/v2\/posts"}],"about":[{"href":"https:\/\/sites.senat.ro\/index.php?rest_route=\/wp\/v2\/types\/post"}],"author":[{"embeddable":true,"href":"https:\/\/sites.senat.ro\/index.php?rest_route=\/wp\/v2\/users\/2"}],"replies":[{"embeddable":true,"href":"https:\/\/sites.senat.ro\/index.php?rest_route=%2Fwp%2Fv2%2Fcomments&post=2145"}],"version-history":[{"count":0,"href":"https:\/\/sites.senat.ro\/index.php?rest_route=\/wp\/v2\/posts\/2145\/revisions"}],"wp:attachment":[{"href":"https:\/\/sites.senat.ro\/index.php?rest_route=%2Fwp%2Fv2%2Fmedia&parent=2145"}],"wp:term":[{"taxonomy":"category","embeddable":true,"href":"https:\/\/sites.senat.ro\/index.php?rest_route=%2Fwp%2Fv2%2Fcategories&post=2145"},{"taxonomy":"post_tag","embeddable":true,"href":"https:\/\/sites.senat.ro\/index.php?rest_route=%2Fwp%2Fv2%2Ftags&post=2145"}],"curies":[{"name":"wp","href":"https:\/\/api.w.org\/{rel}","templated":true}]}}