{"id":2079,"date":"2022-06-12T10:41:01","date_gmt":"2022-06-12T10:41:01","guid":{"rendered":"http:\/\/sites.senat.ro\/?p=2079"},"modified":"2022-07-12T10:41:18","modified_gmt":"2022-07-12T10:41:18","slug":"ghidul-uip-cu-tema-consolidarea-pregatirii-pentru-situatii-de-urgenta-sanitara-regulamentul-sanitar-international-2005","status":"publish","type":"post","link":"https:\/\/sites.senat.ro\/?p=2079","title":{"rendered":"Ghidul UIP cu tema \u201eConsolidarea preg\u0103tirii pentru situa\u021bii de urgen\u021b\u0103 sanitar\u0103: Regulamentul sanitar interna\u021bional (2005)\u201d"},"content":{"rendered":"<p><img loading=\"lazy\" decoding=\"async\" class=\"size-medium wp-image-2083 alignleft\" src=\"https:\/\/sites.senat.ro\/wp-content\/uploads\/sites\/2\/2022\/07\/health-sec_1-208x300.jpg\" alt=\"\" width=\"208\" height=\"300\" srcset=\"https:\/\/sites.senat.ro\/wp-content\/uploads\/2022\/07\/health-sec_1-208x300.jpg 208w, https:\/\/sites.senat.ro\/wp-content\/uploads\/2022\/07\/health-sec_1.jpg 451w\" sizes=\"auto, (max-width: 208px) 100vw, 208px\" \/>Realizat de UIP \u00een colaborare cu OMS, ghidul descrie rolul parlamentelor \u00een promovarea m\u0103surilor de consolidare a preg\u0103tirii pentru situa\u021bii de urgen\u021b\u0103 \u0219i a securit\u0103\u021bii sanitare.<\/p>\n<p><em>\u00cen 2020 \u0219i 2021, pandemia de COVID-19 a pus presiuni severe asupra preg\u0103tirii pentru situa\u021bii de urgen\u021b\u0103, at\u00e2t la nivel global, c\u00e2t \u0219i na\u021bional. Pe m\u0103sur\u0103 ce maladia s-a r\u0103sp\u00e2ndit, capacitatea de r\u0103spuns a multor \u021b\u0103ri \u0219i m\u0103surile de izolare s-au dovedit a fi insuficiente. Supraevaluarea capacit\u0103\u021bii de reac\u021bie la riscurile sanitare a avut consecin\u021be serioase \u00een planurile economic, social, al s\u0103n\u0103t\u0103\u021bii \u0219i al educa\u021biei, inegalit\u0103\u021bile din societate s-au accentuat, iar grupurile vulnerabile au avut cel mai mult de suferit. <\/em><\/p>\n<p>Ghidul prezint\u0103 conceptele de securitate sanitar\u0103 \u0219i de preg\u0103tire pentru situa\u021bii de urgen\u021b\u0103 de s\u0103n\u0103tate public\u0103 \u0219i trece \u00een revist\u0103 prevederile Regulamentului sanitar interna\u021bional, adoptat de OMS \u00een anul 2005. Publica\u021bia eviden\u021biaz\u0103 rolul unic al parlamentelor \u0219i al membrilor acestora \u00een sus\u021binerea \u0219i realizarea preg\u0103tirii pentru situa\u021bii de urgen\u021b\u0103 \u0219i \u00een cre\u0219terea securit\u0103\u021bii sanitare, oferind o serie de exemple de bune practici \u0219i recomand\u0103ri \u00een domeniu.<\/p>\n<p>Ghidul poate fi consultat <u><a href=\"https:\/\/www.ipu.org\/resources\/publications\/handbooks\/2022-03\/strengthening-health-security-preparedness-international-health-regulations-2005\">aici<\/a>.<\/u><\/p>\n","protected":false},"excerpt":{"rendered":"<p>Realizat de UIP \u00een colaborare cu OMS, ghidul descrie rolul parlamentelor \u00een promovarea m\u0103surilor de consolidare a preg\u0103tirii pentru situa\u021bii de urgen\u021b\u0103 \u0219i a securit\u0103\u021bii sanitare. \u00cen 2020 \u0219i 2021, pandemia de COVID-19 a pus presiuni severe asupra preg\u0103tirii pentru situa\u021bii de urgen\u021b\u0103, at\u00e2t la nivel global, c\u00e2t \u0219i na\u021bional. Pe m\u0103sur\u0103 ce maladia s-a [&hellip;]<\/p>\n","protected":false},"author":2,"featured_media":0,"comment_status":"closed","ping_status":"open","sticky":false,"template":"","format":"standard","meta":{"ngg_post_thumbnail":0,"footnotes":""},"categories":[6,2],"tags":[],"class_list":["post-2079","post","type-post","status-publish","format-standard","hentry","category-publicatii","category-repere"],"_links":{"self":[{"href":"https:\/\/sites.senat.ro\/index.php?rest_route=\/wp\/v2\/posts\/2079","targetHints":{"allow":["GET"]}}],"collection":[{"href":"https:\/\/sites.senat.ro\/index.php?rest_route=\/wp\/v2\/posts"}],"about":[{"href":"https:\/\/sites.senat.ro\/index.php?rest_route=\/wp\/v2\/types\/post"}],"author":[{"embeddable":true,"href":"https:\/\/sites.senat.ro\/index.php?rest_route=\/wp\/v2\/users\/2"}],"replies":[{"embeddable":true,"href":"https:\/\/sites.senat.ro\/index.php?rest_route=%2Fwp%2Fv2%2Fcomments&post=2079"}],"version-history":[{"count":0,"href":"https:\/\/sites.senat.ro\/index.php?rest_route=\/wp\/v2\/posts\/2079\/revisions"}],"wp:attachment":[{"href":"https:\/\/sites.senat.ro\/index.php?rest_route=%2Fwp%2Fv2%2Fmedia&parent=2079"}],"wp:term":[{"taxonomy":"category","embeddable":true,"href":"https:\/\/sites.senat.ro\/index.php?rest_route=%2Fwp%2Fv2%2Fcategories&post=2079"},{"taxonomy":"post_tag","embeddable":true,"href":"https:\/\/sites.senat.ro\/index.php?rest_route=%2Fwp%2Fv2%2Ftags&post=2079"}],"curies":[{"name":"wp","href":"https:\/\/api.w.org\/{rel}","templated":true}]}}