{"id":2050,"date":"2022-07-01T11:22:07","date_gmt":"2022-07-01T11:22:07","guid":{"rendered":"http:\/\/sites.senat.ro\/?p=2050"},"modified":"2022-07-12T10:39:16","modified_gmt":"2022-07-12T10:39:16","slug":"sesiunea-februarie-iunie-2022","status":"publish","type":"post","link":"https:\/\/sites.senat.ro\/?p=2050","title":{"rendered":"SESIUNEA FEBRUARIE- IUNIE 2022"},"content":{"rendered":"<p><img loading=\"lazy\" decoding=\"async\" class=\"size-full wp-image-2052 alignleft\" src=\"https:\/\/sites.senat.ro\/wp-content\/uploads\/sites\/2\/2022\/07\/germania.gif\" alt=\"\" width=\"137\" height=\"82\">28 iunie 2022 &#8211; Participarea deputatului Cristian-Tudor B\u0103canu, pre\u0219edintele <strong>Grupului parlamentar de prietenie Rom\u00e2nia &#8211; Republica Federal\u0103 Germania<\/strong>, la \u00eentrevederea senatorului Angel T\u00eelv\u0103r, pre\u0219edintele Comisiei pentru afaceri europene din Senat, a senatoarei Anca Dana Dragu, pre\u0219edinta Comisiei pentru drepturile omului, egalitate de \u0219anse, culte \u0219i minorit\u0103\u021bi din Senat \u0219i a deputatului \u0218tefan Mu\u0219oiu, pre\u0219edintele Comisiei pentru afaceri europene din Camera Deputa\u021bilor, cu Anna L\u00fchrmann, ministru de stat pentru afaceri europene \u0219i schimb\u0103ri climatice \u00een ministerul federal german de Externe, cu ocazia vizitei de lucru la Bucure\u0219ti a oficialului german&nbsp;<\/p>\n<p><img loading=\"lazy\" decoding=\"async\" class=\"size-full wp-image-2052 alignleft\" src=\"https:\/\/sites.senat.ro\/wp-content\/uploads\/sites\/2\/2022\/07\/germania.gif\" alt=\"\" width=\"137\" height=\"82\">21 &#8211; 22 iunie 2022 &#8211; Participarea deputatului Cristian-Tudor B\u0103canu, pre\u0219edintele&nbsp;<strong>Grupului parlamentar de prietenie Rom\u00e2nia &#8211; Republica Federal\u0103 Germani<\/strong>a, la&nbsp;<em>S\u0103rb\u0103toarea Verii<\/em>, eveniment organizat sub patronajul Ambasadei Rom\u00e2niei la Berlin, \u00een cadrul ciclului de evenimente dedicate marc\u0103rii a 30 de ani de prietenie \u0219i de parteneriat rom\u00e2no-german \u00een Europa.<\/p>\n<p>&nbsp;<\/p>\n<p><img loading=\"lazy\" decoding=\"async\" class=\"size-full wp-image-2054 alignleft\" src=\"https:\/\/sites.senat.ro\/wp-content\/uploads\/sites\/2\/2022\/07\/japonia.gif\" alt=\"\" width=\"137\" height=\"82\">15 iunie 2022 &#8211; \u00cent\u00e2lnirea, \u00een sistem de videoconferin\u0163\u0103, a deputatului Silviu Nicu Macovei, pre\u0219edintele&nbsp;<strong>Grupului parlamentar de prietenie Rom\u00e2nia &#8211; Japonia<\/strong>,&nbsp;\u0219i a membrilor grupului cu delega\u021bia grupului de prietenie omolog<\/p>\n<p>&nbsp;<\/p>\n<p><img loading=\"lazy\" decoding=\"async\" class=\"size-full wp-image-2056 alignleft\" src=\"https:\/\/sites.senat.ro\/wp-content\/uploads\/sites\/2\/2022\/07\/mareabritanie.gif\" alt=\"\" width=\"164\" height=\"82\">7 iunie 2022 &#8211; \u00centrevederea membrilor&nbsp;<strong>Grupului&nbsp;parlamentar de prietenie Rom\u00e2nia &#8211; Regatul Unit al Marii Britanii \u0219i al Irlandei de Nord<\/strong>&nbsp;cu delega\u0163ia&nbsp;<em>All Party Parliamentary Group for Romania<\/em>&nbsp;din parlamentul britanic. La eveniment au participat \u0219i reprezentan\u0163i ai Comisiei pentru ap\u0103rare, ordine public\u0103 \u015fi siguran\u0163\u0103 na\u0163ional\u0103, ai Comisiei pentru politic\u0103 extern\u0103 \u015fi ai Comisiei pentru afaceri europene din Camera Deputa\u021bilor<\/p>\n<p>&nbsp;<\/p>\n<p><img loading=\"lazy\" decoding=\"async\" class=\"size-full wp-image-2057 alignleft\" src=\"https:\/\/sites.senat.ro\/wp-content\/uploads\/sites\/2\/2022\/07\/qatar.gif\" alt=\"\" width=\"135\" height=\"68\">23 martie 2022 &#8211; \u00cent\u00e2lnirea deputatei Mirela Furtun\u0103, pre\u0219edinta&nbsp;<strong>Grupului parlamentar de prietenie Rom\u00e2nia &#8211; Statul Qatar<\/strong>, cu E.S. dl&nbsp;Osama bin Yusuf Abdullah Al-Qaradawi, ambasadorul Statului Qatar \u00een Rom\u00e2nia<\/p>\n<p>&nbsp;<\/p>\n<p><img loading=\"lazy\" decoding=\"async\" class=\"size-full wp-image-2059 alignleft\" src=\"https:\/\/sites.senat.ro\/wp-content\/uploads\/sites\/2\/2022\/07\/irlanda.gif\" alt=\"\" width=\"164\" height=\"82\">17 martie 2022 \u2013 \u00cent\u00e2lnirea deputatului Beniamin Todosiu, pre\u0219edintele <strong>Grupului parlamentar de prietenie Rom\u00e2nia &#8211; Irlanda<\/strong>, \u0219i a membrilor grupului cu Anne Rabitte, ministru de stat irlandez, \u0219i cu E.S. Paul McGarry, ambasadorul Irlandei \u00een Rom\u00e2nia<\/p>\n<p>&nbsp;<\/p>\n<p><img loading=\"lazy\" decoding=\"async\" class=\"size-full wp-image-2063 alignleft\" src=\"https:\/\/sites.senat.ro\/wp-content\/uploads\/sites\/2\/2022\/07\/kazahtan.gif\" alt=\"\" width=\"164\" height=\"82\">15 martie 2022 &#8211; \u00centrevederea deputatului Radu-Iulian Molnar, membru al&nbsp;<strong>Grupului parlamentar de prietenie Rom\u00e2nia &#8211; Republica Kazahstan<\/strong>, cu E.S. Nurbakh Rustemov, ambasadorul Republicii Kazahstan \u00een Rom\u00e2nia<\/p>\n<p>&nbsp;<\/p>\n<p><img loading=\"lazy\" decoding=\"async\" class=\"size-full wp-image-2073 alignleft\" src=\"https:\/\/sites.senat.ro\/wp-content\/uploads\/sites\/2\/2022\/07\/indonezia.gif\" alt=\"\" width=\"123\" height=\"82\">10 martie 2022 &#8211; Participarea deputatului \u0218tefan Mu\u0219oiu, pre\u0219edintele&nbsp;<strong>Grupului parlamentar de prietenie Rom\u00e2nia &#8211; Republica Indonezia<\/strong>,&nbsp;pre\u0219edintele Comisiei pentru afaceri europene a Camerei Deputa\u021bilor, la <em>Webinarul economic Rom\u00e2nia &#8211; Indonezia<\/em>, organizat de Ambasada Rom\u00e2niei la Jakarta, \u00een colaborare cu Camera de Comer\u021b \u0219i Industrie a Rom\u00e2niei, Camera de Comer\u021b \u0219i Industrie a Indoneziei \u0219i Ministerul Antreprenoriatului \u0219i Turismului din Rom\u00e2nia<\/p>\n<p>&nbsp;<\/p>\n<p><img loading=\"lazy\" decoding=\"async\" class=\"size-full wp-image-2074 alignleft\" src=\"https:\/\/sites.senat.ro\/wp-content\/uploads\/sites\/2\/2022\/07\/turkmenistan.gif\" alt=\"\" width=\"140\" height=\"91\">9 martie 2022 &#8211; \u00cent\u00e2lnirea, \u00een sistem de videoconferin\u021b\u0103, a deputatului Kolcs\u00e1r Anquetil-K\u00e1roly, pre\u0219edintele <strong>Grupului parlamentar de prietenie Rom\u00e2nia &#8211; Republica Turkmenistan<\/strong>, \u0219i a membrilor grupului, cu delega\u021bia grupului de prietenie omolog<\/p>\n<p>&nbsp;<\/p>\n<p>&nbsp;<\/p>\n<p><img loading=\"lazy\" decoding=\"async\" class=\"size-full wp-image-2075 alignleft\" src=\"https:\/\/sites.senat.ro\/wp-content\/uploads\/sites\/2\/2022\/07\/franta.gif\" alt=\"\" width=\"123\" height=\"82\">18 februarie 2022 &#8211; \u00cent\u00e2lnirea deputatei Simona Bucura-Oprescu, membr\u0103 a&nbsp;<strong>Grupului parlamentar de prietenie Rom\u00e2nia &#8211; Republica Francez\u0103 (Adunarea Na\u021bional\u0103)<\/strong>, cu E.S. Laurence Auer, ambasadorul Republicii Franceze \u00een Rom\u00e2nia<\/p>\n<p>&nbsp;<\/p>\n<p><img loading=\"lazy\" decoding=\"async\" class=\"size-full wp-image-2076 alignleft\" src=\"https:\/\/sites.senat.ro\/wp-content\/uploads\/sites\/2\/2022\/07\/arabiasaudi.gif\" alt=\"\" width=\"123\" height=\"82\">17 februarie 2022 &#8211; \u00cent\u00e2lnirea deputatului Marius-Horia \u021au\u021buianu,&nbsp;pre\u0219edintele <strong>Grupului parlamentar de prietenie Rom\u00e2nia &#8211; Regatul Arabiei Saudite<\/strong>, cu E.S. Dr. Mohammed Abdulghani M. Kayat, ambasadorul Regatului Arabiei Saudite \u00een Rom\u00e2nia<\/p>\n<p>&nbsp;<\/p>\n<p><img loading=\"lazy\" decoding=\"async\" class=\"size-full wp-image-2077 alignleft\" src=\"https:\/\/sites.senat.ro\/wp-content\/uploads\/sites\/2\/2022\/07\/tunisia.gif\" alt=\"\" width=\"123\" height=\"83\">14 februarie 2022 &#8211; \u00cent\u00e2lnirea deputatului Florin-Claudiu Neaga, pre\u0219edintele&nbsp;<strong>Grupului parlamentar de prietenie Rom\u00e2nia &#8211; Republica Tunisian\u0103<\/strong>, cu E.S. Raja Jhinaoui Ben Ali, ambasadorul Republicii Tunisiene \u00een Rom\u00e2nia<\/p>\n","protected":false},"excerpt":{"rendered":"<p>28 iunie 2022 &#8211; Participarea deputatului Cristian-Tudor B\u0103canu, pre\u0219edintele Grupului parlamentar de prietenie Rom\u00e2nia &#8211; Republica Federal\u0103 Germania, la \u00eentrevederea senatorului Angel T\u00eelv\u0103r, pre\u0219edintele Comisiei pentru afaceri europene din Senat, a senatoarei Anca Dana Dragu, pre\u0219edinta Comisiei pentru drepturile omului, egalitate de \u0219anse, culte \u0219i minorit\u0103\u021bi din Senat \u0219i a deputatului \u0218tefan Mu\u0219oiu, pre\u0219edintele Comisiei [&hellip;]<\/p>\n","protected":false},"author":2,"featured_media":0,"comment_status":"closed","ping_status":"open","sticky":false,"template":"","format":"standard","meta":{"ngg_post_thumbnail":0,"footnotes":""},"categories":[8,1],"tags":[],"class_list":["post-2050","post","type-post","status-publish","format-standard","hentry","category-intrevederi","category-prietenie"],"_links":{"self":[{"href":"https:\/\/sites.senat.ro\/index.php?rest_route=\/wp\/v2\/posts\/2050","targetHints":{"allow":["GET"]}}],"collection":[{"href":"https:\/\/sites.senat.ro\/index.php?rest_route=\/wp\/v2\/posts"}],"about":[{"href":"https:\/\/sites.senat.ro\/index.php?rest_route=\/wp\/v2\/types\/post"}],"author":[{"embeddable":true,"href":"https:\/\/sites.senat.ro\/index.php?rest_route=\/wp\/v2\/users\/2"}],"replies":[{"embeddable":true,"href":"https:\/\/sites.senat.ro\/index.php?rest_route=%2Fwp%2Fv2%2Fcomments&post=2050"}],"version-history":[{"count":0,"href":"https:\/\/sites.senat.ro\/index.php?rest_route=\/wp\/v2\/posts\/2050\/revisions"}],"wp:attachment":[{"href":"https:\/\/sites.senat.ro\/index.php?rest_route=%2Fwp%2Fv2%2Fmedia&parent=2050"}],"wp:term":[{"taxonomy":"category","embeddable":true,"href":"https:\/\/sites.senat.ro\/index.php?rest_route=%2Fwp%2Fv2%2Fcategories&post=2050"},{"taxonomy":"post_tag","embeddable":true,"href":"https:\/\/sites.senat.ro\/index.php?rest_route=%2Fwp%2Fv2%2Ftags&post=2050"}],"curies":[{"name":"wp","href":"https:\/\/api.w.org\/{rel}","templated":true}]}}