{"id":2040,"date":"2022-06-02T10:28:29","date_gmt":"2022-06-02T10:28:29","guid":{"rendered":"http:\/\/sites.senat.ro\/?p=2040"},"modified":"2022-07-12T10:37:53","modified_gmt":"2022-07-12T10:37:53","slug":"vizita-in-romania-a-delegatiei-grupului-parlamentar-de-prietenie-republica-italia-romania-29-mai-1-iunie-2022","status":"publish","type":"post","link":"https:\/\/sites.senat.ro\/?p=2040","title":{"rendered":"Vizita \u00een Rom\u00e2nia a delega\u021biei Grupului parlamentar de prietenie Republica Italia &#8211; Rom\u00e2nia (29 mai \u2013 1 iunie 2022)"},"content":{"rendered":"<p><img loading=\"lazy\" decoding=\"async\" class=\"size-medium wp-image-2042 alignleft\" src=\"https:\/\/sites.senat.ro\/wp-content\/uploads\/sites\/2\/2022\/07\/Italia_foto1-300x225.jpg\" alt=\"\" width=\"300\" height=\"225\" srcset=\"https:\/\/sites.senat.ro\/wp-content\/uploads\/2022\/07\/Italia_foto1-300x225.jpg 300w, https:\/\/sites.senat.ro\/wp-content\/uploads\/2022\/07\/Italia_foto1-768x576.jpg 768w, https:\/\/sites.senat.ro\/wp-content\/uploads\/2022\/07\/Italia_foto1-732x549.jpg 732w, https:\/\/sites.senat.ro\/wp-content\/uploads\/2022\/07\/Italia_foto1.jpg 800w\" sizes=\"auto, (max-width: 300px) 100vw, 300px\" \/>Vizita a avut loc la invita\u021bia deputatului Antonio Andru\u0219ceac, pre\u015fedintele Grupului parlamentar de prietenie cu Republica Italian\u0103 din Parlamentul Rom\u00e2niei, chestor al Biroului Permanent al Camerei Deputa\u021bilor.<\/p>\n<p>Din delega\u0163ia italian\u0103 au f\u0103cut parte Federica Dieni, pre\u0219edinta Grupului de prietenie cu Rom\u00e2nia din Parlamentul Republicii Italiene, \u0219i Marco Di Maio, membru al grupului.<\/p>\n<p>Oaspe\u021bii au fost primi\u021bi de deputatul Florin-Claudiu Roman, vicepre\u0219edinte al Camerei Deputa\u021bilor, \u0219i au avut \u00eentrevederi cu: deputatul Antonio Andru\u0219ceac, pre\u0219edintele Grupului de prietenie omolog din Parlamentul Rom\u00e2niei, \u0219i cu membri ai grupului; deputatul Ioan-Sabin S\u0103rma\u0219, pre\u0219edintele Comisiei pentru tehnologia informa\u021biilor \u0219i comunica\u021biilor din Camera Deputa\u021bilor; deputatul Andi-Lucian Cristea, vicepre\u0219edinte al Comisiei pentru politic\u0103 extern\u0103 din Camera Deputa\u0163ilor; senatorul Angel T\u00eelv\u0103r, pre\u0219edintele Comisiei pentru afaceri europene din Senat, precum \u0219i cu membri ai comisiilor respective.<\/p>\n<p><img loading=\"lazy\" decoding=\"async\" class=\"size-medium wp-image-2043 aligncenter\" src=\"https:\/\/sites.senat.ro\/wp-content\/uploads\/sites\/2\/2022\/07\/Italia_foto2-300x200.jpg\" alt=\"\" width=\"300\" height=\"200\" srcset=\"https:\/\/sites.senat.ro\/wp-content\/uploads\/2022\/07\/Italia_foto2-300x200.jpg 300w, https:\/\/sites.senat.ro\/wp-content\/uploads\/2022\/07\/Italia_foto2-768x513.jpg 768w, https:\/\/sites.senat.ro\/wp-content\/uploads\/2022\/07\/Italia_foto2-732x489.jpg 732w, https:\/\/sites.senat.ro\/wp-content\/uploads\/2022\/07\/Italia_foto2.jpg 800w\" sizes=\"auto, (max-width: 300px) 100vw, 300px\" \/><\/p>\n<p>La nivel guvernamental, delega\u021bia italian\u0103 a avut convorbiri cu Daniela G\u00eetman, secretar de stat \u00een Ministerul Afacerilor Externe.&nbsp;<\/p>\n<p>Discu\u021biile bilaterale au prilejuit abordarea unor teme majore de pe agenda european\u0103 actual\u0103, respectiv: evolu\u021bia conflictului din Ucraina \u0219i impactul acestuia \u00een plan regional, european \u0219i interna\u021bional; consolidarea securit\u0103\u021bii energetice \u0219i alimentare; continuarea procesului de extindere a UE cu cei trei Parteneri Estici \u0219i cu statele din Balcanii de Vest. Pe parcursul \u00eentrevederilor, p\u0103r\u021bile \u0219i-au exprimat aprecierea fa\u021b\u0103 de consisten\u021ba cooper\u0103rii rom\u00e2no-italiene \u0219i conlucrarea foarte bun\u0103 dintre cele dou\u0103 \u021b\u0103ri \u00een cadrul UE, NATO \u0219i al formatelor regionale.<\/p>\n","protected":false},"excerpt":{"rendered":"<p>Vizita a avut loc la invita\u021bia deputatului Antonio Andru\u0219ceac, pre\u015fedintele Grupului parlamentar de prietenie cu Republica Italian\u0103 din Parlamentul Rom\u00e2niei, chestor al Biroului Permanent al Camerei Deputa\u021bilor. Din delega\u0163ia italian\u0103 au f\u0103cut parte Federica Dieni, pre\u0219edinta Grupului de prietenie cu Rom\u00e2nia din Parlamentul Republicii Italiene, \u0219i Marco Di Maio, membru al grupului. Oaspe\u021bii au fost [&hellip;]<\/p>\n","protected":false},"author":2,"featured_media":0,"comment_status":"closed","ping_status":"open","sticky":false,"template":"","format":"standard","meta":{"ngg_post_thumbnail":0,"footnotes":""},"categories":[1,7],"tags":[],"class_list":["post-2040","post","type-post","status-publish","format-standard","hentry","category-prietenie","category-viziteoficiale"],"_links":{"self":[{"href":"https:\/\/sites.senat.ro\/index.php?rest_route=\/wp\/v2\/posts\/2040","targetHints":{"allow":["GET"]}}],"collection":[{"href":"https:\/\/sites.senat.ro\/index.php?rest_route=\/wp\/v2\/posts"}],"about":[{"href":"https:\/\/sites.senat.ro\/index.php?rest_route=\/wp\/v2\/types\/post"}],"author":[{"embeddable":true,"href":"https:\/\/sites.senat.ro\/index.php?rest_route=\/wp\/v2\/users\/2"}],"replies":[{"embeddable":true,"href":"https:\/\/sites.senat.ro\/index.php?rest_route=%2Fwp%2Fv2%2Fcomments&post=2040"}],"version-history":[{"count":0,"href":"https:\/\/sites.senat.ro\/index.php?rest_route=\/wp\/v2\/posts\/2040\/revisions"}],"wp:attachment":[{"href":"https:\/\/sites.senat.ro\/index.php?rest_route=%2Fwp%2Fv2%2Fmedia&parent=2040"}],"wp:term":[{"taxonomy":"category","embeddable":true,"href":"https:\/\/sites.senat.ro\/index.php?rest_route=%2Fwp%2Fv2%2Fcategories&post=2040"},{"taxonomy":"post_tag","embeddable":true,"href":"https:\/\/sites.senat.ro\/index.php?rest_route=%2Fwp%2Fv2%2Ftags&post=2040"}],"curies":[{"name":"wp","href":"https:\/\/api.w.org\/{rel}","templated":true}]}}