{"id":2032,"date":"2022-06-12T10:26:36","date_gmt":"2022-06-12T10:26:36","guid":{"rendered":"http:\/\/sites.senat.ro\/?p=2032"},"modified":"2022-07-12T10:38:26","modified_gmt":"2022-07-12T10:38:26","slug":"vizita-in-romania-a-delegatiei-grupului-parlamentar-de-prietenie-cu-romania-din-senatul-republicii-franceze-8-11-iunie-2022","status":"publish","type":"post","link":"https:\/\/sites.senat.ro\/?p=2032","title":{"rendered":"Vizita \u00een Rom\u00e2nia a delega\u021biei Grupului parlamentar de prietenie cu Rom\u00e2nia din Senatul Republicii Franceze (8-11 iunie 2022)"},"content":{"rendered":"<p><img loading=\"lazy\" decoding=\"async\" class=\"size-medium wp-image-2035 alignleft\" src=\"https:\/\/sites.senat.ro\/wp-content\/uploads\/sites\/2\/2022\/07\/Franta_foto3-300x200.jpg\" alt=\"\" width=\"300\" height=\"200\" srcset=\"https:\/\/sites.senat.ro\/wp-content\/uploads\/2022\/07\/Franta_foto3-300x200.jpg 300w, https:\/\/sites.senat.ro\/wp-content\/uploads\/2022\/07\/Franta_foto3-768x511.jpg 768w, https:\/\/sites.senat.ro\/wp-content\/uploads\/2022\/07\/Franta_foto3-1024x682.jpg 1024w, https:\/\/sites.senat.ro\/wp-content\/uploads\/2022\/07\/Franta_foto3-732x487.jpg 732w, https:\/\/sites.senat.ro\/wp-content\/uploads\/2022\/07\/Franta_foto3-1140x759.jpg 1140w, https:\/\/sites.senat.ro\/wp-content\/uploads\/2022\/07\/Franta_foto3.jpg 1600w\" sizes=\"auto, (max-width: 300px) 100vw, 300px\" \/>Vizita a avut loc la invita\u021bia senatorului Titus Corl\u0103\u021bean, pre\u0219edintele Grupului de prietenie Rom\u00e2nia-Republica Francez\u0103 (Senat), ca r\u0103spuns la vizita efectuat\u0103 \u00een Fran\u021ba de grupul de prietenie rom\u00e2no-francez din Senat, \u00een perioada 24-26 septembrie 2019.<\/p>\n<p>Din delega\u021bia condus\u0103 de senatorul Bernard Fournier, pre\u0219edintele Grupului parlamentar Fran\u021ba-Rom\u00e2nia din Senatul francez, au f\u0103cut parte&nbsp; Annie Le Houerou \u0219i Thierry Meignen, membri ai grupului, \u0219i Chlo\u00e9 Horusitzky, secretarul delega\u021biei.<\/p>\n<p>Programul a inclus \u00eentrevederi cu senatorul Robert-Marius Cazanciuc, vicepre\u0219edinte al Senatului, cu senatorul Titus Corl\u0103\u021bean, pre\u0219edintele grupului de prietenie&nbsp; rom\u00e2no-francez \u0219i al Comisiei pentru politic\u0103 extern\u0103 a Senatului, precum \u0219i cu membrii ai grupului, respectiv, ai comisiei. Senatorii francezi au avut \u0219i o \u00eentrevedere cu deputatul Radu-Marin Moisin, pre\u0219edintele Grupului parlamentar de prietenie Rom\u00e2nia-Republica Francez\u0103 din Camera Deputa\u021bilor, \u0219i cu membri ai grupului.<\/p>\n<p><img loading=\"lazy\" decoding=\"async\" class=\"size-medium wp-image-2033 alignleft\" src=\"https:\/\/sites.senat.ro\/wp-content\/uploads\/sites\/2\/2022\/07\/Franta_foto1-300x200.jpg\" alt=\"\" width=\"300\" height=\"200\" srcset=\"https:\/\/sites.senat.ro\/wp-content\/uploads\/2022\/07\/Franta_foto1-300x200.jpg 300w, https:\/\/sites.senat.ro\/wp-content\/uploads\/2022\/07\/Franta_foto1-768x512.jpg 768w, https:\/\/sites.senat.ro\/wp-content\/uploads\/2022\/07\/Franta_foto1-1024x682.jpg 1024w, https:\/\/sites.senat.ro\/wp-content\/uploads\/2022\/07\/Franta_foto1-732x488.jpg 732w, https:\/\/sites.senat.ro\/wp-content\/uploads\/2022\/07\/Franta_foto1-1140x760.jpg 1140w, https:\/\/sites.senat.ro\/wp-content\/uploads\/2022\/07\/Franta_foto1.jpg 1600w\" sizes=\"auto, (max-width: 300px) 100vw, 300px\" \/>&nbsp; &nbsp;<img loading=\"lazy\" decoding=\"async\" class=\"size-medium wp-image-2034 alignleft\" src=\"https:\/\/sites.senat.ro\/wp-content\/uploads\/sites\/2\/2022\/07\/Franta_foto2-300x200.jpg\" alt=\"\" width=\"300\" height=\"200\" srcset=\"https:\/\/sites.senat.ro\/wp-content\/uploads\/2022\/07\/Franta_foto2-300x200.jpg 300w, https:\/\/sites.senat.ro\/wp-content\/uploads\/2022\/07\/Franta_foto2.jpg 640w\" sizes=\"auto, (max-width: 300px) 100vw, 300px\" \/>Dialogul p\u0103r\u021bilor a evocat leg\u0103turile tradi\u021bionale istorice dintre cele dou\u0103 \u021b\u0103ri \u0219i a oferit oportunitatea unui schimb aprofundat de opinii pe teme de interes comun de pe agenda european\u0103 \u0219i interna\u021bional\u0103, cu prec\u0103dere conflictul din Ucraina, situa\u021bia de securitate de pe Flancul Estic al UE \u0219i NATO, colaborarea dintre cele dou\u0103 \u021b\u0103ri \u00een cadrul UE. Parlamentarii rom\u00e2ni au adresat mul\u021bumiri oaspe\u021bilor pentru sprijinul acordat Rom\u00e2niei \u00een demararea procesului de aderare la OCDE \u0219i au f\u0103cut apel la ace\u0219tia pentru a sus\u021bine, din punct de vedere politic, aderarea Rom\u00e2niei la spa\u021biul Schengen.<\/p>\n<p>\u00cen cadrul discu\u021biilor cu Adrian-Ionu\u021b Chesnoiu, ministrul Agriculturii \u0219i Dezvolt\u0103rii Rurale, au fost abordate diferite aspecte ale provoc\u0103rilor din domeniul agriculturii cu care se confrunt\u0103 cele dou\u0103 \u021b\u0103ri, dar \u0219i la nivel european.<\/p>\n<p>Cu ocazia vizitei la Bucure\u0219ti, delega\u021bia a fost primit\u0103 de Lumini\u021ba-Teodora Odobescu, consilier preziden\u021bial, Departamentul afaceri europene.<\/p>\n<p>Programul a inclus \u0219i o deplasare \u00een jude\u021bul D\u00e2mbovi\u021ba, ocazie cu care au avut loc \u00eentrevederi cu Corneliu \u0218tefan, pre\u0219edintele Consiliului jude\u021bean D\u00e2mbovi\u021ba, \u0219i Gilia Claudia, prefectul jude\u021bului D\u00e2mbovi\u021ba. Discu\u021biile au eviden\u021biat dorin\u021ba comun\u0103 de \u00eenfr\u0103\u021bire \u00eentre colectivit\u0103\u021bi locale din diferite regiuni ale Fran\u021bei \u0219i cele din jude\u021bul D\u00e2mbovi\u021ba.<\/p>\n<p>Pe parcursul prezen\u021bei \u00een Rom\u00e2nia, oaspe\u021bii au participat \u0219i la evenimentul de lansare a c\u0103r\u021bii <em>Tratatul de la Trianon \u0219i destinul Rom\u00e2niei Mari<\/em>, organizat de Funda\u021bia European\u0103 Titulescu, prilej cu care au avut un schimb de opinii cu prof. univ. dr. Adrian N\u0103stase, pre\u0219edintele Funda\u021biei, pe teme actuale ale agendei interna\u021bionale.<\/p>\n","protected":false},"excerpt":{"rendered":"<p>Vizita a avut loc la invita\u021bia senatorului Titus Corl\u0103\u021bean, pre\u0219edintele Grupului de prietenie Rom\u00e2nia-Republica Francez\u0103 (Senat), ca r\u0103spuns la vizita efectuat\u0103 \u00een Fran\u021ba de grupul de prietenie rom\u00e2no-francez din Senat, \u00een perioada 24-26 septembrie 2019. Din delega\u021bia condus\u0103 de senatorul Bernard Fournier, pre\u0219edintele Grupului parlamentar Fran\u021ba-Rom\u00e2nia din Senatul francez, au f\u0103cut parte&nbsp; Annie Le Houerou [&hellip;]<\/p>\n","protected":false},"author":2,"featured_media":0,"comment_status":"closed","ping_status":"open","sticky":false,"template":"","format":"standard","meta":{"ngg_post_thumbnail":0,"footnotes":""},"categories":[1,7],"tags":[],"class_list":["post-2032","post","type-post","status-publish","format-standard","hentry","category-prietenie","category-viziteoficiale"],"_links":{"self":[{"href":"https:\/\/sites.senat.ro\/index.php?rest_route=\/wp\/v2\/posts\/2032","targetHints":{"allow":["GET"]}}],"collection":[{"href":"https:\/\/sites.senat.ro\/index.php?rest_route=\/wp\/v2\/posts"}],"about":[{"href":"https:\/\/sites.senat.ro\/index.php?rest_route=\/wp\/v2\/types\/post"}],"author":[{"embeddable":true,"href":"https:\/\/sites.senat.ro\/index.php?rest_route=\/wp\/v2\/users\/2"}],"replies":[{"embeddable":true,"href":"https:\/\/sites.senat.ro\/index.php?rest_route=%2Fwp%2Fv2%2Fcomments&post=2032"}],"version-history":[{"count":0,"href":"https:\/\/sites.senat.ro\/index.php?rest_route=\/wp\/v2\/posts\/2032\/revisions"}],"wp:attachment":[{"href":"https:\/\/sites.senat.ro\/index.php?rest_route=%2Fwp%2Fv2%2Fmedia&parent=2032"}],"wp:term":[{"taxonomy":"category","embeddable":true,"href":"https:\/\/sites.senat.ro\/index.php?rest_route=%2Fwp%2Fv2%2Fcategories&post=2032"},{"taxonomy":"post_tag","embeddable":true,"href":"https:\/\/sites.senat.ro\/index.php?rest_route=%2Fwp%2Fv2%2Ftags&post=2032"}],"curies":[{"name":"wp","href":"https:\/\/api.w.org\/{rel}","templated":true}]}}