{"id":2029,"date":"2022-04-29T10:22:48","date_gmt":"2022-04-29T10:22:48","guid":{"rendered":"http:\/\/sites.senat.ro\/?p=2029"},"modified":"2022-07-12T10:36:45","modified_gmt":"2022-07-12T10:36:45","slug":"vizita-in-azerbaidjan-a-delegatiei-conduse-de-cristian-daniel-ivanuta-presedintele-grupului-parlamentar-de-prietenie-romania-republica-azerbaidjan-27-28-aprilie-2022","status":"publish","type":"post","link":"https:\/\/sites.senat.ro\/?p=2029","title":{"rendered":"Vizita \u00een Azerbaidjan a delega\u021biei conduse de Cristian-Daniel Iv\u0103nu\u021b\u0103, pre\u0219edintele Grupului parlamentar de prietenie Rom\u00e2nia-Republica Azerbaidjan (27-28 aprilie 2022)"},"content":{"rendered":"<p>Din delega\u021bie au f\u0103cut parte deputa\u021bii Amet Varol, membru al grupului de prietenie, Adrian Solomon, pre\u0219edintele Comisiei pentru munc\u0103 \u0219i protec\u021bie social\u0103, \u0219i Mihail Albi\u0219teanu, secretar al Comisiei pentru politic\u0103 extern\u0103.<\/p>\n<p>Programul vizitei a inclus convorbiri cu: Adil Abish Oglu Aliyev, vicepre\u0219edintele Adun\u0103rii Na\u021bionale a Republicii Azerbaidjan; Azay Ajdar Oglu Guliyev, pre\u0219edintele Grupului de lucru pentru rela\u021biile interparlamentare Azerbaidjan-Rom\u00e2nia; Elchin Amirbayov, consilier pe probleme de politic\u0103 extern\u0103 al prim-vicepre\u0219edintelui Republicii Azerbaidjan; Mahmud Agmed Oglu Mammad-Guliyev, ministru adjunct al afacerilor externe; Gunay Afandiyeva, pre\u0219edintele Funda\u021biei Interna\u021bionale pentru Cultura \u0219i Patrimoniul Lumii Turce.<\/p>\n<p><img loading=\"lazy\" decoding=\"async\" class=\"size-medium wp-image-2030 aligncenter\" src=\"https:\/\/sites.senat.ro\/wp-content\/uploads\/sites\/2\/2022\/07\/Azerbaidjan_foto1-225x300.jpg\" alt=\"\" width=\"225\" height=\"300\" srcset=\"https:\/\/sites.senat.ro\/wp-content\/uploads\/2022\/07\/Azerbaidjan_foto1-225x300.jpg 225w, https:\/\/sites.senat.ro\/wp-content\/uploads\/2022\/07\/Azerbaidjan_foto1-768x1024.jpg 768w, https:\/\/sites.senat.ro\/wp-content\/uploads\/2022\/07\/Azerbaidjan_foto1-732x976.jpg 732w, https:\/\/sites.senat.ro\/wp-content\/uploads\/2022\/07\/Azerbaidjan_foto1.jpg 800w\" sizes=\"auto, (max-width: 225px) 100vw, 225px\" \/><\/p>\n<p>\u00cen contextul anivers\u0103rii a 30 de ani de rela\u021bii diplomatice rom\u00e2no-azere, vizita delega\u021biei rom\u00e2ne a prilejuit consolidarea dialogului bilateral \u0219i evaluarea perspectivelor colabor\u0103rii \u00een domenii strategice precum energia \u0219i transporturile, prin valorificarea deplin\u0103 a poten\u021bialului oferit de parteneriatul strategic bilateral. Gazdele au adresat mul\u021bumiri pentru sprijinul acordat de Rom\u00e2nia \u00een consolidarea rela\u021biilor dintre Azerbaidjan \u0219i Uniunea European\u0103, respectiv, NATO. P\u0103r\u021bile \u0219i-au exprimat interesul comun pentru aprofundarea dialogului constructiv \u0219i a cooper\u0103rii dintre cele dou\u0103 state.&nbsp;Interlocutorii au abordat \u0219i teme aflate pe agenda regional\u0103 \u0219i de securitate \u00een Caucazul de Sud, ocazie cu care partea azer\u0103 a prezentat demersurile la zi privind normalizarea rela\u021biilor azero-armene.&nbsp;<\/p>\n<p>\u00cen ziua de 28 aprilie, delega\u021bia parlamentar\u0103 rom\u00e2n\u0103, \u00eenso\u021bit\u0103 de&nbsp;Azay Ajdar Oglu Guliyev, pre\u0219edintele Grupului de lucru pentru rela\u021biile interparlamentare Azerbaidjan-Rom\u00e2nia,&nbsp; a efectuat o vizit\u0103 \u00een zona Karabakh, la Susha.<\/p>\n<h2>&nbsp;<\/h2>\n","protected":false},"excerpt":{"rendered":"<p>Din delega\u021bie au f\u0103cut parte deputa\u021bii Amet Varol, membru al grupului de prietenie, Adrian Solomon, pre\u0219edintele Comisiei pentru munc\u0103 \u0219i protec\u021bie social\u0103, \u0219i Mihail Albi\u0219teanu, secretar al Comisiei pentru politic\u0103 extern\u0103. Programul vizitei a inclus convorbiri cu: Adil Abish Oglu Aliyev, vicepre\u0219edintele Adun\u0103rii Na\u021bionale a Republicii Azerbaidjan; Azay Ajdar Oglu Guliyev, pre\u0219edintele Grupului de lucru [&hellip;]<\/p>\n","protected":false},"author":2,"featured_media":0,"comment_status":"closed","ping_status":"open","sticky":false,"template":"","format":"standard","meta":{"ngg_post_thumbnail":0,"footnotes":""},"categories":[1,7],"tags":[],"class_list":["post-2029","post","type-post","status-publish","format-standard","hentry","category-prietenie","category-viziteoficiale"],"_links":{"self":[{"href":"https:\/\/sites.senat.ro\/index.php?rest_route=\/wp\/v2\/posts\/2029","targetHints":{"allow":["GET"]}}],"collection":[{"href":"https:\/\/sites.senat.ro\/index.php?rest_route=\/wp\/v2\/posts"}],"about":[{"href":"https:\/\/sites.senat.ro\/index.php?rest_route=\/wp\/v2\/types\/post"}],"author":[{"embeddable":true,"href":"https:\/\/sites.senat.ro\/index.php?rest_route=\/wp\/v2\/users\/2"}],"replies":[{"embeddable":true,"href":"https:\/\/sites.senat.ro\/index.php?rest_route=%2Fwp%2Fv2%2Fcomments&post=2029"}],"version-history":[{"count":0,"href":"https:\/\/sites.senat.ro\/index.php?rest_route=\/wp\/v2\/posts\/2029\/revisions"}],"wp:attachment":[{"href":"https:\/\/sites.senat.ro\/index.php?rest_route=%2Fwp%2Fv2%2Fmedia&parent=2029"}],"wp:term":[{"taxonomy":"category","embeddable":true,"href":"https:\/\/sites.senat.ro\/index.php?rest_route=%2Fwp%2Fv2%2Fcategories&post=2029"},{"taxonomy":"post_tag","embeddable":true,"href":"https:\/\/sites.senat.ro\/index.php?rest_route=%2Fwp%2Fv2%2Ftags&post=2029"}],"curies":[{"name":"wp","href":"https:\/\/api.w.org\/{rel}","templated":true}]}}