{"id":2025,"date":"2022-05-05T10:21:29","date_gmt":"2022-05-05T10:21:29","guid":{"rendered":"http:\/\/sites.senat.ro\/?p=2025"},"modified":"2022-07-12T10:37:21","modified_gmt":"2022-07-12T10:37:21","slug":"vizita-in-romania-a-delegatiei-grupului-pentru-relatii-interparlamentare-cu-romania-din-parlamentul-lituanian-2-4-mai-2022","status":"publish","type":"post","link":"https:\/\/sites.senat.ro\/?p=2025","title":{"rendered":"Vizita \u00een Rom\u00e2nia a delega\u021biei Grupului pentru rela\u021bii interparlamentare cu Rom\u00e2nia din Parlamentul lituanian (2-4 mai 2022)"},"content":{"rendered":"<p><img loading=\"lazy\" decoding=\"async\" class=\"size-medium wp-image-2026 alignleft\" src=\"https:\/\/sites.senat.ro\/wp-content\/uploads\/sites\/2\/2022\/07\/Lituania_foto1-300x200.jpg\" alt=\"\" width=\"300\" height=\"200\" srcset=\"https:\/\/sites.senat.ro\/wp-content\/uploads\/2022\/07\/Lituania_foto1-300x200.jpg 300w, https:\/\/sites.senat.ro\/wp-content\/uploads\/2022\/07\/Lituania_foto1-768x512.jpg 768w, https:\/\/sites.senat.ro\/wp-content\/uploads\/2022\/07\/Lituania_foto1-1024x683.jpg 1024w, https:\/\/sites.senat.ro\/wp-content\/uploads\/2022\/07\/Lituania_foto1-732x488.jpg 732w, https:\/\/sites.senat.ro\/wp-content\/uploads\/2022\/07\/Lituania_foto1-1140x760.jpg 1140w\" sizes=\"auto, (max-width: 300px) 100vw, 300px\" \/>Din delega\u021bia condus\u0103 de Arvydas Pocius, pre\u0219edintele Grupului pentru rela\u021bii interparlamentare cu Rom\u00e2nia din Parlamentul lituanian, au f\u0103cut parte Jonas Jarutis \u0219i Jurgita Sejonien\u00e9, membri ai grupului, \u0219i Jolita Siri\u016bt\u00e9, secretarul delega\u021biei.<\/p>\n<p>\u00cen cadrul acestei vizite de r\u0103spuns la vizita efectuat\u0103 la Vilnius de o delega\u021bie a Grupului parlamentar de prietenie Rom\u00e2nia &#8211; Republica Lituania (15-17 aprilie 2019), oaspe\u021bii au avut \u00eentrevederi cu: senatorul Ion-Marcel Vela, pre\u0219edintele grupului de prietenie omolog, \u0219i cu membri ai grupului; senatoarea Roberta-Alma Anastase, vicepre\u0219edinta Comisiei pentru politic\u0103 extern\u0103 a Senatului, \u0219i cu membri ai comisiei; senatoarea Nicoleta Pauliuc, pre\u0219edinta Comisiei pentru ap\u0103rare, ordine public\u0103 \u0219i siguran\u021b\u0103 na\u021bional\u0103 a Senatului, \u0219i cu membri ai comisiei.<\/p>\n<p>Pe parcursul convorbirilor, oficialii rom\u00e2ni \u0219i lituanieni au apreciat prietenia dintre cele dou\u0103 state \u0219i consecven\u021ba dialogului la nivel parlamentar, bazat pe interesele comune \u00een materie de securitate \u0219i afaceri europene, \u0219i au pus \u00een eviden\u021b\u0103 rela\u021biile politice solide dintre Rom\u00e2nia \u0219i Lituania, \u021b\u0103ri partenere \u00een Uniunea European\u0103 \u0219i aliate \u00een NATO.<\/p>\n<p>Cele dou\u0103 p\u0103r\u021bi au condamnat invazia Rusiei \u00een Ucraina \u0219i au convenit asupra necesit\u0103\u021bii \u00eent\u0103ririi Flancului Estic al NATO, inclusiv prin adoptarea, la Summit-ul NATO de la Madrid, a unui pachet de m\u0103suri care s\u0103 r\u0103spund\u0103 eficient amenin\u021b\u0103rilor de securitate din Vecin\u0103tatea Estic\u0103.<\/p>\n<p><img loading=\"lazy\" decoding=\"async\" class=\"size-medium wp-image-2027 aligncenter\" src=\"https:\/\/sites.senat.ro\/wp-content\/uploads\/sites\/2\/2022\/07\/Lituania_foto2-300x200.jpg\" alt=\"\" width=\"300\" height=\"200\" srcset=\"https:\/\/sites.senat.ro\/wp-content\/uploads\/2022\/07\/Lituania_foto2-300x200.jpg 300w, https:\/\/sites.senat.ro\/wp-content\/uploads\/2022\/07\/Lituania_foto2-768x512.jpg 768w, https:\/\/sites.senat.ro\/wp-content\/uploads\/2022\/07\/Lituania_foto2-1024x683.jpg 1024w, https:\/\/sites.senat.ro\/wp-content\/uploads\/2022\/07\/Lituania_foto2-732x488.jpg 732w, https:\/\/sites.senat.ro\/wp-content\/uploads\/2022\/07\/Lituania_foto2-1140x760.jpg 1140w\" sizes=\"auto, (max-width: 300px) 100vw, 300px\" \/><\/p>\n<p>Totodat\u0103, a fost evocat\u0103 importan\u021ba consolid\u0103rii rela\u021biilor economice bilaterale,&nbsp; prin intensificarea cooper\u0103rii \u00een plan sectorial, \u00een domenii de interes comun precum comer\u021bul, infrastructura, energia, educa\u021bia \u0219i cultura.<\/p>\n<p>La \u00eentrevederea cu Daniela G\u00eetman, secretar de stat \u00een Ministerului Afacerilor Externe, au fost eviden\u021biate pozi\u021biile similare ale celor dou\u0103 \u021b\u0103ri pe teme importante, europene \u0219i interna\u021bionale. Reprezentantul MAE \u0219i-a exprimat aprecierea pentru coordonarea eficient\u0103 rom\u00e2no-lituanian\u0103 \u00een cadrul NATO \u0219i al formatelor de cooperare regional\u0103, precum Ini\u021biativa celor Trei M\u0103ri \u0219i Formatul Bucure\u0219ti 9 (B9). Discu\u021biile au prilejuit un schimb aprofundat de opinii privind situa\u021bia de securitate din regiunea M\u0103rii Negre, cu accent pe modalit\u0103\u021bile de consolidare a &nbsp;posturii NATO de ap\u0103rare \u0219i descurajare pe Flancul Estic al Alian\u021bei. S-a discutat, de asemenea, despre m\u0103surile adoptate la nivel na\u021bional \u0219i european pentru gestionarea situa\u021biei refugia\u021bilor din Ucraina \u0219i pentru acordarea de asisten\u021b\u0103 Ucrainei \u0219i Republicii Moldova, inclusiv din perspectiva asigur\u0103rii securit\u0103\u021bii energetice a celor dou\u0103 state, \u00een contextul provoc\u0103rilor generate de agresiunea militar\u0103 a Federa\u021biei Ruse.<\/p>\n<p>&nbsp;<\/p>\n","protected":false},"excerpt":{"rendered":"<p>Din delega\u021bia condus\u0103 de Arvydas Pocius, pre\u0219edintele Grupului pentru rela\u021bii interparlamentare cu Rom\u00e2nia din Parlamentul lituanian, au f\u0103cut parte Jonas Jarutis \u0219i Jurgita Sejonien\u00e9, membri ai grupului, \u0219i Jolita Siri\u016bt\u00e9, secretarul delega\u021biei. \u00cen cadrul acestei vizite de r\u0103spuns la vizita efectuat\u0103 la Vilnius de o delega\u021bie a Grupului parlamentar de prietenie Rom\u00e2nia &#8211; Republica Lituania [&hellip;]<\/p>\n","protected":false},"author":2,"featured_media":0,"comment_status":"closed","ping_status":"open","sticky":false,"template":"","format":"standard","meta":{"ngg_post_thumbnail":0,"footnotes":""},"categories":[1,7],"tags":[],"class_list":["post-2025","post","type-post","status-publish","format-standard","hentry","category-prietenie","category-viziteoficiale"],"_links":{"self":[{"href":"https:\/\/sites.senat.ro\/index.php?rest_route=\/wp\/v2\/posts\/2025","targetHints":{"allow":["GET"]}}],"collection":[{"href":"https:\/\/sites.senat.ro\/index.php?rest_route=\/wp\/v2\/posts"}],"about":[{"href":"https:\/\/sites.senat.ro\/index.php?rest_route=\/wp\/v2\/types\/post"}],"author":[{"embeddable":true,"href":"https:\/\/sites.senat.ro\/index.php?rest_route=\/wp\/v2\/users\/2"}],"replies":[{"embeddable":true,"href":"https:\/\/sites.senat.ro\/index.php?rest_route=%2Fwp%2Fv2%2Fcomments&post=2025"}],"version-history":[{"count":0,"href":"https:\/\/sites.senat.ro\/index.php?rest_route=\/wp\/v2\/posts\/2025\/revisions"}],"wp:attachment":[{"href":"https:\/\/sites.senat.ro\/index.php?rest_route=%2Fwp%2Fv2%2Fmedia&parent=2025"}],"wp:term":[{"taxonomy":"category","embeddable":true,"href":"https:\/\/sites.senat.ro\/index.php?rest_route=%2Fwp%2Fv2%2Fcategories&post=2025"},{"taxonomy":"post_tag","embeddable":true,"href":"https:\/\/sites.senat.ro\/index.php?rest_route=%2Fwp%2Fv2%2Ftags&post=2025"}],"curies":[{"name":"wp","href":"https:\/\/api.w.org\/{rel}","templated":true}]}}