{"id":2019,"date":"2022-04-13T10:35:27","date_gmt":"2022-04-13T10:35:27","guid":{"rendered":"http:\/\/sites.senat.ro\/?p=2019"},"modified":"2022-07-12T10:36:02","modified_gmt":"2022-07-12T10:36:02","slug":"vizita-in-romania-a-delegatiei-grupului-parlamentar-de-prietenie-iordania-ue-din-parlamentul-iordanian-10-12-aprilie-2022","status":"publish","type":"post","link":"https:\/\/sites.senat.ro\/?p=2019","title":{"rendered":"Vizita \u00een Rom\u00e2nia a delega\u021biei Grupului parlamentar de prietenie Iordania &#8211; UE din Parlamentul iordanian (10-12 aprilie 2022)"},"content":{"rendered":"<p><img loading=\"lazy\" decoding=\"async\" class=\"size-medium wp-image-2020 alignleft\" src=\"https:\/\/sites.senat.ro\/wp-content\/uploads\/sites\/2\/2022\/07\/Iordania_3-300x200.jpg\" alt=\"\" width=\"300\" height=\"200\" srcset=\"https:\/\/sites.senat.ro\/wp-content\/uploads\/2022\/07\/Iordania_3-300x200.jpg 300w, https:\/\/sites.senat.ro\/wp-content\/uploads\/2022\/07\/Iordania_3-768x511.jpg 768w, https:\/\/sites.senat.ro\/wp-content\/uploads\/2022\/07\/Iordania_3-1024x682.jpg 1024w, https:\/\/sites.senat.ro\/wp-content\/uploads\/2022\/07\/Iordania_3-732x487.jpg 732w, https:\/\/sites.senat.ro\/wp-content\/uploads\/2022\/07\/Iordania_3-1140x759.jpg 1140w, https:\/\/sites.senat.ro\/wp-content\/uploads\/2022\/07\/Iordania_3.jpg 1848w\" sizes=\"auto, (max-width: 300px) 100vw, 300px\" \/>Vizita a avut loc la invita\u021bia deputatei Bir\u00f3 Roz\u00e1lia-Ibolya, pre\u0219edinta Grupului parlamentar de prietenie cu Regatul Ha\u0219emit al Iordaniei din Parlamentul Rom\u00e2niei, pre\u0219edinta Comisiei pentru politic\u0103 extern\u0103 din Camera Deputa\u021bilor.<\/p>\n<p>Pe parcursul vizitei, cei trei membri ai delega\u021biei iordaniene \u2013 deputa\u021bii Majali Ayman, Saudi Mohd \u0219i Alshabeeb Habis, au fost \u00eenso\u021bi\u021bi de E.S. Sufyan Qudah, ambasadorul extraordinar \u0219i plenipoten\u021biar al Regatului Ha\u0219emit al Iordaniei \u00een Rom\u00e2nia.<\/p>\n<p>La nivel parlamentar, delega\u021bia a avut convorbiri cu deputata Bir\u00f3 Roz\u00e1lia-Ibolya, pre\u0219edinta grupului parlamentar de prietenie rom\u00e2no-iordanian, cu membri ai grupului, precum \u0219i cu membri ai Comisiei pentru politic\u0103 extern\u0103 din Camera Deputa\u021bilor.&nbsp;<\/p>\n<p>La nivel guvernamental, au avut loc \u00eentrevederi cu Florin-Sergiu Dobrescu, secretar de stat \u00een Ministerul Antreprenoriatului \u0219i Turismului, \u0219i Olivia Toderean, directorul general al Departamentului Globalizare din Ministerul Afacerilor Externe.<\/p>\n<p>\u00cen cadrul discu\u021biilor a fost eviden\u021biat rolul diploma\u021biei parlamentare \u00een intensificarea leg\u0103turilor rom\u00e2no-iordaniene \u0219i \u00een realizarea obiectivelor de pe agenda comun\u0103. P\u0103r\u021bile au subliniat evolu\u021bia pozitiv\u0103 \u0219i nivelul foarte bun al rela\u021biilor bilaterale \u0219i importan\u021ba continu\u0103rii dialogului politic \u0219i sectorial \u00een domenii de interes comun, precum agricultura, educa\u021bia \u0219i turismul. S-a pus, totodat\u0103, accentul pe identificarea unor noi modalit\u0103\u021bi de cre\u0219tere a schimburilor economice \u0219i a investi\u021biilor, dar \u0219i a unor noi domenii de colaborare, precum sectoarele IT, energetic, medical \u0219i farmaceutic.<\/p>\n<p><img loading=\"lazy\" decoding=\"async\" class=\"size-medium wp-image-2021 aligncenter\" src=\"https:\/\/sites.senat.ro\/wp-content\/uploads\/sites\/2\/2022\/07\/Iordania_1-300x199.jpg\" alt=\"\" width=\"300\" height=\"199\" srcset=\"https:\/\/sites.senat.ro\/wp-content\/uploads\/2022\/07\/Iordania_1-300x199.jpg 300w, https:\/\/sites.senat.ro\/wp-content\/uploads\/2022\/07\/Iordania_1.jpg 594w\" sizes=\"auto, (max-width: 300px) 100vw, 300px\" \/><\/p>\n<p>Convorbirile au oferit ocazia unui schimb de opinii cu privire la conflictul de la grani\u021ba Rom\u00e2niei, criza din Siria, procesul de pace din Orientul Mijlociu \u0219i problematica refugia\u021bilor.<\/p>\n<p>Membrii delega\u021biei iordaniene au adresat omologilor lor invita\u021bia de a efectua o vizit\u0103 \u00een Regatul Ha\u0219emit al Iordaniei \u00een vederea continu\u0103rii dialogului parlamentar bilateral.<\/p>\n","protected":false},"excerpt":{"rendered":"<p>Vizita a avut loc la invita\u021bia deputatei Bir\u00f3 Roz\u00e1lia-Ibolya, pre\u0219edinta Grupului parlamentar de prietenie cu Regatul Ha\u0219emit al Iordaniei din Parlamentul Rom\u00e2niei, pre\u0219edinta Comisiei pentru politic\u0103 extern\u0103 din Camera Deputa\u021bilor. Pe parcursul vizitei, cei trei membri ai delega\u021biei iordaniene \u2013 deputa\u021bii Majali Ayman, Saudi Mohd \u0219i Alshabeeb Habis, au fost \u00eenso\u021bi\u021bi de E.S. Sufyan Qudah, [&hellip;]<\/p>\n","protected":false},"author":2,"featured_media":0,"comment_status":"closed","ping_status":"open","sticky":false,"template":"","format":"standard","meta":{"ngg_post_thumbnail":0,"footnotes":""},"categories":[1,7],"tags":[],"class_list":["post-2019","post","type-post","status-publish","format-standard","hentry","category-prietenie","category-viziteoficiale"],"_links":{"self":[{"href":"https:\/\/sites.senat.ro\/index.php?rest_route=\/wp\/v2\/posts\/2019","targetHints":{"allow":["GET"]}}],"collection":[{"href":"https:\/\/sites.senat.ro\/index.php?rest_route=\/wp\/v2\/posts"}],"about":[{"href":"https:\/\/sites.senat.ro\/index.php?rest_route=\/wp\/v2\/types\/post"}],"author":[{"embeddable":true,"href":"https:\/\/sites.senat.ro\/index.php?rest_route=\/wp\/v2\/users\/2"}],"replies":[{"embeddable":true,"href":"https:\/\/sites.senat.ro\/index.php?rest_route=%2Fwp%2Fv2%2Fcomments&post=2019"}],"version-history":[{"count":0,"href":"https:\/\/sites.senat.ro\/index.php?rest_route=\/wp\/v2\/posts\/2019\/revisions"}],"wp:attachment":[{"href":"https:\/\/sites.senat.ro\/index.php?rest_route=%2Fwp%2Fv2%2Fmedia&parent=2019"}],"wp:term":[{"taxonomy":"category","embeddable":true,"href":"https:\/\/sites.senat.ro\/index.php?rest_route=%2Fwp%2Fv2%2Fcategories&post=2019"},{"taxonomy":"post_tag","embeddable":true,"href":"https:\/\/sites.senat.ro\/index.php?rest_route=%2Fwp%2Fv2%2Ftags&post=2019"}],"curies":[{"name":"wp","href":"https:\/\/api.w.org\/{rel}","templated":true}]}}