{"id":2017,"date":"2022-04-02T10:32:41","date_gmt":"2022-04-02T10:32:41","guid":{"rendered":"http:\/\/sites.senat.ro\/?p=2017"},"modified":"2022-07-12T10:34:47","modified_gmt":"2022-07-12T10:34:47","slug":"vizita-la-jakarta-a-delegatiei-grupului-parlamentar-de-prietenie-cu-republica-indonezia-din-parlamentul-romaniei-28-martie-1-aprilie-2022","status":"publish","type":"post","link":"https:\/\/sites.senat.ro\/?p=2017","title":{"rendered":"Vizita la Jakarta a delega\u021biei Grupului parlamentar de prietenie cu Republica Indonezia din Parlamentul Rom\u00e2niei (28 martie-1 aprilie 2022)"},"content":{"rendered":"<p>Din delega\u021bie au f\u0103cut parte deputatul \u0218tefan Mu\u0219oiu, pre\u0219edintele Grupului de prietenie, \u0219i senatoarea Laura-Iuliana Sc\u00e2ntei, membr\u0103 a grupului.<\/p>\n<p>La nivel parlamentar, programul vizitei a inclus convorbiri cu: Nurul Arifin, pre\u0219edintele Grupului parlamentar de prietenie Indonezia-Rom\u00e2nia; Meutya Hafid, pre\u0219edintele Comisiei 1 \u2013 politic\u0103 extern\u0103, ap\u0103rare \u0219i informa\u021bii; Putu Supadma Rudana, vicepre\u0219edintele Comisiei pentru cooperare interparlamentar\u0103.<\/p>\n<p>\u00cen cadrul discu\u021biilor au fost abordate aspecte&nbsp; referitoare la evolu\u021bia rela\u021biilor bilaterale rom\u00e2no-indoneziene, cu accent pe oportunit\u0103\u021bile de dezvoltare a rela\u021biilor economice, culturale \u0219i \u00een domeniul educa\u021biei.<\/p>\n<p>Interlocutorii au evocat efectele negative ale pandemiei asupra economiei globale, context \u00een care au subliniat necesitatea intensific\u0103rii dialogului parlamentar dintre cele dou\u0103 state \u0219i a cre\u0219terii implic\u0103rii mediului de afaceri, \u00een scopul diminu\u0103rii impactului COVID-19.<\/p>\n<p>P\u0103r\u021bile si-au manifestat \u00eengrijorarea cu privire la conflictul din Ucraina, subliniind importan\u021ba prevederilor rezolu\u021biei Uniunii Interparlamentare (UIP) cu tema <em>Solu\u021bionarea pa\u0219nic\u0103 a conflictului din Ucraina, cu respectarea dreptului interna\u021bional, a prevederilor Cartei Na\u021biunilor Unite \u0219i a integrit\u0103\u021bii teritoriale<\/em>, adoptat\u0103 de cea de-a 144-a Adunare a UIP, \u00een luna martie a.c.. Rezolu\u021bia \u00eencurajeaz\u0103 statele membre ale UIP s\u0103 ac\u021bioneze solidar pentru g\u0103sirea unor solu\u021bii pa\u0219nice \u00een vederea \u00eencet\u0103rii ostilit\u0103\u021bilor din Ucraina \u0219i pentru asigurarea sprijinului umanitar cet\u0103\u021benilor acestei \u021b\u0103ri.<\/p>\n<p>Delega\u021bia a avut \u0219i o \u00eentrevedere cu prof. dr. K.H. Nasaruddin Umar, Marele Imam al Republicii Indonezia. Cu aceast\u0103 ocazie, interlocutorii au eviden\u021biat rolul dialogului intercultural, al diversit\u0103\u021bii culturale \u0219i al educa\u021biei \u00een promovarea p\u0103cii.<\/p>\n<p>Parlamentarii rom\u00e2ni au efectuat \u0219i o vizit\u0103 \u00een Provincia Bali, unde au avut o \u00eent\u00e2lnire cu viceguvernatorul regiunii, Tjokorda Oka Artha Sardana Sukawati.&nbsp;<\/p>\n","protected":false},"excerpt":{"rendered":"<p>Din delega\u021bie au f\u0103cut parte deputatul \u0218tefan Mu\u0219oiu, pre\u0219edintele Grupului de prietenie, \u0219i senatoarea Laura-Iuliana Sc\u00e2ntei, membr\u0103 a grupului. La nivel parlamentar, programul vizitei a inclus convorbiri cu: Nurul Arifin, pre\u0219edintele Grupului parlamentar de prietenie Indonezia-Rom\u00e2nia; Meutya Hafid, pre\u0219edintele Comisiei 1 \u2013 politic\u0103 extern\u0103, ap\u0103rare \u0219i informa\u021bii; Putu Supadma Rudana, vicepre\u0219edintele Comisiei pentru cooperare interparlamentar\u0103. [&hellip;]<\/p>\n","protected":false},"author":2,"featured_media":0,"comment_status":"closed","ping_status":"open","sticky":false,"template":"","format":"standard","meta":{"ngg_post_thumbnail":0,"footnotes":""},"categories":[1,7],"tags":[],"class_list":["post-2017","post","type-post","status-publish","format-standard","hentry","category-prietenie","category-viziteoficiale"],"_links":{"self":[{"href":"https:\/\/sites.senat.ro\/index.php?rest_route=\/wp\/v2\/posts\/2017","targetHints":{"allow":["GET"]}}],"collection":[{"href":"https:\/\/sites.senat.ro\/index.php?rest_route=\/wp\/v2\/posts"}],"about":[{"href":"https:\/\/sites.senat.ro\/index.php?rest_route=\/wp\/v2\/types\/post"}],"author":[{"embeddable":true,"href":"https:\/\/sites.senat.ro\/index.php?rest_route=\/wp\/v2\/users\/2"}],"replies":[{"embeddable":true,"href":"https:\/\/sites.senat.ro\/index.php?rest_route=%2Fwp%2Fv2%2Fcomments&post=2017"}],"version-history":[{"count":0,"href":"https:\/\/sites.senat.ro\/index.php?rest_route=\/wp\/v2\/posts\/2017\/revisions"}],"wp:attachment":[{"href":"https:\/\/sites.senat.ro\/index.php?rest_route=%2Fwp%2Fv2%2Fmedia&parent=2017"}],"wp:term":[{"taxonomy":"category","embeddable":true,"href":"https:\/\/sites.senat.ro\/index.php?rest_route=%2Fwp%2Fv2%2Fcategories&post=2017"},{"taxonomy":"post_tag","embeddable":true,"href":"https:\/\/sites.senat.ro\/index.php?rest_route=%2Fwp%2Fv2%2Ftags&post=2017"}],"curies":[{"name":"wp","href":"https:\/\/api.w.org\/{rel}","templated":true}]}}