{"id":2014,"date":"2022-05-31T10:19:16","date_gmt":"2022-05-31T10:19:16","guid":{"rendered":"http:\/\/sites.senat.ro\/?p=2014"},"modified":"2022-07-12T10:19:39","modified_gmt":"2022-07-12T10:19:39","slug":"lansarea-publica-a-raportului-parlamentar-mondial-2022-cu-tema-implicarea-publicului-in-activitatile-parlamentului-30-31-mai-2022","status":"publish","type":"post","link":"https:\/\/sites.senat.ro\/?p=2014","title":{"rendered":"Lansarea public\u0103 a Raportului parlamentar mondial 2022 cu tema \u201eImplicarea publicului \u00een activit\u0103\u021bile parlamentului\u201d (30 &#8211; 31 mai 2022)"},"content":{"rendered":"<p>La evenimentele de lansare, desf\u0103\u0219urate \u00een format virtual, au participat deputa\u021bii Cristina-Elena Dinu \u0219i Daniel Florea, membri ai Comitetului Director al GRUI.<\/p>\n<p>Organizat\u0103 de UIP \u0219i PNUD \u00een parteneriat cu <em>Agora Parliamentary Development Community of Practice<\/em>, ac\u021biunea a avut ca scop prezentarea elementelor de con\u021binut ale noii publica\u021bii, cu accent pe principalele recomand\u0103ri.<\/p>\n<p>Programul a inclus sesiunile de dezbateri intitulate: <em>Implicarea publicului \u2013 o cerin\u021b\u0103 fundamental\u0103 \u00een contextul unor provoc\u0103ri globale complexe \u0219i multidimensionale; Tendin\u021be cheie \u00een implicarea publicului; O implicare continu\u0103 \u0219i incluziv\u0103 pentru \u201da nu l\u0103sa pe nimeni \u00een urm\u0103\u201d; Viitorul implic\u0103rii publicului.<\/em><\/p>\n<p>\u00cen acest context, participan\u021bii au f\u0103cut un schimb de opinii despre tendin\u021bele actuale \u0219i viitoare ale implic\u0103rii publicului \u00een activit\u0103\u021bile parlamentare \u0219i despre instrumentele&nbsp; utilizate pentru \u00eembun\u0103t\u0103\u021birea interac\u021biunii dintre parlamente \u0219i cet\u0103\u021beni.<\/p>\n<p>Raportul poate fi consultat<a href=\"https:\/\/www.ipu.org\/resources\/publications\/reports\/2022-03\/global-parliamentary-report-2022\"> <u>aici<\/u><\/a>.<\/p>\n","protected":false},"excerpt":{"rendered":"<p>La evenimentele de lansare, desf\u0103\u0219urate \u00een format virtual, au participat deputa\u021bii Cristina-Elena Dinu \u0219i Daniel Florea, membri ai Comitetului Director al GRUI. Organizat\u0103 de UIP \u0219i PNUD \u00een parteneriat cu Agora Parliamentary Development Community of Practice, ac\u021biunea a avut ca scop prezentarea elementelor de con\u021binut ale noii publica\u021bii, cu accent pe principalele recomand\u0103ri. Programul a [&hellip;]<\/p>\n","protected":false},"author":2,"featured_media":0,"comment_status":"closed","ping_status":"open","sticky":false,"template":"","format":"standard","meta":{"ngg_post_thumbnail":0,"footnotes":""},"categories":[3],"tags":[],"class_list":["post-2014","post","type-post","status-publish","format-standard","hentry","category-participare"],"_links":{"self":[{"href":"https:\/\/sites.senat.ro\/index.php?rest_route=\/wp\/v2\/posts\/2014","targetHints":{"allow":["GET"]}}],"collection":[{"href":"https:\/\/sites.senat.ro\/index.php?rest_route=\/wp\/v2\/posts"}],"about":[{"href":"https:\/\/sites.senat.ro\/index.php?rest_route=\/wp\/v2\/types\/post"}],"author":[{"embeddable":true,"href":"https:\/\/sites.senat.ro\/index.php?rest_route=\/wp\/v2\/users\/2"}],"replies":[{"embeddable":true,"href":"https:\/\/sites.senat.ro\/index.php?rest_route=%2Fwp%2Fv2%2Fcomments&post=2014"}],"version-history":[{"count":0,"href":"https:\/\/sites.senat.ro\/index.php?rest_route=\/wp\/v2\/posts\/2014\/revisions"}],"wp:attachment":[{"href":"https:\/\/sites.senat.ro\/index.php?rest_route=%2Fwp%2Fv2%2Fmedia&parent=2014"}],"wp:term":[{"taxonomy":"category","embeddable":true,"href":"https:\/\/sites.senat.ro\/index.php?rest_route=%2Fwp%2Fv2%2Fcategories&post=2014"},{"taxonomy":"post_tag","embeddable":true,"href":"https:\/\/sites.senat.ro\/index.php?rest_route=%2Fwp%2Fv2%2Ftags&post=2014"}],"curies":[{"name":"wp","href":"https:\/\/api.w.org\/{rel}","templated":true}]}}