{"id":2005,"date":"2022-06-17T10:19:54","date_gmt":"2022-06-17T10:19:54","guid":{"rendered":"http:\/\/sites.senat.ro\/?p=2005"},"modified":"2022-07-12T10:20:06","modified_gmt":"2022-07-12T10:20:06","slug":"a-opta-conferinta-mondiala-a-tinerilor-parlamentari-sharm-el-sheikh-15-16-iunie-2022","status":"publish","type":"post","link":"https:\/\/sites.senat.ro\/?p=2005","title":{"rendered":"A opta Conferin\u0163\u0103 mondial\u0103 a tinerilor parlamentari (Sharm el-Sheikh, 15-16 iunie 2022)"},"content":{"rendered":"<p>Evenimentul, organizat de UIP&nbsp; \u0219i Camera Reprezenta\u021bilor din Parlamentul egiptean, a reunit peste 170 de tineri parlamentari din 60 de \u021b\u0103ri \u0219i a avut tema general\u0103 <em>Tinerii parlamentari pentru ac\u021biune climatic\u0103<\/em>.<\/p>\n<p>Delega\u021bia GRUI a fost format\u0103 din deputa\u021bii Ileana Cristina Dumitrache, Bogdan-Gruia Ivan \u0219i Alexandru Popa.<\/p>\n<p>\u00cen deschiderea lucr\u0103rilor s-au adresat participan\u021bilor: Hanafy Ali Gibaly, pre\u0219edintele Camerei Reprezentan\u021bilor din R.A. Egip; Duarte Pacheco, pre\u0219edintele UIP; Sahar Albazar, pre\u0219edinta Forumului Tinerilor Parlamentari din UIP.<\/p>\n<p>Programul conferin\u021bei a inclus sesiuni de dezbateri \u0219i studii de caz pe teme precum: <em>Situa\u021bia schimb\u0103rilor climatice, consecin\u021be \u0219i drepturile omului; ac\u021biunea parlamentar\u0103 pentru combaterea schimb\u0103rilor climatice, <\/em>cu sub-temele <em>Practici legislative \u0219i de control pentru valorificarea mijloacelor parlamentare de ac\u021biune-studii de caz <\/em>\u0219i<em>, <\/em>respectiv,<em>&nbsp;Inovare parlamentar\u0103 prin \u201dbugetarea ecologic\u0103\u201d \u0219i prin crearea unor parlamente \u201decologice\u201d, sustenabile din punct de vedere al mediului; Valorificarea particip\u0103rii societ\u0103\u021bii civile \u0219i a cet\u0103\u021benilor la activitatea parlamentului; Sprijin pentru \u021b\u0103rile \u00een curs de dezvoltare \u00een domeniul schimb\u0103rilor climatice<\/em>.<\/p>\n<p>Dezbaterile au eviden\u021biat perspectiva tinerilor parlamentari cu privire la ac\u021biunile parlamentare care pot atenua impactul schimb\u0103rilor climatice \u0219i pot limita \u00eenc\u0103lzirea global\u0103 la pragul de 1,5\u00b0C, \u00een conformitate cu angajamentele asumate de state prin Acordul de la Paris.<\/p>\n<p><img loading=\"lazy\" decoding=\"async\" class=\"size-medium wp-image-2010 alignleft\" src=\"https:\/\/sites.senat.ro\/wp-content\/uploads\/sites\/2\/2022\/07\/Egipt_foto2-300x225.jpg\" alt=\"\" width=\"300\" height=\"225\" srcset=\"https:\/\/sites.senat.ro\/wp-content\/uploads\/2022\/07\/Egipt_foto2-300x225.jpg 300w, https:\/\/sites.senat.ro\/wp-content\/uploads\/2022\/07\/Egipt_foto2-768x576.jpg 768w, https:\/\/sites.senat.ro\/wp-content\/uploads\/2022\/07\/Egipt_foto2-1024x768.jpg 1024w, https:\/\/sites.senat.ro\/wp-content\/uploads\/2022\/07\/Egipt_foto2-732x549.jpg 732w, https:\/\/sites.senat.ro\/wp-content\/uploads\/2022\/07\/Egipt_foto2-1140x855.jpg 1140w, https:\/\/sites.senat.ro\/wp-content\/uploads\/2022\/07\/Egipt_foto2.jpg 2048w\" sizes=\"auto, (max-width: 300px) 100vw, 300px\" \/>\u00cen interven\u021bia sa referitoare la <em>sprijinirea \u021b\u0103rilor \u00een curs de dezvoltare \u00een domeniul schimb\u0103rilor climatice<\/em>, deputatul Bogdan-Gruia Ivan a subliniat faptul c\u0103 Rom\u00e2nia \u0219i-a&nbsp; \u00eendeplinit angajamentul de a reduce cu 60% emisiile de carbon fa\u021b\u0103 de anul 1990, mai devreme de termenul propus, respectiv anul 2017, situ\u00e2ndu-se, astfel, printre \u021b\u0103rile care au \u00eendeplinit acest obiectiv \u0219i, din aceast\u0103 perspectiv\u0103, fiind un model de urmat. \u00cen opinia reprezentantului GRUI, cele mai importante provoc\u0103ri determinate de \u00eenc\u0103lzirea global\u0103 ar putea fi abordate cu ajutorul tehnologiilor inteligente, prin accelerarea tranzi\u021biei digitale, sus\u021binut\u0103 de investi\u021bii substan\u021biale destinate cercet\u0103rii \u0219i dezvolt\u0103rii. Parlamentarul rom\u00e2n a pledat pentru ca 3 % din PIB-ul fiec\u0103rei \u021b\u0103ri s\u0103 fie direc\u021bionat c\u0103tre cercetare \u0219i dezvoltare, \u00eentruc\u00e2t este nevoie de tehnologii inteligente, care s\u0103 sporeasc\u0103 rezilien\u021ba economiilor fa\u021b\u0103 de efectele schimb\u0103rilor climatice.<\/p>\n<p><a href=\"https:\/\/www.ipu.org\/file\/14623\/download\"><strong><em>Documentul final<\/em><\/strong><\/a>&nbsp;&nbsp;al reuniunii sintetizeaz\u0103 principalele concluzii \u0219i recomand\u0103ri ale celor dou\u0103 zile de dezbateri.<\/p>\n<p>Conferin\u021ba mondial\u0103 a tinerilor parlamentari a constituit \u0219i un prilej de promovare a campaniei UIP <em>Spun DA tinerilor \u00een parlament!,<\/em> care \u00ee\u0219i propune s\u0103 mobilizeze comunitatea parlamentar\u0103 interna\u021bional\u0103 pentru cre\u0219terea num\u0103rului de tineri parlamentari.<\/p>\n<p><img loading=\"lazy\" decoding=\"async\" class=\"size-medium wp-image-2009 aligncenter\" src=\"https:\/\/sites.senat.ro\/wp-content\/uploads\/sites\/2\/2022\/07\/Egipt_foto1-225x300.jpg\" alt=\"\" width=\"225\" height=\"300\" srcset=\"https:\/\/sites.senat.ro\/wp-content\/uploads\/2022\/07\/Egipt_foto1-225x300.jpg 225w, https:\/\/sites.senat.ro\/wp-content\/uploads\/2022\/07\/Egipt_foto1-768x1024.jpg 768w, https:\/\/sites.senat.ro\/wp-content\/uploads\/2022\/07\/Egipt_foto1-732x976.jpg 732w, https:\/\/sites.senat.ro\/wp-content\/uploads\/2022\/07\/Egipt_foto1-1140x1520.jpg 1140w, https:\/\/sites.senat.ro\/wp-content\/uploads\/2022\/07\/Egipt_foto1.jpg 1536w\" sizes=\"auto, (max-width: 225px) 100vw, 225px\" \/>&nbsp; &nbsp;<\/p>\n","protected":false},"excerpt":{"rendered":"<p>Evenimentul, organizat de UIP&nbsp; \u0219i Camera Reprezenta\u021bilor din Parlamentul egiptean, a reunit peste 170 de tineri parlamentari din 60 de \u021b\u0103ri \u0219i a avut tema general\u0103 Tinerii parlamentari pentru ac\u021biune climatic\u0103. Delega\u021bia GRUI a fost format\u0103 din deputa\u021bii Ileana Cristina Dumitrache, Bogdan-Gruia Ivan \u0219i Alexandru Popa. \u00cen deschiderea lucr\u0103rilor s-au adresat participan\u021bilor: Hanafy Ali Gibaly, [&hellip;]<\/p>\n","protected":false},"author":2,"featured_media":0,"comment_status":"closed","ping_status":"open","sticky":false,"template":"","format":"standard","meta":{"ngg_post_thumbnail":0,"footnotes":""},"categories":[3],"tags":[],"class_list":["post-2005","post","type-post","status-publish","format-standard","hentry","category-participare"],"_links":{"self":[{"href":"https:\/\/sites.senat.ro\/index.php?rest_route=\/wp\/v2\/posts\/2005","targetHints":{"allow":["GET"]}}],"collection":[{"href":"https:\/\/sites.senat.ro\/index.php?rest_route=\/wp\/v2\/posts"}],"about":[{"href":"https:\/\/sites.senat.ro\/index.php?rest_route=\/wp\/v2\/types\/post"}],"author":[{"embeddable":true,"href":"https:\/\/sites.senat.ro\/index.php?rest_route=\/wp\/v2\/users\/2"}],"replies":[{"embeddable":true,"href":"https:\/\/sites.senat.ro\/index.php?rest_route=%2Fwp%2Fv2%2Fcomments&post=2005"}],"version-history":[{"count":0,"href":"https:\/\/sites.senat.ro\/index.php?rest_route=\/wp\/v2\/posts\/2005\/revisions"}],"wp:attachment":[{"href":"https:\/\/sites.senat.ro\/index.php?rest_route=%2Fwp%2Fv2%2Fmedia&parent=2005"}],"wp:term":[{"taxonomy":"category","embeddable":true,"href":"https:\/\/sites.senat.ro\/index.php?rest_route=%2Fwp%2Fv2%2Fcategories&post=2005"},{"taxonomy":"post_tag","embeddable":true,"href":"https:\/\/sites.senat.ro\/index.php?rest_route=%2Fwp%2Fv2%2Ftags&post=2005"}],"curies":[{"name":"wp","href":"https:\/\/api.w.org\/{rel}","templated":true}]}}