{"id":1989,"date":"2022-06-22T10:20:16","date_gmt":"2022-06-22T10:20:16","guid":{"rendered":"http:\/\/sites.senat.ro\/?p=1989"},"modified":"2022-07-12T10:20:33","modified_gmt":"2022-07-12T10:20:33","slug":"conferinta-parlamentara-mondiala-cu-tema-parlamentele-si-compactele-globale-privind-migratia-si-refugiatii-istanbul-20-21-iunie-2022","status":"publish","type":"post","link":"https:\/\/sites.senat.ro\/?p=1989","title":{"rendered":"Conferin\u021ba parlamentar\u0103 mondial\u0103 cu tema \u201eParlamentele \u0219i Compactele globale privind migra\u021bia \u0219i refugia\u021bii\u201d (Istanbul, 20-21 iunie 2022)"},"content":{"rendered":"<p><img loading=\"lazy\" decoding=\"async\" class=\" wp-image-1990 alignleft\" src=\"https:\/\/sites.senat.ro\/wp-content\/uploads\/sites\/2\/2022\/07\/Turkey.jpg\" alt=\"\" width=\"141\" height=\"95\">La reuniunea organizat\u0103 de UIP \u0219i Marea Adunare Na\u021bional\u0103 a Republicii Turcia au participat delega\u021bii parlamentare din peste 50 de \u021b\u0103ri de pe toate continentele, &nbsp;reprezentan\u021bi ai \u00cenaltului Comisiariat ONU pentru Refugia\u021bi \u0219i ai Organiza\u021biei Interna\u021bionale pentru Migra\u021bie, ai societ\u0103\u021bii civile \u0219i mediului academic, precum \u0219i membri ai Executivului din \u021bara gazd\u0103. &nbsp;Delega\u021bia Parlamentului Rom\u00e2niei a fost format\u0103 din senatorii Silvia-Monica Dinic\u0103, vicepre\u0219edint\u0103 a GRUI, \u0219i Vasilic\u0103 Potec\u0103, membru al Comitetului Director al GRUI.<\/p>\n<p>Participan\u021bii au discutat despre progresele realizate \u0219i principalele obstacole \u00een implementarea celor dou\u0103 instrumente interna\u021bionale adoptate de ONU \u00een 2018, eviden\u021biind bune practici parlamentare \u0219i m\u0103suri concrete pe care parlamentele le pot lua, \u00een mod individual sau prin cooperare interna\u021bional\u0103, pentru o ac\u021biune c\u00e2t mai eficient\u0103 \u00een aceste domenii.<\/p>\n<p><em>Compactul global pentru o migra\u021bie sigur\u0103, ordonat\u0103 \u0219i reglementat\u0103 \u0219i Compactul global privind refugia\u021bii, ambele f\u0103r\u0103 for\u021b\u0103 juridic\u0103 obligatorie, ofer\u0103 statelor membre ONU un cadru de cooperare \u00een m\u0103sur\u0103 s\u0103 le ajute s\u0103 gestioneze eficient numeroasele provoc\u0103ri privind migra\u021bia \u0219i refugia\u021bii. Conform celor mai recente statistici ale \u00cenaltului Comisariat al ONU pentru refugia\u021bi, la ora actual\u0103 num\u0103rul refugia\u021bilor a ajuns, la nivel global, la 27,1 milioane, iar cel al persoanelor str\u0103mutate intern,&nbsp; la 53, 2 milioane. <\/em><\/p>\n<p>Programul conferin\u021bei a inclus \u0219ase sesiuni de dezbateri, pe urm\u0103toarele teme: <em>Standarde interna\u021bionale de guvernan\u021b\u0103, compactele globale \u0219i obiectivele politicilor globale: \u021binte, angajamente, progrese \u0219i \u00eent\u00e2rzieri \u00een implementare; Solu\u021bii durabile pentru migra\u021bia for\u021bat\u0103: combaterea cauzelor \u00een \u021b\u0103rile de origine; Gestionarea migra\u021biei ilegale \u0219i protec\u021bia drepturilor omului, inclusiv prin gestionarea frontierelor \u0219i combaterea criminalit\u0103\u021bii transfrontaliere; Distribuirea echitabil\u0103 a responsabilit\u0103\u021bii \u0219i sarcinilor \u00een domeniul migra\u021biei; Schimb\u00e2nd via\u021ba migran\u021bilor \u0219i refugia\u021bilor \u2013 demnitate uman\u0103, incluziune \u0219i coeziune social\u0103; Experien\u021ba Turciei ca \u021bar\u0103 care g\u0103zduie\u0219te cel mai mare num\u0103r de imigran\u021bi din lume.<\/em><\/p>\n<p><img loading=\"lazy\" decoding=\"async\" class=\"size-medium wp-image-1993 aligncenter\" src=\"https:\/\/sites.senat.ro\/wp-content\/uploads\/sites\/2\/2022\/07\/Migratie_Istanbul_foto3-283x300.jpeg\" alt=\"\" width=\"283\" height=\"300\" srcset=\"https:\/\/sites.senat.ro\/wp-content\/uploads\/2022\/07\/Migratie_Istanbul_foto3-283x300.jpeg 283w, https:\/\/sites.senat.ro\/wp-content\/uploads\/2022\/07\/Migratie_Istanbul_foto3.jpeg 768w, https:\/\/sites.senat.ro\/wp-content\/uploads\/2022\/07\/Migratie_Istanbul_foto3-732x775.jpeg 732w\" sizes=\"auto, (max-width: 283px) 100vw, 283px\" \/>La invita\u021bia organizatorilor, senatoarea Silvia-Monica Dinic\u0103 a moderat prima sesiune,&nbsp; la care au f\u0103cut prezent\u0103ri introductive: pre\u0219edinta parlamentului din Azerbaidjan, Sahiba Gafarova; reprezentantul \u00cenaltului Comisariat al ONU pentru Refugia\u021bi \u00een Turcia, Philippe Leclerc; \u0219eful Misiunii Organiza\u021biei Interna\u021bionale pentru Migra\u021bie \u00een Turcia, Gerard Karl Waite; pre\u0219edintele organiza\u021biei <em>Global Migration Policy Associates, <\/em>Patrick Taran. \u00cen calitate de moderator, vicepre\u0219edinta GRUI a adresat o serie de \u00eentreb\u0103ri paneli\u0219tilor, invit\u00e2ndu-i s\u0103 analizeze stadiul punerii \u00een aplicare a compactelor globale, s\u0103 eviden\u021bieze elementele de leg\u0103tur\u0103 dintre cele dou\u0103 acorduri, natura angajamentelor pe care le presupun \u0219i modul \u00een care ele completeaz\u0103 \u0219i sus\u021bin cadrul normativ deja existent (alc\u0103tuit din conven\u021biile interna\u021bionale privind drepturile omului, standardele interna\u021bionale \u00een domeniul muncii, instrumentele regionale \u0219i globale privind refugia\u021bii \u0219.a.) \u0219i s\u0103-\u0219i exprime opiniile cu privire la ac\u021biunile care ar putea fi \u00eentreprinse la nivel parlamentar pentru accelerarea procesului de transpunere \u00een practic\u0103 a prevederilor celor dou\u0103 instrumente.<\/p>\n<p><img loading=\"lazy\" decoding=\"async\" class=\"size-medium wp-image-1992 alignleft\" src=\"https:\/\/sites.senat.ro\/wp-content\/uploads\/sites\/2\/2022\/07\/Migratie_Istanbul_foto2-225x300.jpeg\" alt=\"\" width=\"225\" height=\"300\" srcset=\"https:\/\/sites.senat.ro\/wp-content\/uploads\/2022\/07\/Migratie_Istanbul_foto2-225x300.jpeg 225w, https:\/\/sites.senat.ro\/wp-content\/uploads\/2022\/07\/Migratie_Istanbul_foto2.jpeg 712w\" sizes=\"auto, (max-width: 225px) 100vw, 225px\" \/>\u00cen cadrul sesiunii finale a conferin\u021bei, intitulat\u0103 <em>Schimb\u00e2nd via\u021ba migran\u021bilor \u0219i refugia\u021bilor: demnitate uman\u0103, incluziune \u0219i coeziune social\u0103<\/em>, senatoarea Dinic\u0103 a eviden\u021biat aportul substan\u021bial al Rom\u00e2niei \u00een gestionarea crizei umanitare generat\u0103 de agresiunea militar\u0103 rus\u0103 \u00een Ucraina, manifest\u0103rile de solidaritate ale cet\u0103\u021benilor rom\u00e2ni \u0219i m\u0103surile adoptate de autorit\u0103\u021bi, inclusiv \u00een plan legislativ, pentru protec\u021bia refugia\u021bilor \u0219i facilitarea accesului lor la servicii sociale \u0219i de s\u0103n\u0103tate, la educa\u021bie \u0219i locuri de munc\u0103. A precizat, de asemenea, c\u0103 implicarea Rom\u00e2niei \u00een gestionarea situa\u021biei refugia\u021bilor din Ucraina se afl\u0103 \u00een etapa de tranzi\u021bie de la ajutorul de urgen\u021b\u0103 la m\u0103suri concertate pe termen mai lung \u0219i a subliniat importan\u021ba cooper\u0103rii \u0219i coordon\u0103rii, \u00een ambele etape, \u00eentre to\u021bi factorii implica\u021bi: autorit\u0103\u021bi centrale \u0219i locale, parlament, organiza\u021bii interna\u021bionale, organiza\u021bii ale societ\u0103\u021bii civile.<\/p>\n<p>Vicepre\u0219edinta GRUI a ad\u0103ugat c\u0103 ajutorul umanitar este doar o parte a solu\u021biei, ar\u0103t\u00e2nd c\u0103 &#8222;aceast\u0103 conferin\u021b\u0103 trebuie s\u0103 reconfirme contribu\u021bia esen\u021bial\u0103 a parlamentelor \u0219i organiza\u021biilor interparlamentare la eliminarea cauzelor care conduc la str\u0103mut\u0103ri for\u021bate de popula\u021bie, at\u00e2t de numeroase la scar\u0103 global\u0103. Parlamentele trebuie s\u0103 fie primele care se ridic\u0103 \u00een ap\u0103rarea valorilor democratice fundamentale, a drepturilor omului \u0219i a ordinii interna\u021bionale bazat\u0103 pe reguli, factori esen\u021biali \u00een asigurarea p\u0103cii \u0219i stabilit\u0103\u021bii&#8221;.<\/p>\n<p>Concluziile conferin\u021bei, prezentate de prim vicepre\u0219edintele Adun\u0103rii Na\u021bionale din Ghana, Joseph Osei Owusu, eviden\u021biaz\u0103 principalele recomand\u0103ri formulate de participan\u021bi, care vizeaz\u0103, \u00een principal, dou\u0103 direc\u021bii de ac\u021biune: <em>integrarea standardelor interna\u021bionale \u00een legisla\u021bia na\u021bional\u0103<\/em>, inclusiv prin promovarea c\u0103ilor de migra\u021bie reglementate \u0219i a libert\u0103\u021bii de mi\u0219care, \u0219i, respectiv, <em>abordarea cauzelor profunde ale migra\u021biei for\u021bate<\/em>.<\/p>\n<p><img loading=\"lazy\" decoding=\"async\" class=\"size-medium wp-image-1991 aligncenter\" src=\"https:\/\/sites.senat.ro\/wp-content\/uploads\/sites\/2\/2022\/07\/Migratie_Istanbul_foto1-300x202.jpeg\" alt=\"\" width=\"300\" height=\"202\" srcset=\"https:\/\/sites.senat.ro\/wp-content\/uploads\/2022\/07\/Migratie_Istanbul_foto1-300x202.jpeg 300w, https:\/\/sites.senat.ro\/wp-content\/uploads\/2022\/07\/Migratie_Istanbul_foto1.jpeg 768w, https:\/\/sites.senat.ro\/wp-content\/uploads\/2022\/07\/Migratie_Istanbul_foto1-732x493.jpeg 732w\" sizes=\"auto, (max-width: 300px) 100vw, 300px\" \/><\/p>\n<p>&nbsp;<\/p>\n<p>&nbsp;<\/p>\n","protected":false},"excerpt":{"rendered":"<p>La reuniunea organizat\u0103 de UIP \u0219i Marea Adunare Na\u021bional\u0103 a Republicii Turcia au participat delega\u021bii parlamentare din peste 50 de \u021b\u0103ri de pe toate continentele, &nbsp;reprezentan\u021bi ai \u00cenaltului Comisiariat ONU pentru Refugia\u021bi \u0219i ai Organiza\u021biei Interna\u021bionale pentru Migra\u021bie, ai societ\u0103\u021bii civile \u0219i mediului academic, precum \u0219i membri ai Executivului din \u021bara gazd\u0103. &nbsp;Delega\u021bia Parlamentului Rom\u00e2niei [&hellip;]<\/p>\n","protected":false},"author":2,"featured_media":0,"comment_status":"closed","ping_status":"open","sticky":false,"template":"","format":"standard","meta":{"ngg_post_thumbnail":0,"footnotes":""},"categories":[3],"tags":[],"class_list":["post-1989","post","type-post","status-publish","format-standard","hentry","category-participare"],"_links":{"self":[{"href":"https:\/\/sites.senat.ro\/index.php?rest_route=\/wp\/v2\/posts\/1989","targetHints":{"allow":["GET"]}}],"collection":[{"href":"https:\/\/sites.senat.ro\/index.php?rest_route=\/wp\/v2\/posts"}],"about":[{"href":"https:\/\/sites.senat.ro\/index.php?rest_route=\/wp\/v2\/types\/post"}],"author":[{"embeddable":true,"href":"https:\/\/sites.senat.ro\/index.php?rest_route=\/wp\/v2\/users\/2"}],"replies":[{"embeddable":true,"href":"https:\/\/sites.senat.ro\/index.php?rest_route=%2Fwp%2Fv2%2Fcomments&post=1989"}],"version-history":[{"count":0,"href":"https:\/\/sites.senat.ro\/index.php?rest_route=\/wp\/v2\/posts\/1989\/revisions"}],"wp:attachment":[{"href":"https:\/\/sites.senat.ro\/index.php?rest_route=%2Fwp%2Fv2%2Fmedia&parent=1989"}],"wp:term":[{"taxonomy":"category","embeddable":true,"href":"https:\/\/sites.senat.ro\/index.php?rest_route=%2Fwp%2Fv2%2Fcategories&post=1989"},{"taxonomy":"post_tag","embeddable":true,"href":"https:\/\/sites.senat.ro\/index.php?rest_route=%2Fwp%2Fv2%2Ftags&post=1989"}],"curies":[{"name":"wp","href":"https:\/\/api.w.org\/{rel}","templated":true}]}}