{"id":1977,"date":"2022-02-19T07:44:23","date_gmt":"2022-02-19T07:44:23","guid":{"rendered":"http:\/\/sites.senat.ro\/?p=1977"},"modified":"2022-07-12T10:16:53","modified_gmt":"2022-07-12T10:16:53","slug":"audierile-parlamentare-la-natiunile-unite-new-york-17-18-februarie-2022","status":"publish","type":"post","link":"https:\/\/sites.senat.ro\/?p=1977","title":{"rendered":"Audierile Parlamentare la Na\u021biunile Unite (New York, 17-18 februarie 2022)"},"content":{"rendered":"<p><img loading=\"lazy\" decoding=\"async\" class=\" wp-image-202 alignleft\" src=\"https:\/\/sites.senat.ro\/wp-content\/uploads\/sites\/2\/2018\/03\/UN.png\" alt=\"\" width=\"92\" height=\"77\">Tema general\u0103 a edi\u021biei 2022 a Audierilor s-a intitulat <em>Mobilizarea sprijinului politic \u0219i adoptarea unor m\u0103suri incluzive pentru o redresare&nbsp;durabil\u0103<\/em><em>.<strong>&nbsp;<\/strong><\/em>Pe fondul prelungirii impactului pandemiei de COVID-19 \u00een plan economic \u0219i social, participan\u021bii au discutat despre m\u0103surile ce trebuie \u00eentreprinse de parlamente, guverne \u0219i la nivelul ONU pentru <em>reducerea inegalit\u0103\u021bilor economice la scar\u0103 global\u0103<\/em>, <em>incluziunea tinerilor \u0219i realizarea echit\u0103\u021bii intergenera\u021bionale, ap\u0103rarea drepturilor persoanelor apar\u021bin\u00e2nd unor grupuri vulnerabile, integrarea egalit\u0103\u021bii de gen \u00een procesele decizionale <\/em>\u0219i <em>contracararea crizei climatice<\/em>.<\/p>\n<p>La lucr\u0103ri au participat delega\u021bii parlamentare din 70 de \u021b\u0103ri, oficiali ai UIP \u0219i din sistemul Na\u021biunilor Unite, exper\u021bi interna\u021bionali, reprezentan\u021bi ai corpului diplomatic \u0219i ai societ\u0103\u021bii civile \u0219.a. Din delega\u021bia GRUI au f\u0103cut parte: senatoarea Silvia-Monica Dinic\u0103, vicepre\u0219edint\u0103 a GRUI; senatorul Vasilic\u0103 Potec\u0103, membru al Comitetului Director al GRUI; deputatul Gabriel-Valer Zetea, membru al GRUI.<\/p>\n<p><img loading=\"lazy\" decoding=\"async\" class=\"size-medium wp-image-1985 aligncenter\" src=\"https:\/\/sites.senat.ro\/wp-content\/uploads\/sites\/2\/2022\/07\/Audieri_3-300x225.jpg\" alt=\"\" width=\"300\" height=\"225\" srcset=\"https:\/\/sites.senat.ro\/wp-content\/uploads\/2022\/07\/Audieri_3-300x225.jpg 300w, https:\/\/sites.senat.ro\/wp-content\/uploads\/2022\/07\/Audieri_3-768x576.jpg 768w, https:\/\/sites.senat.ro\/wp-content\/uploads\/2022\/07\/Audieri_3-1024x768.jpg 1024w, https:\/\/sites.senat.ro\/wp-content\/uploads\/2022\/07\/Audieri_3-732x549.jpg 732w, https:\/\/sites.senat.ro\/wp-content\/uploads\/2022\/07\/Audieri_3-1140x855.jpg 1140w, https:\/\/sites.senat.ro\/wp-content\/uploads\/2022\/07\/Audieri_3.jpg 2016w\" sizes=\"auto, (max-width: 300px) 100vw, 300px\" \/><\/p>\n<p>&nbsp;<\/p>\n<p>\u00centr-o prim\u0103 interven\u021bie, \u00een cadrul sesiunii privind <em>cauzele \u0219i posibile solu\u021bii de reducere a inegalit\u0103\u021bilor economice<\/em>, senatoarea Silvia-Monica Dinic\u0103 s-a referit la m\u0103surile legislative \u0219i financiare adoptate de Rom\u00e2nia pentru sus\u021binerea sectorului economic \u00een perioada pandemiei. Totodat\u0103, a subliniat c\u0103 economiile puternic divizate, marcate de inegalit\u0103\u021bi, trebuie \u00eenlocuite cu economii \u00een care valoarea este distribuit\u0103 mai echitabil \u00eentre cei care o produc, iar redresarea post-COVID-19, av\u00e2nd ca obiectiv promovarea unei societ\u0103\u021bi incluzive, trebuie s\u0103 se concentreze \u00een dou\u0103 direc\u021bii principale: facilitarea accesului la educa\u021bie de calitate, munc\u0103 \u0219i s\u0103n\u0103tate pentru to\u021bi \u0219i promovarea principiilor echit\u0103\u021bii \u0219i \u0219anselor egale prin guvernan\u021b\u0103, legisla\u021bie, politici, sistem fiscal \u0219i programe de protec\u021bie social\u0103. &#8222;Astfel, vom crea economii dinamice, \u00een care oamenii pot s\u0103 \u00ee\u0219i construiasc\u0103 singuri viitorul, depinz\u00e2nd c\u00e2t mai pu\u021bin de sprijin din partea statului&#8221;, a ar\u0103tat vicepre\u0219edinta GRUI.<\/p>\n<p>Cu ocazia dezbaterilor privind <em>incluziunea tinerilor \u0219i nevoia de justi\u021bie intergenera\u021bional\u0103<\/em>, deputatul Gabriel-Valer Zetea a eviden\u021biat impactul negativ al pandemiei asupra tinerilor, concretizat \u00een limitarea accesului la educa\u021bie \u0219i pe pia\u021ba muncii, dar \u0219i contribu\u021bia important\u0103 a tinerilor la gestionarea crizei, prin asumarea unor roluri de prim\u0103 linie \u00een combaterea pandemiei \u0219i acordarea de sprijin comunit\u0103\u021bilor din care fac parte. Reprezentantul GRUI a prezentat principalele repere ale <em>Strategiei na\u021bionale pentru ocuparea for\u021bei de munc\u0103 2021-2027<\/em> \u0219i, \u00een calitate de t\u00e2n\u0103r parlamentar, a subliniat c\u0103 incluziunea tinerilor, absolut necesar\u0103 pentru o redresare durabil\u0103, trebuie s\u0103 le ofere acestora puterea de a influen\u021ba, \u00een mod real, elaborarea agendei politice, a legisla\u021biei \u0219i politicilor publice. Cre\u0219terea num\u0103rului de tineri parlamentari poate contribui la consolidarea capacit\u0103\u021bii parlamentelor de a se ocupa de nevoile \u0219i interesele tinerei genera\u021bii, sub toate aspectele: reforme \u00een educa\u021bie, acces pe pia\u021ba muncii sau combaterea discrimin\u0103rii tinerilor. \u00cen continuare, a atras aten\u021bia c\u0103 obiectivele care se afl\u0103 pe agenda Audierilor &#8211; reducerea inegalit\u0103\u021bilor economice \u0219i de gen, consolidarea statutului tinerilor, ap\u0103rarea drepturilor omului ale persoanelor vulnerabile sau combaterea schimb\u0103rilor climatice \u2013 &#8222;nu \u00eenseamn\u0103 nimic \u00een absen\u021ba p\u0103cii&#8221;. Deputatul \u0219i-a exprimat \u00eengrijorarea \u00een privin\u021ba situa\u021biei din Ucraina, preciz\u00e2nd c\u0103 \u00een circumscrip\u021bia sa, Maramure\u0219, care are o grani\u021b\u0103 de 200 de km cu aceast\u0103 \u021bar\u0103, se pot resim\u021bi direct efectele destabilizatoare pe care amenin\u021barea r\u0103zboiului le are asupra economiei, \u0219i a adresat colegilor s\u0103i parlamentari, reprezentan\u021bi ai statelor membre ONU, precum \u0219i forurilor directoare&nbsp; ale Na\u021biunilor Unite, apelul de a adopta o atitudine mai ferm\u0103 \u00een favoarea p\u0103cii, ca fundament al dezvolt\u0103rii viitoare.<\/p>\n<p><img loading=\"lazy\" decoding=\"async\" class=\"size-medium wp-image-1984 alignleft\" src=\"https:\/\/sites.senat.ro\/wp-content\/uploads\/sites\/2\/2022\/07\/Audieri_2-225x300.jpg\" alt=\"\" width=\"225\" height=\"300\" srcset=\"https:\/\/sites.senat.ro\/wp-content\/uploads\/2022\/07\/Audieri_2-225x300.jpg 225w, https:\/\/sites.senat.ro\/wp-content\/uploads\/2022\/07\/Audieri_2-768x1024.jpg 768w, https:\/\/sites.senat.ro\/wp-content\/uploads\/2022\/07\/Audieri_2-732x976.jpg 732w, https:\/\/sites.senat.ro\/wp-content\/uploads\/2022\/07\/Audieri_2-1140x1520.jpg 1140w, https:\/\/sites.senat.ro\/wp-content\/uploads\/2022\/07\/Audieri_2.jpg 1512w\" sizes=\"auto, (max-width: 225px) 100vw, 225px\" \/>\u00cen cadrul dezbaterii dedicate <em>egalit\u0103\u021bii de gen \u00een procesele decizionale<\/em>, senatoarea Silvia-Monica Dinic\u0103 a ar\u0103tat c\u0103 pandemia de COVID-19 a ad\u00e2ncit inegalit\u0103\u021bile dintre b\u0103rba\u021bi \u0219i femei, expun\u00e2nd \u00een mod dispropor\u021bionat femeile la violen\u021b\u0103 \u0219i presiuni socio-economice. A ad\u0103ugat c\u0103 aceast\u0103 provocare poate fi transformat\u0103 \u00eentr-o oportunitate, dac\u0103 ne asigur\u0103m c\u0103 solu\u021biile la actuala criz\u0103 r\u0103spund intereselor \u0219i nevoilor ambelor sexe. Vicepre\u0219edinta GRUI a men\u021bionat demersurile Parlamentului pentru integrarea dimensiunii de gen \u00een legisla\u021bia adoptat\u0103 \u00een contextul pandemiei \u0219i a precizat c\u0103 promovarea particip\u0103rii femeilor \u00een parlament \u0219i \u00een procesele decizionale la toate nivelurile presupune nu doar revizuirea codurilor electorale \u0219i a legilor privind egalitatea de gen \u0219i finan\u021barea partidelor politice, ci un efort amplu de integrare a &nbsp;perspectivei de gen \u00een toate domeniile.<\/p>\n<p>\u00cen calitate de pre\u0219edint\u0103 a Comisiei pentru \u0219tiin\u021b\u0103, inova\u021bie \u0219i tehnologie a Senatului \u0219i de membr\u0103 a Grupului UIP pentru \u0219tiin\u021b\u0103 \u0219i tehnologie, senatoarea Dinic\u0103 a ad\u0103ugat c\u0103 ac\u021biunile \u00een sprijinul consolid\u0103rii statutului femeilor trebuie s\u0103 includ\u0103 \u0219i o component\u0103 digital\u0103. &#8222;Dac\u0103 nu reu\u0219im s\u0103 facem asta, vom rata numeroase oportunit\u0103\u021bi economice \u0219i sociale \u0219i inegalitatea de gen se va accentua&#8221;.<\/p>\n<p style=\"text-align: center\">***<\/p>\n<p>Programul Audierilor a inclus \u0219i un briefing cu tema <em>Parlamentele la ONU, pentru un multilateralism mai eficace \u00een abordarea provoc\u0103rilor globale, <\/em>la care au fost prezentate principalele c\u0103i \u0219i mijloace prin care UIP \u0219i parlamentele membre pot ac\u021biona pentru influen\u021barea proceselor decizionale la nivelul ONU \u0219i transpunerea efectiv\u0103 \u00een practic\u0103 a acordurilor multilaterale<\/p>\n","protected":false},"excerpt":{"rendered":"<p>Tema general\u0103 a edi\u021biei 2022 a Audierilor s-a intitulat Mobilizarea sprijinului politic \u0219i adoptarea unor m\u0103suri incluzive pentru o redresare&nbsp;durabil\u0103.&nbsp;Pe fondul prelungirii impactului pandemiei de COVID-19 \u00een plan economic \u0219i social, participan\u021bii au discutat despre m\u0103surile ce trebuie \u00eentreprinse de parlamente, guverne \u0219i la nivelul ONU pentru reducerea inegalit\u0103\u021bilor economice la scar\u0103 global\u0103, incluziunea tinerilor [&hellip;]<\/p>\n","protected":false},"author":2,"featured_media":0,"comment_status":"closed","ping_status":"open","sticky":false,"template":"","format":"standard","meta":{"ngg_post_thumbnail":0,"footnotes":""},"categories":[3],"tags":[],"class_list":["post-1977","post","type-post","status-publish","format-standard","hentry","category-participare"],"_links":{"self":[{"href":"https:\/\/sites.senat.ro\/index.php?rest_route=\/wp\/v2\/posts\/1977","targetHints":{"allow":["GET"]}}],"collection":[{"href":"https:\/\/sites.senat.ro\/index.php?rest_route=\/wp\/v2\/posts"}],"about":[{"href":"https:\/\/sites.senat.ro\/index.php?rest_route=\/wp\/v2\/types\/post"}],"author":[{"embeddable":true,"href":"https:\/\/sites.senat.ro\/index.php?rest_route=\/wp\/v2\/users\/2"}],"replies":[{"embeddable":true,"href":"https:\/\/sites.senat.ro\/index.php?rest_route=%2Fwp%2Fv2%2Fcomments&post=1977"}],"version-history":[{"count":0,"href":"https:\/\/sites.senat.ro\/index.php?rest_route=\/wp\/v2\/posts\/1977\/revisions"}],"wp:attachment":[{"href":"https:\/\/sites.senat.ro\/index.php?rest_route=%2Fwp%2Fv2%2Fmedia&parent=1977"}],"wp:term":[{"taxonomy":"category","embeddable":true,"href":"https:\/\/sites.senat.ro\/index.php?rest_route=%2Fwp%2Fv2%2Fcategories&post=1977"},{"taxonomy":"post_tag","embeddable":true,"href":"https:\/\/sites.senat.ro\/index.php?rest_route=%2Fwp%2Fv2%2Ftags&post=1977"}],"curies":[{"name":"wp","href":"https:\/\/api.w.org\/{rel}","templated":true}]}}