{"id":19,"date":"2018-05-17T09:20:10","date_gmt":"2018-05-17T09:20:10","guid":{"rendered":"http:\/\/sites.senat.ro\/?p=19"},"modified":"2019-01-23T10:06:30","modified_gmt":"2019-01-23T10:06:30","slug":"in-ziua-de-15-mai-un-grup-de-membri-ai-comitetului-director-al-grui-a-avut-o-intrevedere-cu-delegatia-parlamentara-mexicana-condusa-de-dl-deputat-victor-giorgana-presedintele-comisiei-pentru-relati","status":"publish","type":"post","link":"https:\/\/sites.senat.ro\/?p=19","title":{"rendered":"\u00centrevederea membrilor Comitetului Director al GRUI cu delega\u021bia parlamentar\u0103 mexican\u0103 condus\u0103 de dl deputat Victor Giorgana, pre\u0219edintele Comisiei pentru rela\u021bii externe a Camerei Deputa\u021bilor a Statelor Unite Mexicane (Bucure\u0219ti, 15 mai 2018)"},"content":{"rendered":"<p style=\"text-align: justify\">\u00cen ziua de 15 mai, un grup de membri ai Comitetului Director al GRUI a avut o&nbsp; \u00eentrevedere cu delega\u021bia parlamentar\u0103 mexican\u0103 condus\u0103 de dl deputat Victor Giorgana, pre\u0219edintele Comisiei pentru rela\u021bii externe a Camerei Deputa\u021bilor a Statelor Unite Mexicane, care a efectuat o vizit\u0103 oficial\u0103 \u00een Rom\u00e2nia, \u00een perioada 14-16 mai. Din delega\u021bie au f\u0103cut parte: dna deputat Rub\u00ed Cardoso, secretar al Comisiei pentru tineret din Camera Deputa\u021bilor; E.S. dl Jos\u00e9 Guillermo Ordorica Robles, ambasadorul Statelor Unite Mexicane \u00een Rom\u00e2nia; dl Carlos Garcia Delgado, consilier \u0219i dl Martin A. Borrego Llorente, secretar III \u00een cadrul Ambasadei.<\/p>\n<p style=\"text-align: justify\">Din partea Comitetului Director al GRUI au participat&nbsp;: dl <strong>senator Derzsi \u00c1kos<\/strong>, membru al Biroului Executiv al GRUI; dl <strong>deputat Iuliu Nosa<\/strong>, pre\u0219edintele Grupului parlamentar de prietenie Rom\u00e2nia-Mexic; dl <strong>deputat Ionel Pal\u0103r<\/strong>, pre\u0219edintele Comisiei permanente comune a Camerei Deputa\u021bilor \u0219i Senatului pentru rela\u021bia cu UNESCO; dl <strong>deputat Valeriu-Andrei Steriu<\/strong>, membru al Grupului parlamentar de prietenie Rom\u00e2nia-Mexic. Din partea GRUI a fost prezent\u0103 \u0219i dna <strong>senator Silvia-Monica Dinic\u0103<\/strong>, membr\u0103 a Biroului Comisiei UIP pentru dezvoltare durabil\u0103, finan\u021be \u0219i comer\u021b.<\/p>\n<p style=\"text-align: center\"><img loading=\"lazy\" decoding=\"async\" class=\"alignnone size-medium wp-image-177\" src=\"https:\/\/sites.senat.ro\/wp-content\/uploads\/sites\/2\/2018\/05\/DSC_6620_resize-300x200.jpg\" alt=\"\" width=\"300\" height=\"200\" srcset=\"https:\/\/sites.senat.ro\/wp-content\/uploads\/2018\/05\/DSC_6620_resize-300x200.jpg 300w, https:\/\/sites.senat.ro\/wp-content\/uploads\/2018\/05\/DSC_6620_resize-768x511.jpg 768w, https:\/\/sites.senat.ro\/wp-content\/uploads\/2018\/05\/DSC_6620_resize-732x487.jpg 732w, https:\/\/sites.senat.ro\/wp-content\/uploads\/2018\/05\/DSC_6620_resize.jpg 800w\" sizes=\"auto, (max-width: 300px) 100vw, 300px\" \/> <img loading=\"lazy\" decoding=\"async\" class=\"alignnone size-medium wp-image-178\" src=\"https:\/\/sites.senat.ro\/wp-content\/uploads\/sites\/2\/2018\/05\/DSC_6624_resize-300x200.jpg\" alt=\"\" width=\"300\" height=\"200\" srcset=\"https:\/\/sites.senat.ro\/wp-content\/uploads\/2018\/05\/DSC_6624_resize-300x200.jpg 300w, https:\/\/sites.senat.ro\/wp-content\/uploads\/2018\/05\/DSC_6624_resize-768x511.jpg 768w, https:\/\/sites.senat.ro\/wp-content\/uploads\/2018\/05\/DSC_6624_resize-732x487.jpg 732w, https:\/\/sites.senat.ro\/wp-content\/uploads\/2018\/05\/DSC_6624_resize.jpg 800w\" sizes=\"auto, (max-width: 300px) 100vw, 300px\" \/>&nbsp;<\/p>\n<p style=\"text-align: justify\">\u00cen cadrul convorbirilor, oaspe\u021bii au subliniat importan\u021ba pe care Mexicul o acord\u0103 \u00eembun\u0103t\u0103\u021birii \u0219i consolid\u0103rii rela\u021biilor bilaterale cu Rom\u00e2nia. \u0218eful delega\u021biei mexicane a adresat mul\u021bumiri pentru sus\u021binerea, de c\u0103tre GRUI, \u00een 2017, a candidaturii dnei Gabriela Cuevas Barron la func\u021bia de pre\u0219edinte al UIP \u0219i au f\u0103cut o prezentare succint\u0103 a reformelor interne care au avut loc \u00een Mexic \u00een ultimii ani \u0219i care au condus la schimb\u0103ri profunde \u00een domeniile educa\u021biei, finan\u021belor, energiei \u0219i al muncii, precum \u0219i \u00een combaterea corup\u021biei. Delega\u021bia mexican\u0103 a subliniat c\u0103 partidele din Mexic, f\u0103r\u0103 excep\u021bie, acord\u0103 o importan\u021b\u0103 deosebit\u0103 promov\u0103rii femeilor \u00een via\u021ba politic\u0103, prin alocarea a 50% din locuri pe listele de candida\u021bi pentru parlament. \u00cen plan interna\u021bional, oaspe\u021bii au men\u021bionat interesul pentru consolidarea prezen\u021bei Mexicului la nivel global, eviden\u021biind necesitatea dezvolt\u0103rii rela\u021biilor dintre Mexic \u0219i statele membre UE, pe baza Acordului global UE-Mexic modernizat.<\/p>\n<p style=\"text-align: center\"><img loading=\"lazy\" decoding=\"async\" class=\"alignnone size-medium wp-image-179\" src=\"https:\/\/sites.senat.ro\/wp-content\/uploads\/sites\/2\/2018\/05\/DSC_6638_resize-300x200.jpg\" alt=\"\" width=\"300\" height=\"200\" srcset=\"https:\/\/sites.senat.ro\/wp-content\/uploads\/2018\/05\/DSC_6638_resize-300x200.jpg 300w, https:\/\/sites.senat.ro\/wp-content\/uploads\/2018\/05\/DSC_6638_resize-768x511.jpg 768w, https:\/\/sites.senat.ro\/wp-content\/uploads\/2018\/05\/DSC_6638_resize-732x487.jpg 732w, https:\/\/sites.senat.ro\/wp-content\/uploads\/2018\/05\/DSC_6638_resize.jpg 800w\" sizes=\"auto, (max-width: 300px) 100vw, 300px\" \/> <img loading=\"lazy\" decoding=\"async\" class=\"alignnone size-medium wp-image-180\" src=\"https:\/\/sites.senat.ro\/wp-content\/uploads\/sites\/2\/2018\/05\/DSC_6674_resize-300x200.jpg\" alt=\"\" width=\"300\" height=\"200\" srcset=\"https:\/\/sites.senat.ro\/wp-content\/uploads\/2018\/05\/DSC_6674_resize-300x200.jpg 300w, https:\/\/sites.senat.ro\/wp-content\/uploads\/2018\/05\/DSC_6674_resize-768x511.jpg 768w, https:\/\/sites.senat.ro\/wp-content\/uploads\/2018\/05\/DSC_6674_resize-732x487.jpg 732w, https:\/\/sites.senat.ro\/wp-content\/uploads\/2018\/05\/DSC_6674_resize.jpg 800w\" sizes=\"auto, (max-width: 300px) 100vw, 300px\" \/><\/p>\n<p style=\"text-align: justify\">Parlamentarii rom\u00e2ni au salutat colaborarea excelent\u0103 dintre cele dou\u0103 \u021b\u0103ri, at\u00e2t \u00een plan bilateral, c\u00e2t \u0219i la nivelul Uniunii Interparlamentare, au apreciat dinamismul noii pre\u0219edin\u021bii mexicane a UIP \u0219i aten\u021bia acordat\u0103 de noua pre\u0219edint\u0103 m\u0103surilor de consolidare a profilului UIP pe scena interna\u021bional\u0103. \u00cen acela\u0219i timp, au reiterat angajamentul GRUI \u00een sprijinul obiectivelor UIP, prin implicarea nemijlocit\u0103 \u00een elaborarea documentelor politice ale Uniunii \u0219i afirmarea Parlamentului Rom\u00e2niei ca punct focal al abord\u0103rii, din perspectiv\u0103 regional\u0103, a principalelor teme de pe agenda organiza\u021biei. Gazdele \u0219i-au exprimat dorin\u021ba de intensificare a dialogului parlamentar \u0219i de identificare a unor noi c\u0103i de conlucrare la diferite niveluri, \u00een domenii de interes comun, precum dezvoltarea durabil\u0103. De asemenea, \u00een contextul prezent\u0103rii obiectivelor Comisiei comune a Camerei Deputa\u021bilor \u0219i Senatului pentru rela\u021bia cu UNESCO, parlamentarii rom\u00e2ni \u0219i-au manifestat interesul pentru stabilirea de noi parteneriate culturale \u00eentre Rom\u00e2nia \u0219i Mexic, ca vectori ai dezvolt\u0103rii cooper\u0103rii bilaterale, \u00een ansamblul s\u0103u.<\/p>\n<p style=\"text-align: justify\">La finalul convorbirilor, partea mexican\u0103 a felicitat Rom\u00e2nia \u00een contextul anivers\u0103rii Centenarului Marii Uniri \u0219i a adresat reprezentan\u021bilor GRUI invita\u021bia de a efectua o vizit\u0103 oficial\u0103 \u00een Mexic.<\/p>\n<p><img loading=\"lazy\" decoding=\"async\" class=\" wp-image-181 aligncenter\" src=\"https:\/\/sites.senat.ro\/wp-content\/uploads\/sites\/2\/2018\/05\/DSC_6725_resize-300x200.jpg\" alt=\"\" width=\"321\" height=\"214\" srcset=\"https:\/\/sites.senat.ro\/wp-content\/uploads\/2018\/05\/DSC_6725_resize-300x200.jpg 300w, https:\/\/sites.senat.ro\/wp-content\/uploads\/2018\/05\/DSC_6725_resize-768x511.jpg 768w, https:\/\/sites.senat.ro\/wp-content\/uploads\/2018\/05\/DSC_6725_resize-732x487.jpg 732w, https:\/\/sites.senat.ro\/wp-content\/uploads\/2018\/05\/DSC_6725_resize.jpg 800w\" sizes=\"auto, (max-width: 321px) 100vw, 321px\" \/><\/p>\n<p>&nbsp;<\/p>\n","protected":false},"excerpt":{"rendered":"<p>\u00cen ziua de 15 mai, un grup de membri ai Comitetului Director al GRUI a avut o&nbsp; \u00eentrevedere cu delega\u021bia parlamentar\u0103 mexican\u0103 condus\u0103 de dl deputat Victor Giorgana, pre\u0219edintele Comisiei pentru rela\u021bii externe a Camerei Deputa\u021bilor a Statelor Unite Mexicane, care a efectuat o vizit\u0103 oficial\u0103 \u00een Rom\u00e2nia, \u00een perioada 14-16 mai. Din delega\u021bie au [&hellip;]<\/p>\n","protected":false},"author":1,"featured_media":0,"comment_status":"closed","ping_status":"open","sticky":false,"template":"","format":"standard","meta":{"ngg_post_thumbnail":0,"footnotes":""},"categories":[5],"tags":[],"class_list":["post-19","post","type-post","status-publish","format-standard","hentry","category-evenimente"],"_links":{"self":[{"href":"https:\/\/sites.senat.ro\/index.php?rest_route=\/wp\/v2\/posts\/19","targetHints":{"allow":["GET"]}}],"collection":[{"href":"https:\/\/sites.senat.ro\/index.php?rest_route=\/wp\/v2\/posts"}],"about":[{"href":"https:\/\/sites.senat.ro\/index.php?rest_route=\/wp\/v2\/types\/post"}],"author":[{"embeddable":true,"href":"https:\/\/sites.senat.ro\/index.php?rest_route=\/wp\/v2\/users\/1"}],"replies":[{"embeddable":true,"href":"https:\/\/sites.senat.ro\/index.php?rest_route=%2Fwp%2Fv2%2Fcomments&post=19"}],"version-history":[{"count":0,"href":"https:\/\/sites.senat.ro\/index.php?rest_route=\/wp\/v2\/posts\/19\/revisions"}],"wp:attachment":[{"href":"https:\/\/sites.senat.ro\/index.php?rest_route=%2Fwp%2Fv2%2Fmedia&parent=19"}],"wp:term":[{"taxonomy":"category","embeddable":true,"href":"https:\/\/sites.senat.ro\/index.php?rest_route=%2Fwp%2Fv2%2Fcategories&post=19"},{"taxonomy":"post_tag","embeddable":true,"href":"https:\/\/sites.senat.ro\/index.php?rest_route=%2Fwp%2Fv2%2Ftags&post=19"}],"curies":[{"name":"wp","href":"https:\/\/api.w.org\/{rel}","templated":true}]}}