{"id":1868,"date":"2021-12-25T14:53:24","date_gmt":"2021-12-25T14:53:24","guid":{"rendered":"http:\/\/sites.senat.ro\/?p=1868"},"modified":"2022-01-27T11:59:11","modified_gmt":"2022-01-27T11:59:11","slug":"sesiunea-septembrie-decembrie-2021","status":"publish","type":"post","link":"https:\/\/sites.senat.ro\/?p=1868","title":{"rendered":"SESIUNEA SEPTEMBRIE &#8211; DECEMBRIE 2021"},"content":{"rendered":"<p>&nbsp;<\/p>\n<p><img loading=\"lazy\" decoding=\"async\" class=\"size-full wp-image-1873 alignleft\" src=\"https:\/\/sites.senat.ro\/wp-content\/uploads\/sites\/2\/2022\/01\/indonezia.gif\" alt=\"\" width=\"123\" height=\"82\">5 septembrie 2021 &#8211; \u00cent\u00e2lnirea deputatului \u0218tefan Mu\u0219oiu, pre\u0219edintele&nbsp;<strong>Grupului parlamentar de prietenie Rom\u00e2nia &#8211; Republica Indonezia<\/strong>, \u0219i a membrilor Grupului cu&nbsp;delega\u021bia Comitetului pentru cooperare interparlamentar\u0103 din&nbsp;Parlamentul Republicii Indonezia, condus\u0103 de&nbsp;Putu Supadma Rudana, vicepre\u0219edinte al Comitetului<\/p>\n<p>&nbsp;<\/p>\n<p><img loading=\"lazy\" decoding=\"async\" class=\"size-full wp-image-1877 alignleft\" src=\"https:\/\/sites.senat.ro\/wp-content\/uploads\/sites\/2\/2022\/01\/mareabritanie.gif\" alt=\"\" width=\"164\" height=\"82\">6 septembrie 2021 &#8211; \u00centrevederea deputatei Simina-Geanina-Daniela Tulbure, pre\u0219edinta&nbsp;<strong>Grupului parlamentar de prietenie Rom\u00e2nia &#8211; Regatul Unit al Marii Britanii \u0219i Irlandei de Nord<\/strong>, \u0219i a membrilor Grupului cu E.S. Andrew Noble, ambasadorul Marii Britanii la Bucure\u0219ti<\/p>\n<p>&nbsp;<\/p>\n<p>&nbsp;<\/p>\n<p><img loading=\"lazy\" decoding=\"async\" class=\"size-full wp-image-1870 alignleft\" src=\"https:\/\/sites.senat.ro\/wp-content\/uploads\/sites\/2\/2022\/01\/belgia.gif\" alt=\"\" width=\"96\" height=\"82\">13 septembrie 2021 &#8211; \u00cent\u00e2lnirea, \u00een sistem de videoconferin\u021b\u0103, a deputatei Oana-Consuela Florea, pre\u0219edinta&nbsp;<strong>Grupului parlamentar de prietenie Rom\u00e2nia &#8211; Regatul Belgiei<\/strong>, cu Freya Perdaens, pre\u0219edinta Grupului de prietenie omolog<\/p>\n<p>&nbsp;<\/p>\n<p><img loading=\"lazy\" decoding=\"async\" class=\"size-full wp-image-1874 alignleft\" src=\"https:\/\/sites.senat.ro\/wp-content\/uploads\/sites\/2\/2022\/01\/irlanda.gif\" alt=\"\" width=\"164\" height=\"82\">28 septembrie 2021 &#8211; \u00cent\u00e2lnirea deputatului Beniamin Todosiu, pre\u0219edintele <strong>Grupului parlamentar de prietenie Rom\u00e2nia &#8211; Irlanda<\/strong>, \u0219i a membrilor Grupului cu E.S. Paul McGarry, ambasadorul Irlandei la Bucure\u0219ti, \u0219i cu reprezentan\u021bi ai <em>Romania Ireland Business Association<\/em><\/p>\n<p>&nbsp;<\/p>\n<p><img loading=\"lazy\" decoding=\"async\" class=\"size-full wp-image-1876 alignleft\" src=\"https:\/\/sites.senat.ro\/wp-content\/uploads\/sites\/2\/2022\/01\/lituania.gif\" alt=\"\" width=\"120\" height=\"82\">29 septembrie 2021 &#8211; Primirea de c\u0103tre senatorul Ion-Marcel Vela, pre\u0219edintele&nbsp;<strong>Grupului parlamentar de prietenie Rom\u00e2nia &#8211; Republica Lituania<\/strong>, cu E.S. Violeta Motulait\u0117, ambasadorul Republicii Lituania la&nbsp;Bucure\u0219ti<\/p>\n<p>&nbsp;<\/p>\n<p class=\"Style1\" style=\"margin-left: 0cm;text-indent: 0cm\"><span lang=\"RO\"><img loading=\"lazy\" decoding=\"async\" class=\"size-full wp-image-1877 alignleft\" src=\"https:\/\/sites.senat.ro\/wp-content\/uploads\/sites\/2\/2022\/01\/mareabritanie.gif\" alt=\"\" width=\"164\" height=\"82\">6 octombrie 2021 &#8211; \u00cent\u00e2lnirea deputatei&nbsp;<span style=\"background: white\">Simina-Geanina-Daniela Tulbure<\/span>, pre\u0219edinta&nbsp;<strong>Grupului&nbsp; parlamentar de prietenie Rom\u00e2nia &#8211; Regatul&nbsp; Unit al Marii Britanii \u0219i Irlandei de Nord<\/strong><\/span><span lang=\"RO\">, \u0219i a membrilor Grupului cu E.S. Andrew Noble, ambasadorul <\/span><span class=\"spelle\"><span lang=\"RO\" style=\"color: #2a2a2a;background: white\">Regatului<\/span><\/span><span lang=\"RO\" style=\"color: #2a2a2a;background: white\">&nbsp;Unit al&nbsp;<span class=\"spelle\">Marii<\/span>&nbsp;<span class=\"spelle\">Britanii<\/span>&nbsp;<span class=\"spelle\">\u015fi<\/span>&nbsp;<span class=\"spelle\">Irlandei<\/span>&nbsp;de Nord la&nbsp;<span class=\"spelle\">Bucure\u015fti<\/span><\/span><\/p>\n<p>&nbsp;<\/p>\n<p><img loading=\"lazy\" decoding=\"async\" class=\"size-full wp-image-1883 alignleft\" src=\"https:\/\/sites.senat.ro\/wp-content\/uploads\/sites\/2\/2022\/01\/turkmenistan.gif\" alt=\"\" width=\"140\" height=\"91\">13 octombrie 2021 &#8211; \u00cent\u00e2lnirea deputatului Kolcs\u00e1r Anquetil-K\u00e1roly, pre\u0219edintele <strong>Grupului parlamentar de prietenie Rom\u00e2nia &#8211; Turkmenistan<\/strong>, cu E.S. Annamammet Annayev, ambasadorul Turkmenistanului la Bucure\u0219ti<\/p>\n<p>&nbsp;<\/p>\n<p>&nbsp;<\/p>\n<p><img loading=\"lazy\" decoding=\"async\" class=\"size-full wp-image-1877 alignleft\" src=\"https:\/\/sites.senat.ro\/wp-content\/uploads\/sites\/2\/2022\/01\/mareabritanie.gif\" alt=\"\" width=\"164\" height=\"82\">19 octombrie 2021 &#8211; Vizita oficial\u0103 la Londra a deputatei&nbsp; Simina-Geanina-Daniela Tulbure, pre\u0219edinta&nbsp;<strong>Grupului&nbsp; parlamentar de prietenie Rom\u00e2nia &#8211; Regatul&nbsp; Unit al Marii Britanii \u0219i Irlandei de Nord<\/strong>,&nbsp; la invita\u021bia Grupului omolog. Vizita a fost urmat\u0103 de o \u00eentrevedere online (22 octombrie) cu Bob Blackman, pre\u0219edintele Grupului parlamentar multipartit pentru Rom\u00e2nia din parlamentul britanic.<\/p>\n<p>&nbsp;<\/p>\n<p><img loading=\"lazy\" decoding=\"async\" class=\"size-full wp-image-1881 alignleft\" src=\"https:\/\/sites.senat.ro\/wp-content\/uploads\/sites\/2\/2022\/01\/slovenia.gif\" alt=\"\" width=\"164\" height=\"82\">20 octombrie 2021 &#8211; \u00cent\u00e2lnirea deputatului Daniel-Liviu Toda, pre\u0219edintele <strong>Grupului parlamentar de prietenie Rom\u00e2nia &#8211; Republica Slovenia<\/strong>, cu E.S. Lea&nbsp;Stan\u010di\u010d,&nbsp;ambasadorul&nbsp;Republicii&nbsp;Slovenia la&nbsp;Bucure\u0219ti<\/p>\n<p>&nbsp;<\/p>\n<p><img loading=\"lazy\" decoding=\"async\" class=\"size-full wp-image-1872 alignleft\" src=\"https:\/\/sites.senat.ro\/wp-content\/uploads\/sites\/2\/2022\/01\/franta.gif\" alt=\"\" width=\"123\" height=\"82\">21 octombrie 2021 &#8211; \u00centrevederea deputatului Radu Marin Moisin, pre\u015fedintele <strong>Grupului parlamentar de prietenie Rom\u00e2nia &#8211; Republica Francez\u0103 (Adunarea Na\u021bional\u0103)<\/strong>, \u0219i a membrilor Grupului cu delega\u021bia francez\u0103 condus\u0103 de deputatul Andr\u00e9 Chassaigne, pre\u0219edintele Grupului de prietenie&nbsp; Republica Francez\u0103 (Adunarea Na\u021bional\u0103) &#8211; Rom\u00e2nia, membru al Comisiei pentru ap\u0103rare \u0219i for\u021be armate din Adunarea Na\u021bional\u0103, cu ocazia vizitei oficiale efectuat\u0103 \u00een Rom\u00e2nia<\/p>\n<p>&nbsp;<\/p>\n<p><img loading=\"lazy\" decoding=\"async\" class=\"size-full wp-image-1870 alignleft\" src=\"https:\/\/sites.senat.ro\/wp-content\/uploads\/sites\/2\/2022\/01\/belgia.gif\" alt=\"\" width=\"96\" height=\"82\">15 noiembrie 2021 &#8211; \u00cent\u00e2lnirea, \u00een sistem de videoconferin\u021b\u0103, a deputatei Oana-Consuela Florea, pre\u0219edinta&nbsp;<strong>Grupului parlamentar de prietenie Rom\u00e2nia &#8211; Regatul Belgiei<\/strong>, \u0219i a membrilor Grupului cu reprezentan\u021bi ai Grupului omolog<\/p>\n<p>&nbsp;<\/p>\n<p><img loading=\"lazy\" decoding=\"async\" class=\"size-full wp-image-1878 alignleft\" src=\"https:\/\/sites.senat.ro\/wp-content\/uploads\/sites\/2\/2022\/01\/olanda.gif\" alt=\"\" width=\"123\" height=\"82\">22 noiembrie 2021 &#8211; \u00cent\u00e2lnirea deputatului Viorel&nbsp;B\u0103lt\u0103re\u0163u, pre\u0219edintele <strong>Grupului parlamentar de prietenie Rom\u00e2nia &#8211; Regatul \u021a\u0103rilor de Jos<\/strong>, \u0219i a membrilor Grupului cu E.S. Roelof&nbsp;Sandrers&nbsp;van&nbsp;Ees, ambasadorul Regatului \u021a\u0103rilor de Jos la Bucure\u0219ti<\/p>\n<p>&nbsp;<\/p>\n<p><img loading=\"lazy\" decoding=\"async\" class=\"size-full wp-image-1880 alignleft\" src=\"https:\/\/sites.senat.ro\/wp-content\/uploads\/sites\/2\/2022\/01\/peru.gif\" alt=\"\" width=\"123\" height=\"82\">23 noiembrie 2021 &#8211; \u00cent\u00e2lnirea deputatului Daniel-Sorin Gheba, pre\u0219edintele <strong>Grupului parlamentar de prietenie Rom\u00e2nia &#8211; Republica Peru<\/strong>, \u0219i a membrilor Grupului cu E.S. Maria Eugenia Echeverr\u00eda, ambasadorul Republicii Peru la Bucure\u0219ti<\/p>\n<p>&nbsp;<\/p>\n<p><img loading=\"lazy\" decoding=\"async\" class=\"size-full wp-image-1879 alignleft\" src=\"https:\/\/sites.senat.ro\/wp-content\/uploads\/sites\/2\/2022\/01\/pakistan.gif\" alt=\"\" width=\"134\" height=\"82\">13 decembrie 2021 &#8211; \u00cent\u00e2lnirea deputatului Dumitru-Viorel Foc\u0219a, pre\u0219edintele <strong>Grupului parlamentar de prietenie Rom\u00e2nia &#8211; Republica Islamic\u0103 Pakistan<\/strong>, \u0219i a membrilor Grupului cu E.S. Zafar Iqbal, ambasadorul Republicii Islamice Pakistan la Bucure\u0219ti<\/p>\n<p>&nbsp;<\/p>\n<p><img loading=\"lazy\" decoding=\"async\" class=\"size-full wp-image-1882 alignleft\" src=\"https:\/\/sites.senat.ro\/wp-content\/uploads\/sites\/2\/2022\/01\/srilanka.gif\" alt=\"\" width=\"164\" height=\"82\">14 decembrie 2021 &#8211; \u00cent\u00e2lnirea, \u00een sistem de videoconferin\u021b\u0103, a deputatului Adrian Giurgiu, pre\u0219edintele <strong>Grupului parlamentar de prietenie Rom\u00e2nia &#8211; Sri Lanka<\/strong>, \u0219i a membrilor Grupului cu delega\u021bia Grupului de prietenie omolog<\/p>\n<p>&nbsp;<\/p>\n<p><img loading=\"lazy\" decoding=\"async\" class=\"size-full wp-image-1871 alignleft\" src=\"https:\/\/sites.senat.ro\/wp-content\/uploads\/sites\/2\/2022\/01\/finlanda.gif\" alt=\"\" width=\"134\" height=\"82\">15 decembrie 2021 &#8211; \u00cent\u00e2lnirea deputatei Monica-Elena Berescu, pre\u0219edinta&nbsp;<strong>Grupului parlamentar de prietenie Rom\u00e2nia &#8211; Republica Finlanda<\/strong>, \u0219i a membrilor Grupului cu E.S. Marjut Akola, ambasadorul Republicii Finlanda la Bucure\u0219ti<\/p>\n<p>&nbsp;<\/p>\n<p><img loading=\"lazy\" decoding=\"async\" class=\"size-full wp-image-1875 alignleft\" src=\"https:\/\/sites.senat.ro\/wp-content\/uploads\/sites\/2\/2022\/01\/kazahtan.gif\" alt=\"\" width=\"164\" height=\"82\">20 &#8211; 21 decembrie 2021 &#8211; Participarea senatorului Augustin-Cristian \u021a\u00e2g\u00e2rla\u0219 Niculescu, pre\u0219edintele <strong>Grupului parlamentar de prietenie Rom\u00e2nia &#8211; Republica Kazahstan<\/strong>, \u0219i a deputa\u021bilor Christine Thellmann \u0219i Boris Volosat\u00eei, membri ai Grupului, la vizita oficial\u0103 \u00een Republica Kazahstan a delega\u021biei Senatului condus\u0103 de Alina-\u0218tefania Gorghiu, vicepre\u0219edint\u0103 a Senatului. Evenimentul s-a \u00eenscris \u00een contextul anivers\u0103rii a 30 de ani de la proclamarea independen\u021bei de stat a Republicii Kazahstan \u0219i a avut drept obiectiv intensificarea cooper\u0103rii interparlamentare rom\u00e2no &#8211; kazahe \u0219i consolidarea dialogului politic bilateral, \u00een ansamblul s\u0103u.<\/p>\n<p>&nbsp;<\/p>\n","protected":false},"excerpt":{"rendered":"<p>&nbsp; 5 septembrie 2021 &#8211; \u00cent\u00e2lnirea deputatului \u0218tefan Mu\u0219oiu, pre\u0219edintele&nbsp;Grupului parlamentar de prietenie Rom\u00e2nia &#8211; Republica Indonezia, \u0219i a membrilor Grupului cu&nbsp;delega\u021bia Comitetului pentru cooperare interparlamentar\u0103 din&nbsp;Parlamentul Republicii Indonezia, condus\u0103 de&nbsp;Putu Supadma Rudana, vicepre\u0219edinte al Comitetului &nbsp; 6 septembrie 2021 &#8211; \u00centrevederea deputatei Simina-Geanina-Daniela Tulbure, pre\u0219edinta&nbsp;Grupului parlamentar de prietenie Rom\u00e2nia &#8211; Regatul Unit al Marii [&hellip;]<\/p>\n","protected":false},"author":2,"featured_media":0,"comment_status":"closed","ping_status":"open","sticky":false,"template":"","format":"standard","meta":{"ngg_post_thumbnail":0,"footnotes":""},"categories":[8,1],"tags":[],"class_list":["post-1868","post","type-post","status-publish","format-standard","hentry","category-intrevederi","category-prietenie"],"_links":{"self":[{"href":"https:\/\/sites.senat.ro\/index.php?rest_route=\/wp\/v2\/posts\/1868","targetHints":{"allow":["GET"]}}],"collection":[{"href":"https:\/\/sites.senat.ro\/index.php?rest_route=\/wp\/v2\/posts"}],"about":[{"href":"https:\/\/sites.senat.ro\/index.php?rest_route=\/wp\/v2\/types\/post"}],"author":[{"embeddable":true,"href":"https:\/\/sites.senat.ro\/index.php?rest_route=\/wp\/v2\/users\/2"}],"replies":[{"embeddable":true,"href":"https:\/\/sites.senat.ro\/index.php?rest_route=%2Fwp%2Fv2%2Fcomments&post=1868"}],"version-history":[{"count":0,"href":"https:\/\/sites.senat.ro\/index.php?rest_route=\/wp\/v2\/posts\/1868\/revisions"}],"wp:attachment":[{"href":"https:\/\/sites.senat.ro\/index.php?rest_route=%2Fwp%2Fv2%2Fmedia&parent=1868"}],"wp:term":[{"taxonomy":"category","embeddable":true,"href":"https:\/\/sites.senat.ro\/index.php?rest_route=%2Fwp%2Fv2%2Fcategories&post=1868"},{"taxonomy":"post_tag","embeddable":true,"href":"https:\/\/sites.senat.ro\/index.php?rest_route=%2Fwp%2Fv2%2Ftags&post=1868"}],"curies":[{"name":"wp","href":"https:\/\/api.w.org\/{rel}","templated":true}]}}